{"id":478605,"date":"2023-10-09T20:28:24","date_gmt":"2023-10-10T00:28:24","guid":{"rendered":"http:\/\/diariodominicano.com\/?p=478605"},"modified":"2023-10-09T20:29:24","modified_gmt":"2023-10-10T00:29:24","slug":"air-century-anuncia-nuevas-rutas-y-centro-de-conexiones-desde-el-aeropuerto-internacional-de-punta-cana","status":"publish","type":"post","link":"https:\/\/diariodominicano.com\/?p=478605","title":{"rendered":"Air Century anuncia nuevas rutas y centro de conexiones desde el Aeropuerto Internacional de Punta Cana"},"content":{"rendered":"\n<p>Punta Cana, La Altagracia \u2013 En un paso estrat\u00e9gico que fortalecer\u00e1 a\u00fan m\u00e1s su liderazgo en el Caribe, la aerol\u00ednea dominicana Air Century, anuncia la expansi\u00f3n de su red de rutas desde el Aeropuerto Internacional de Punta Cana (PUJ), marcando un hito en la conectividad y el acceso a destinos impresionantes a partir del 15 de diciembre desde este lugar paradis\u00edaco.<br><br>Los destinos que se a\u00f1adir\u00e1n, en una primera etapa, a la red de Air Century desde Punta Cana incluyen Aruba, St. Marteen, La Habana, Cartagena y Curacao. Estas rutas, operadas en modernas aeronaves CRJ200, prometen brindar a los viajeros una experiencia c\u00e1lida y eficiente, resaltando el enfoque de la aerol\u00ednea en ofrecer un servicio de clase mundial.<br><br>El anuncio de estas nuevas rutas desde Punta Cana, junto al ya reconocido HUB del Caribe en el Aeropuerto La Isabela de Santo Domingo, refuerza el compromiso de Air Century de brindar a los miles de turistas que nos visitan de esas islas del Caribe y a los hermanos dominicanos que residen all\u00ed, mejores conexiones y tarifas competitivas que incluyen impuestos y tasas, as\u00ed como un servicio a bordo sin costo adicional. Los l\u00edmites de equipaje permitir\u00e1n a los pasajeros viajar con comodidad, con 23 kg de equipaje en bodega y 8 kg de equipaje de mano.<br><br>\u201cEsta ampliaci\u00f3n de rutas es una muestra de nuestro continuo empe\u00f1o en brindar opciones asequibles a nuestros pasajeros y fortalecer los lazos entre nuestro pa\u00eds y el Caribe. Estamos entusiasmados con la posibilidad de incrementar la conectividad a\u00e9rea y ofrecer una experiencia de viaje inigualable\u201d, coment\u00f3 Felipe Guti\u00e9rrez, director comercial de Air Century <\/p>\n\n\n\n<figure class=\"wp-block-image size-large\"><img loading=\"lazy\" decoding=\"async\" width=\"1024\" height=\"683\" src=\"https:\/\/diariodominicano.com\/wp-content\/uploads\/2023\/10\/Air-Century-anuncia-nuevas-rutas-y-centro-de-conexiones--1024x683.jpeg\" alt=\"\" class=\"wp-image-478616\" srcset=\"https:\/\/diariodominicano.com\/wp-content\/uploads\/2023\/10\/Air-Century-anuncia-nuevas-rutas-y-centro-de-conexiones--1024x683.jpeg 1024w, https:\/\/diariodominicano.com\/wp-content\/uploads\/2023\/10\/Air-Century-anuncia-nuevas-rutas-y-centro-de-conexiones--300x200.jpeg 300w, https:\/\/diariodominicano.com\/wp-content\/uploads\/2023\/10\/Air-Century-anuncia-nuevas-rutas-y-centro-de-conexiones--768x512.jpeg 768w, https:\/\/diariodominicano.com\/wp-content\/uploads\/2023\/10\/Air-Century-anuncia-nuevas-rutas-y-centro-de-conexiones--1536x1024.jpeg 1536w, https:\/\/diariodominicano.com\/wp-content\/uploads\/2023\/10\/Air-Century-anuncia-nuevas-rutas-y-centro-de-conexiones--2048x1366.jpeg 2048w, https:\/\/diariodominicano.com\/wp-content\/uploads\/2023\/10\/Air-Century-anuncia-nuevas-rutas-y-centro-de-conexiones--816x544.jpeg 816w\" sizes=\"auto, (max-width: 1024px) 100vw, 1024px\" \/><\/figure>\n\n\n\n<p><br><br>La aerol\u00ednea prev\u00e9 ampliar sus rutas en el futuro cercano, para que los viajeros disfruten, exploren y conecten, \u201cGracias a nuestras nuevas conexiones, ser\u00e1 m\u00e1s f\u00e1cil a nuestros hermanos residentes en las islas reencontrarse con sus familiares y crear historias emocionantes\u201d, concluy\u00f3.<br><br>Con esta expansi\u00f3n desde Punta Cana, Air Century reafirma su compromiso con el turismo y la conectividad a\u00e9rea del pa\u00eds. Las reservas de vuelos ya est\u00e1n disponibles en la p\u00e1gina web de la aerol\u00ednea.<br><br>\u201cEsta expansi\u00f3n de rutas representa un hito significativo tanto para Air Century como para el Aeropuerto Internacional de Punta Cana (PUJ), y subraya el compromiso de ambas partes en ofrecer a los pasajeros opciones de viaje m\u00e1s amplias y convenientes. Adem\u00e1s, fortalece la posici\u00f3n del aeropuerto como un importante centro de conexiones en la regi\u00f3n del Caribe. Estamos encantados de celebrar esta expansi\u00f3n junto con Air Century. Esta iniciativa no solo aumenta la conectividad en la regi\u00f3n, sino que tambi\u00e9n brinda a los viajeros m\u00e1s opciones para explorar estos emocionantes destinos\u201d, afirm\u00f3 Giovanni Rainieri, director de Operaciones Airside del Aeropuerto Internacional de Punta Cana (PUJ).<br><br>###<br><br>Acerca de Air Century<br><br>Empresa de transporte a\u00e9reo local e internacional fundada en Santo Domingo, Rep\u00fablica Dominicana, en marzo de 1992. Sirve vuelos regulares desde el Aeropuerto Internacional La Isabela a La Habana y Santiago de Cuba, Puerto Pr\u00edncipe, Hait\u00ed, Curazao, Aruba, San Marteen, y charters a todo el mundo. Adem\u00e1s, pr\u00f3ximamente se incluir\u00e1n nuevas rutas desde Punta Cana. Para m\u00e1s informaci\u00f3n sobre la empresa, visite www.aircentury.com<br><br>Sobre el Aeropuerto Internacional de Punta Cana (PUJ)<br><br>Inaugurado en 1983, es el primer aer\u00f3dromo privado de uso comercial internacional en el mundo, el de mayor tr\u00e1fico en la Rep\u00fablica Dominicana y el de mayor conectividad en el Caribe, uniendo 64 ciudades y 26 pa\u00edses de todo el mundo, movilizando ocho millones de pasajeros al a\u00f1o.<br><br>Dispone de dos pistas, 27 puertas de embarque, 30 parqueos de aviones y tres salones VIP. Asimismo, cuenta con su propio Centro de Reciclaje e Incineraci\u00f3n, donde se recicla el 60% por ciento de los residuos que genera.<br><br>El Aeropuerto Internacional de Punta Cana logr\u00f3 el r\u00e9cord de 8 millones en movimiento de pasajeros, convirti\u00e9ndose en el primer aeropuerto del pa\u00eds en alcanzar esta cifra, evidenciando el crecimiento de la industria tur\u00edstica dominicana. https:\/\/www.puntacanainternationalairport.com\/<br><br>Informaci\u00f3n de Contacto<br>Laura Minyetty<br>lminyetty@beltcom<\/p>\n\n\n\n<p>&#8211;Mar\u00eda Alejandra Alc\u00e1ntara<br>Asistente Relaciones P\u00fablicas mariaalejandra@cicom.do<\/p>\n\n\n\n<p>Cel.: 829-506-7878Tel.:809-683-3881 EXT. 236<\/p>\n","protected":false},"excerpt":{"rendered":"<p>Punta Cana, La Altagracia \u2013 En un paso estrat\u00e9gico que fortalecer\u00e1 a\u00fan m\u00e1s su liderazgo en el Caribe, la aerol\u00ednea dominicana Air Century, anuncia la expansi\u00f3n de su red de rutas desde el Aeropuerto Internacional de Punta Cana (PUJ), marcando un hito en la conectividad y el acceso a destinos impresionantes a partir del 15 [&hellip;]<\/p>\n","protected":false},"author":7,"featured_media":478615,"comment_status":"closed","ping_status":"","sticky":true,"template":"","format":"standard","meta":{"footnotes":""},"categories":[27,32],"tags":[],"class_list":["post-478605","post","type-post","status-publish","format-standard","has-post-thumbnail","hentry","category-portada","category-turismo"],"_links":{"self":[{"href":"https:\/\/diariodominicano.com\/index.php?rest_route=\/wp\/v2\/posts\/478605","targetHints":{"allow":["GET"]}}],"collection":[{"href":"https:\/\/diariodominicano.com\/index.php?rest_route=\/wp\/v2\/posts"}],"about":[{"href":"https:\/\/diariodominicano.com\/index.php?rest_route=\/wp\/v2\/types\/post"}],"author":[{"embeddable":true,"href":"https:\/\/diariodominicano.com\/index.php?rest_route=\/wp\/v2\/users\/7"}],"replies":[{"embeddable":true,"href":"https:\/\/diariodominicano.com\/index.php?rest_route=%2Fwp%2Fv2%2Fcomments&post=478605"}],"version-history":[{"count":3,"href":"https:\/\/diariodominicano.com\/index.php?rest_route=\/wp\/v2\/posts\/478605\/revisions"}],"predecessor-version":[{"id":478618,"href":"https:\/\/diariodominicano.com\/index.php?rest_route=\/wp\/v2\/posts\/478605\/revisions\/478618"}],"wp:featuredmedia":[{"embeddable":true,"href":"https:\/\/diariodominicano.com\/index.php?rest_route=\/wp\/v2\/media\/478615"}],"wp:attachment":[{"href":"https:\/\/diariodominicano.com\/index.php?rest_route=%2Fwp%2Fv2%2Fmedia&parent=478605"}],"wp:term":[{"taxonomy":"category","embeddable":true,"href":"https:\/\/diariodominicano.com\/index.php?rest_route=%2Fwp%2Fv2%2Fcategories&post=478605"},{"taxonomy":"post_tag","embeddable":true,"href":"https:\/\/diariodominicano.com\/index.php?rest_route=%2Fwp%2Fv2%2Ftags&post=478605"}],"curies":[{"name":"wp","href":"https:\/\/api.w.org\/{rel}","templated":true}]}}