{"id":478348,"date":"2023-10-09T00:49:04","date_gmt":"2023-10-09T04:49:04","guid":{"rendered":"http:\/\/diariodominicano.com\/?p=478348"},"modified":"2023-10-09T00:58:47","modified_gmt":"2023-10-09T04:58:47","slug":"inauguran-vistosa-y-pomposamente-festival-deportivo-92o-aniversario-santiago-country-club","status":"publish","type":"post","link":"https:\/\/diariodominicano.com\/?p=478348","title":{"rendered":"Inauguran vistosa y pomposamente Festival Deportivo 92\u00ba aniversario Santiago Country Club\u00a0"},"content":{"rendered":"\n<p> <strong>Francisco Rodr\u00edguez, presidente de la Junta Directiva del Santiago Country Club<\/strong> <\/p>\n\n\n\n<figure class=\"wp-block-image size-large\"><img loading=\"lazy\" decoding=\"async\" width=\"1024\" height=\"428\" src=\"https:\/\/diariodominicano.com\/wp-content\/uploads\/2023\/10\/3-Directivos-e-invitados-especiales--1024x428.jpg\" alt=\"\" class=\"wp-image-478351\" srcset=\"https:\/\/diariodominicano.com\/wp-content\/uploads\/2023\/10\/3-Directivos-e-invitados-especiales--1024x428.jpg 1024w, https:\/\/diariodominicano.com\/wp-content\/uploads\/2023\/10\/3-Directivos-e-invitados-especiales--300x125.jpg 300w, https:\/\/diariodominicano.com\/wp-content\/uploads\/2023\/10\/3-Directivos-e-invitados-especiales--768x321.jpg 768w, https:\/\/diariodominicano.com\/wp-content\/uploads\/2023\/10\/3-Directivos-e-invitados-especiales--1536x641.jpg 1536w, https:\/\/diariodominicano.com\/wp-content\/uploads\/2023\/10\/3-Directivos-e-invitados-especiales--2048x855.jpg 2048w, https:\/\/diariodominicano.com\/wp-content\/uploads\/2023\/10\/3-Directivos-e-invitados-especiales--816x341.jpg 816w\" sizes=\"auto, (max-width: 1024px) 100vw, 1024px\" \/><figcaption> <strong>\u00a0Ejecutivos del Santiago Country Club e invitados especiales<\/strong>  <\/figcaption><\/figure>\n\n\n\n<p><\/p>\n\n\n\n<p><strong>SANTIAGO DE LOS CABALLEROS, Santiago, RD, 8 de octubre de 2023.-<\/strong>\u00a0<strong>F<\/strong>ue inaugurado ayer domingo 8 de octubre, vistosa y pomposamente, lleno de colores, alegr\u00eda y armon\u00eda, en su nuevo y moderno estadio para jugar softbol y b\u00e9isbol, el Festival Deportivo\u20192023 dedicado al 92\u00ba aniversario del Santiago Country Club.<\/p>\n\n\n\n<figure class=\"wp-block-image size-large\"><img loading=\"lazy\" decoding=\"async\" width=\"1024\" height=\"645\" src=\"https:\/\/diariodominicano.com\/wp-content\/uploads\/2023\/10\/4-Izamientos-de-Banderas--1024x645.jpg\" alt=\"\" class=\"wp-image-478356\" srcset=\"https:\/\/diariodominicano.com\/wp-content\/uploads\/2023\/10\/4-Izamientos-de-Banderas--1024x645.jpg 1024w, https:\/\/diariodominicano.com\/wp-content\/uploads\/2023\/10\/4-Izamientos-de-Banderas--300x189.jpg 300w, https:\/\/diariodominicano.com\/wp-content\/uploads\/2023\/10\/4-Izamientos-de-Banderas--768x484.jpg 768w, https:\/\/diariodominicano.com\/wp-content\/uploads\/2023\/10\/4-Izamientos-de-Banderas--1536x968.jpg 1536w, https:\/\/diariodominicano.com\/wp-content\/uploads\/2023\/10\/4-Izamientos-de-Banderas--2048x1290.jpg 2048w, https:\/\/diariodominicano.com\/wp-content\/uploads\/2023\/10\/4-Izamientos-de-Banderas--816x514.jpg 816w\" sizes=\"auto, (max-width: 1024px) 100vw, 1024px\" \/><figcaption> <strong>Las se\u00f1oras, Quira Rebecca Minier, representante de ACAP y Priscilla Zacarias, administradora general de los anfitriones, respectivamente, izan las banderas, Dominicana y del Santiago Country Club<\/strong> <\/figcaption><\/figure>\n\n\n\n<p>Auspiciado por la Asociaci\u00f3n Cibao de Ahorros y pr\u00e9stamos (ACAP), el evento que agrupa m\u00e1s de mil atletas en 12 disciplinas, inicio con un desfile desde fuera del mencionado estadio hasta el cuadro interior del mismo, encabezado por&nbsp;el se\u00f1or Francisco Rodr\u00edguez, presidente de la Junta Directiva de los organizadores y Priscilla Zacarias, administradora general.<\/p>\n\n\n\n<figure class=\"wp-block-image size-large\"><img loading=\"lazy\" decoding=\"async\" width=\"626\" height=\"1024\" src=\"https:\/\/diariodominicano.com\/wp-content\/uploads\/2023\/10\/6-Juramento-deportivo-Angel-Infante--626x1024.jpg\" alt=\"\" class=\"wp-image-478358\" srcset=\"https:\/\/diariodominicano.com\/wp-content\/uploads\/2023\/10\/6-Juramento-deportivo-Angel-Infante--626x1024.jpg 626w, https:\/\/diariodominicano.com\/wp-content\/uploads\/2023\/10\/6-Juramento-deportivo-Angel-Infante--183x300.jpg 183w, https:\/\/diariodominicano.com\/wp-content\/uploads\/2023\/10\/6-Juramento-deportivo-Angel-Infante--768x1256.jpg 768w, https:\/\/diariodominicano.com\/wp-content\/uploads\/2023\/10\/6-Juramento-deportivo-Angel-Infante--939x1536.jpg 939w, https:\/\/diariodominicano.com\/wp-content\/uploads\/2023\/10\/6-Juramento-deportivo-Angel-Infante--816x1334.jpg 816w, https:\/\/diariodominicano.com\/wp-content\/uploads\/2023\/10\/6-Juramento-deportivo-Angel-Infante-.jpg 1204w\" sizes=\"auto, (max-width: 626px) 100vw, 626px\" \/><figcaption>Juramento deportivo \u00c1ngel Infante<\/figcaption><\/figure>\n\n\n\n<p>Fueron acompa\u00f1ados por los dem\u00e1s&nbsp;miembros ejecutivos de esa entidad, los invitados especiales y patrocinadores, entre ellos, Quira Rebecca Minier, representante de ACAP; Emmanuel Garc\u00eda Musa, secretario general de la Uni\u00f3n Deportiva de Santiago (UDESA), junto a los 12 presidentes de las asociaciones cuyos deportes participan en el evento, cada uno encabezando su respectiva disciplina, baloncesto, b\u00e9isbol infantil, billar, crosstraining, domin\u00f3, f\u00fatbol, nataci\u00f3n, taekwondo, tenis de cancha, tenis de mesa, softbol y volibol.<\/p>\n\n\n\n<figure class=\"wp-block-image size-large\"><img loading=\"lazy\" decoding=\"async\" width=\"1024\" height=\"506\" src=\"https:\/\/diariodominicano.com\/wp-content\/uploads\/2023\/10\/7-Grupo-de-Zumba--1024x506.jpg\" alt=\"\" class=\"wp-image-478360\" srcset=\"https:\/\/diariodominicano.com\/wp-content\/uploads\/2023\/10\/7-Grupo-de-Zumba--1024x506.jpg 1024w, https:\/\/diariodominicano.com\/wp-content\/uploads\/2023\/10\/7-Grupo-de-Zumba--300x148.jpg 300w, https:\/\/diariodominicano.com\/wp-content\/uploads\/2023\/10\/7-Grupo-de-Zumba--768x379.jpg 768w, https:\/\/diariodominicano.com\/wp-content\/uploads\/2023\/10\/7-Grupo-de-Zumba--1536x759.jpg 1536w, https:\/\/diariodominicano.com\/wp-content\/uploads\/2023\/10\/7-Grupo-de-Zumba--2048x1011.jpg 2048w, https:\/\/diariodominicano.com\/wp-content\/uploads\/2023\/10\/7-Grupo-de-Zumba--816x403.jpg 816w\" sizes=\"auto, (max-width: 1024px) 100vw, 1024px\" \/><figcaption><strong>Grupo de zumba del Santiago Country Club<\/strong><\/figcaption><\/figure>\n\n\n\n<p>Luego de formados en el cuadro interior, lleg\u00f3 el Grupo de zumba del Santiago Country Club, quienes, como opening,&nbsp;bailaron La Cosquillita, de Juan Lu\u00eds Guerra, a seguida fue interpretado el Himno Nacional Dominicano, a cuyo compaz fueron izadas las banderas Dominicana y la del Santiago Country Club, por las se\u00f1oras,&nbsp;Quira Rebecca Minier, representante de ACAP y Priscilla Zacarias, administradora general de los anfitriones.<\/p>\n\n\n\n<p><strong>E<\/strong>l discurso central estuvo a cargo del presidente de la Junta Directiva del Santiago Country Club, se\u00f1or&nbsp;Francisco Rodr\u00edguez, quien, entre otras cosas, destac\u00f3 los logros de la entidad que encabeza, llamando a apoyar a los atletas participantes.<\/p>\n\n\n\n<p>Mientras que el se\u00f1or Emmanuel Garc\u00eda Musa, representante de UDESA, alab\u00f3 la organizaci\u00f3n del evento y consider\u00f3 un hecho importante reunir 12 disciplinas en una sola actividad, elogiando a los organizadores entre otras cosas, el juramento deportivo lo dijo el futbolista del a\u00f1o, \u00c1ngel Infante.<\/p>\n\n\n\n<p>A seguida, comenz\u00f3 la acci\u00f3n en diferentes deportes, en otras \u00e1reas de esa instituci\u00f3n se realiz\u00f3 el programa \u201cCharlas Feria Deportiva\u201d, con los temas: Mindfuitness para deportistas, con la se\u00f1ora Mercedes Carmen Est\u00e9vez; Importancia de un Chequeo M\u00e9dico antes de iniciar a practicar deportes, por la doctora Perla Grull\u00f3n Valerio.<\/p>\n\n\n\n<p>Tambi\u00e9n, Tips para el cuidado del cabello, enfocado en personas que practican deportes, a cargo de la licenciada Nailin Santana,; Vivir Sin Miedo: Manejando la ansiedad d\u00eda a d\u00eda, por la licenciada Candy de Le\u00f3n y El Deporte: Motor de Transformaci\u00f3n Personal, Social y Urbano, por la licenciada B\u00e1rbara Hern\u00e1ndez.<\/p>\n\n\n\n<p>La directora general del evento esMargarita J\u00e1quez, comisionada de deportes de los organizadores, el festival, el cual tendr\u00e1 duraci\u00f3n de un mes, es auspiciado por, Asociaci\u00f3n Cibao de ahorros y Prestamos, patrocinador premium; copatrocinado por, Vitasalud, Peligro Sport, Baldom, La Fabril, Bepensa, Unimag, La Casa Dominicana, Seguros Ademi, entre otros.<\/p>\n\n\n\n<figure class=\"wp-block-video\"><video controls src=\"blob:https:\/\/diariodominicano.com\/46ddadc9-9237-4bd1-9053-e6e0a3b12f29\"><\/video><\/figure>\n\n\n\n<p>Oscar Polanco<a target=\"_blank\" href=\"mailto:oscarpolanco.santiagord@gmail.com\" rel=\"noreferrer noopener\">oscarpolanco.santiagord@gmail.com<\/a><\/p>\n","protected":false},"excerpt":{"rendered":"<p>Francisco Rodr\u00edguez, presidente de la Junta Directiva del Santiago Country Club SANTIAGO DE LOS CABALLEROS, Santiago, RD, 8 de octubre de 2023.-\u00a0Fue inaugurado ayer domingo 8 de octubre, vistosa y pomposamente, lleno de colores, alegr\u00eda y armon\u00eda, en su nuevo y moderno estadio para jugar softbol y b\u00e9isbol, el Festival Deportivo\u20192023 dedicado al 92\u00ba aniversario [&hellip;]<\/p>\n","protected":false},"author":28,"featured_media":478349,"comment_status":"closed","ping_status":"","sticky":true,"template":"","format":"standard","meta":{"footnotes":""},"categories":[17,27,32],"tags":[],"class_list":["post-478348","post","type-post","status-publish","format-standard","has-post-thumbnail","hentry","category-deportes","category-portada","category-turismo"],"_links":{"self":[{"href":"https:\/\/diariodominicano.com\/index.php?rest_route=\/wp\/v2\/posts\/478348","targetHints":{"allow":["GET"]}}],"collection":[{"href":"https:\/\/diariodominicano.com\/index.php?rest_route=\/wp\/v2\/posts"}],"about":[{"href":"https:\/\/diariodominicano.com\/index.php?rest_route=\/wp\/v2\/types\/post"}],"author":[{"embeddable":true,"href":"https:\/\/diariodominicano.com\/index.php?rest_route=\/wp\/v2\/users\/28"}],"replies":[{"embeddable":true,"href":"https:\/\/diariodominicano.com\/index.php?rest_route=%2Fwp%2Fv2%2Fcomments&post=478348"}],"version-history":[{"count":9,"href":"https:\/\/diariodominicano.com\/index.php?rest_route=\/wp\/v2\/posts\/478348\/revisions"}],"predecessor-version":[{"id":478363,"href":"https:\/\/diariodominicano.com\/index.php?rest_route=\/wp\/v2\/posts\/478348\/revisions\/478363"}],"wp:featuredmedia":[{"embeddable":true,"href":"https:\/\/diariodominicano.com\/index.php?rest_route=\/wp\/v2\/media\/478349"}],"wp:attachment":[{"href":"https:\/\/diariodominicano.com\/index.php?rest_route=%2Fwp%2Fv2%2Fmedia&parent=478348"}],"wp:term":[{"taxonomy":"category","embeddable":true,"href":"https:\/\/diariodominicano.com\/index.php?rest_route=%2Fwp%2Fv2%2Fcategories&post=478348"},{"taxonomy":"post_tag","embeddable":true,"href":"https:\/\/diariodominicano.com\/index.php?rest_route=%2Fwp%2Fv2%2Ftags&post=478348"}],"curies":[{"name":"wp","href":"https:\/\/api.w.org\/{rel}","templated":true}]}}