{"id":478284,"date":"2023-10-08T22:54:35","date_gmt":"2023-10-09T02:54:35","guid":{"rendered":"http:\/\/diariodominicano.com\/?p=478284"},"modified":"2023-10-08T22:54:35","modified_gmt":"2023-10-09T02:54:35","slug":"presidente-de-cuba-resalta-vigencia-del-che-guevara","status":"publish","type":"post","link":"https:\/\/diariodominicano.com\/?p=478284","title":{"rendered":"Presidente de Cuba resalta vigencia del Che Guevara"},"content":{"rendered":"\n<p>La Habana, 8 oct (Prensa Latina) El presidente de Cuba, Miguel D\u00edaz-Canel, resalt\u00f3 hoy la vigencia del ejemplo del guerrillero argentino cubano Ernesto Che Guevara, al cumplirse el aniversario 56 de su captura y posterior asesinato en Bolivia.&nbsp;&nbsp;&nbsp;&nbsp;<\/p>\n\n\n\n<ul class=\"wp-block-list\"><li>octubre 8, 2023<\/li><li>CDT08:02 (GMT) -0400<\/li><\/ul>\n\n\n\n<p>En su perfil en la red social X, el mandatario escribi\u00f3: #CheViveEntreNosotros y entre todos los que en el mundo siguen peleando por un mundo mejor posible \u00abHasta la victoria siempre\u00bb.<\/p>\n\n\n\n<p>Tambi\u00e9n en X, D\u00edaz-Canel incluy\u00f3 una frase del l\u00edder hist\u00f3rico de la Revoluci\u00f3n cubana, Fidel Castro, pronunciada en el acto central por el XX Aniversario de la ca\u00edda en combate del comandante Guevara, el 8 de Octubre 1987:<\/p>\n\n\n\n<p>\u00abSi hace falta un paradigma, si hace falta un modelo, si hace falta un ejemplo a imitar para llegar a esos tan elevados objetivos, son imprescindibles hombres como el Che, hombres y mujeres que lo imiten, que sean como \u00e9l, que piensen como \u00e9l\u2026\u201d.<\/p>\n\n\n\n<p>Ernesto Guevara, Che, fue capturado por el ej\u00e9rcito de Bolivia el 8 de octubre de 1967 cuando participaba en la lucha por la liberaci\u00f3n de esa naci\u00f3n suramericana, y asesinado horas despu\u00e9s por \u00f3rdenes de la Agencia Central de Inteligencia y el Gobierno de Estados Unidos.<\/p>\n\n\n\n<p>Pese al prop\u00f3sito de sus verdugos de silenciar su ejemplo, el Che es hoy, junto Fidel Castro, uno de los m\u00e1ximos referentes revolucionarios en Am\u00e9rica Latina, y otras latitudes.<\/p>\n\n\n\n<p>oda\/evm<\/p>\n","protected":false},"excerpt":{"rendered":"<p>La Habana, 8 oct (Prensa Latina) El presidente de Cuba, Miguel D\u00edaz-Canel, resalt\u00f3 hoy la vigencia del ejemplo del guerrillero argentino cubano Ernesto Che Guevara, al cumplirse el aniversario 56 de su captura y posterior asesinato en Bolivia.&nbsp;&nbsp;&nbsp;&nbsp; octubre 8, 2023 CDT08:02 (GMT) -0400 En su perfil en la red social X, el mandatario escribi\u00f3: [&hellip;]<\/p>\n","protected":false},"author":28,"featured_media":478285,"comment_status":"closed","ping_status":"","sticky":false,"template":"","format":"standard","meta":{"footnotes":""},"categories":[26,23],"tags":[],"class_list":["post-478284","post","type-post","status-publish","format-standard","has-post-thumbnail","hentry","category-efemerides","category-internacional"],"_links":{"self":[{"href":"https:\/\/diariodominicano.com\/index.php?rest_route=\/wp\/v2\/posts\/478284","targetHints":{"allow":["GET"]}}],"collection":[{"href":"https:\/\/diariodominicano.com\/index.php?rest_route=\/wp\/v2\/posts"}],"about":[{"href":"https:\/\/diariodominicano.com\/index.php?rest_route=\/wp\/v2\/types\/post"}],"author":[{"embeddable":true,"href":"https:\/\/diariodominicano.com\/index.php?rest_route=\/wp\/v2\/users\/28"}],"replies":[{"embeddable":true,"href":"https:\/\/diariodominicano.com\/index.php?rest_route=%2Fwp%2Fv2%2Fcomments&post=478284"}],"version-history":[{"count":1,"href":"https:\/\/diariodominicano.com\/index.php?rest_route=\/wp\/v2\/posts\/478284\/revisions"}],"predecessor-version":[{"id":478286,"href":"https:\/\/diariodominicano.com\/index.php?rest_route=\/wp\/v2\/posts\/478284\/revisions\/478286"}],"wp:featuredmedia":[{"embeddable":true,"href":"https:\/\/diariodominicano.com\/index.php?rest_route=\/wp\/v2\/media\/478285"}],"wp:attachment":[{"href":"https:\/\/diariodominicano.com\/index.php?rest_route=%2Fwp%2Fv2%2Fmedia&parent=478284"}],"wp:term":[{"taxonomy":"category","embeddable":true,"href":"https:\/\/diariodominicano.com\/index.php?rest_route=%2Fwp%2Fv2%2Fcategories&post=478284"},{"taxonomy":"post_tag","embeddable":true,"href":"https:\/\/diariodominicano.com\/index.php?rest_route=%2Fwp%2Fv2%2Ftags&post=478284"}],"curies":[{"name":"wp","href":"https:\/\/api.w.org\/{rel}","templated":true}]}}