{"id":478084,"date":"2023-10-07T21:50:59","date_gmt":"2023-10-08T01:50:59","guid":{"rendered":"http:\/\/diariodominicano.com\/?p=478084"},"modified":"2023-10-07T22:55:00","modified_gmt":"2023-10-08T02:55:00","slug":"el-oro-es-nuestro","status":"publish","type":"post","link":"https:\/\/diariodominicano.com\/?p=478084","title":{"rendered":"EL ORO ES NUESTRO"},"content":{"rendered":"\n<figure class=\"wp-block-image size-large\"><img loading=\"lazy\" decoding=\"async\" width=\"1024\" height=\"667\" src=\"https:\/\/diariodominicano.com\/wp-content\/uploads\/2023\/10\/image-1024x667.png\" alt=\"\" class=\"wp-image-478115\" srcset=\"https:\/\/diariodominicano.com\/wp-content\/uploads\/2023\/10\/image-1024x667.png 1024w, https:\/\/diariodominicano.com\/wp-content\/uploads\/2023\/10\/image-300x196.png 300w, https:\/\/diariodominicano.com\/wp-content\/uploads\/2023\/10\/image-768x500.png 768w, https:\/\/diariodominicano.com\/wp-content\/uploads\/2023\/10\/image-1536x1001.png 1536w, https:\/\/diariodominicano.com\/wp-content\/uploads\/2023\/10\/image-816x532.png 816w, https:\/\/diariodominicano.com\/wp-content\/uploads\/2023\/10\/image.png 1734w\" sizes=\"auto, (max-width: 1024px) 100vw, 1024px\" \/><\/figure>\n\n\n\n<p>El presidente Antonio Guzm\u00e1n junto a su esposa Ren\u00e9e Klang,  Jos\u00e9 Rodr\u00edguez Soldevila,  general Mario Imbert Macgregor,  Nelson Willian M\u00e9ndez y Lorenzo S\u00e1nchez Baret.<\/p>\n\n\n\n<figure class=\"wp-block-image size-full\"><img loading=\"lazy\" decoding=\"async\" width=\"716\" height=\"477\" src=\"https:\/\/diariodominicano.com\/wp-content\/uploads\/2023\/10\/el-oro-es-nuestro.jpg\" alt=\"\" class=\"wp-image-478089\" srcset=\"https:\/\/diariodominicano.com\/wp-content\/uploads\/2023\/10\/el-oro-es-nuestro.jpg 716w, https:\/\/diariodominicano.com\/wp-content\/uploads\/2023\/10\/el-oro-es-nuestro-300x200.jpg 300w\" sizes=\"auto, (max-width: 716px) 100vw, 716px\" \/><\/figure>\n\n\n\n<p>Por Sebasti\u00e1n del Pilar S\u00e1nchez<\/p>\n\n\n\n<p><em>\u201cSomos ya los due\u00f1os de la mina de Pueblo Viejo, y por tanto, del oro que se extrae de las entra\u00f1as&nbsp;de nuestra tierra<\/em>\u201d, exclam\u00f3 con profunda emoci\u00f3n el presidente Silvestre Antonio Guzm\u00e1n Fern\u00e1ndez<em>&nbsp;la tarde del mi\u00e9rcoles 17 de octubre de 1979, mientras le\u00eda<\/em>&nbsp;su mensaje radiotelevisado para comunicar al pa\u00eds la compra de todas las acciones de la firma \u201cRosario Dominicana\u201d, que encarg\u00f3 ejecutar al Banco Central a un costo de 70 millones de d\u00f3lares.<\/p>\n\n\n\n<p>El mandatario entreg\u00f3 al d\u00eda siguiente un cheque con ese valor a los se\u00f1ores David E. Fag\u00edn,&nbsp;presidente de la multinacional Rosario Resources Corporation&nbsp;y Scott Simplot, vicepresidente ejecutivo de Simplot Industries, quienes instruyeron a sus t\u00e9cnicos a que prestaran su colaboraci\u00f3n a la nueva gerencia en los trabajos de exploraci\u00f3n minera que efectuar\u00edan sin costo adicional hasta el 31 de diciembre para establecer el potencial biotecnol\u00f3gico de los yacimientos de Montenegro y Los Cacaos.<\/p>\n\n\n\n<p>La empresa extranjera se instal\u00f3 en el pa\u00eds en 1967 mediante un contrato de concesi\u00f3n otorgado por el presidente Joaqu\u00edn Balaguer a su representante David Moore,&nbsp;y cinco a\u00f1os despu\u00e9s comenz\u00f3 a operar en las canteras de Pueblo Viejo, Cotu\u00ed, extrayendo de su capa rocosa el dor\u00e9 -mezcla de oro y plata- que comercializaba en los Estados Unidos.<\/p>\n\n\n\n<figure class=\"wp-block-image size-full\"><img loading=\"lazy\" decoding=\"async\" width=\"663\" height=\"352\" src=\"https:\/\/diariodominicano.com\/wp-content\/uploads\/2023\/10\/Rosario-Dominicana.png\" alt=\"\" class=\"wp-image-478095\" srcset=\"https:\/\/diariodominicano.com\/wp-content\/uploads\/2023\/10\/Rosario-Dominicana.png 663w, https:\/\/diariodominicano.com\/wp-content\/uploads\/2023\/10\/Rosario-Dominicana-300x159.png 300w\" sizes=\"auto, (max-width: 663px) 100vw, 663px\" \/><figcaption>Rosario Dominicana<\/figcaption><\/figure>\n\n\n\n<p>La expropiaci\u00f3n de la Rosario form\u00f3 parte de un plan trazado por el gobierno del Partido Revolucionario Dominicano (PRD) para resolver la grave situaci\u00f3n socioecon\u00f3mica que afectaba al pueblo dominicano despu\u00e9s del inclemente castigo propinado el 31 de agosto por el cicl\u00f3n David y cuatro d\u00edas m\u00e1s tarde por la tormenta Federico, cuyos vientos infernales, fuertes lluvias y graves inundaciones causaron m\u00e1s de tres mil muertos y da\u00f1os estimados en 830 millones de d\u00f3lares a la infraestructura b\u00e1sica de servicios p\u00fablicos, a la econom\u00eda agr\u00edcola y la industria nacional.<\/p>\n\n\n\n<figure class=\"wp-block-image size-large\"><img loading=\"lazy\" decoding=\"async\" width=\"805\" height=\"1024\" src=\"https:\/\/diariodominicano.com\/wp-content\/uploads\/2023\/10\/Manuel-Enrique-Tavares-Espaillat-805x1024.jpg\" alt=\"\" class=\"wp-image-478091\" srcset=\"https:\/\/diariodominicano.com\/wp-content\/uploads\/2023\/10\/Manuel-Enrique-Tavares-Espaillat-805x1024.jpg 805w, https:\/\/diariodominicano.com\/wp-content\/uploads\/2023\/10\/Manuel-Enrique-Tavares-Espaillat-236x300.jpg 236w, https:\/\/diariodominicano.com\/wp-content\/uploads\/2023\/10\/Manuel-Enrique-Tavares-Espaillat-768x977.jpg 768w, https:\/\/diariodominicano.com\/wp-content\/uploads\/2023\/10\/Manuel-Enrique-Tavares-Espaillat-1208x1536.jpg 1208w, https:\/\/diariodominicano.com\/wp-content\/uploads\/2023\/10\/Manuel-Enrique-Tavares-Espaillat-1611x2048.jpg 1611w, https:\/\/diariodominicano.com\/wp-content\/uploads\/2023\/10\/Manuel-Enrique-Tavares-Espaillat-816x1038.jpg 816w, https:\/\/diariodominicano.com\/wp-content\/uploads\/2023\/10\/Manuel-Enrique-Tavares-Espaillat-scaled.jpg 2013w\" sizes=\"auto, (max-width: 805px) 100vw, 805px\" \/><figcaption>Manuel Enrique Tavares Espaillat<\/figcaption><\/figure>\n\n\n\n<p>Debido a ese desastre, el presidente Guzm\u00e1n tuvo que modificar las prioridades de su administraci\u00f3n para evitar la escasez de alimentos y las amenazas de hambre y epidemias, poniendo&nbsp;en pr\u00e1ctica el plan de recuperaci\u00f3n nacional que incluy\u00f3 la adquisici\u00f3n inmediata de la Rosario, en una negociaci\u00f3n con sus accionistas efectuada de manera discreta pero efectiva por los ministros Manuel Enrique Tavares Espaillat, de Industria y Comercio y Bol\u00edvar B\u00e1ez Ortiz, de Finanzas, en contacto con el gobernador del Banco Central, licenciado Eduardo Fern\u00e1ndez.<\/p>\n\n\n\n<figure class=\"wp-block-image size-large\"><img loading=\"lazy\" decoding=\"async\" width=\"1024\" height=\"466\" src=\"https:\/\/diariodominicano.com\/wp-content\/uploads\/2023\/10\/Eduardo-Fernandez-gobernador-del-Banco-Central-y-el-ministro-Manuel-Enrique-Tavares-Espaillat-1024x466.jpg\" alt=\"\" class=\"wp-image-478094\" srcset=\"https:\/\/diariodominicano.com\/wp-content\/uploads\/2023\/10\/Eduardo-Fernandez-gobernador-del-Banco-Central-y-el-ministro-Manuel-Enrique-Tavares-Espaillat-1024x466.jpg 1024w, https:\/\/diariodominicano.com\/wp-content\/uploads\/2023\/10\/Eduardo-Fernandez-gobernador-del-Banco-Central-y-el-ministro-Manuel-Enrique-Tavares-Espaillat-300x136.jpg 300w, https:\/\/diariodominicano.com\/wp-content\/uploads\/2023\/10\/Eduardo-Fernandez-gobernador-del-Banco-Central-y-el-ministro-Manuel-Enrique-Tavares-Espaillat-768x349.jpg 768w, https:\/\/diariodominicano.com\/wp-content\/uploads\/2023\/10\/Eduardo-Fernandez-gobernador-del-Banco-Central-y-el-ministro-Manuel-Enrique-Tavares-Espaillat-1536x698.jpg 1536w, https:\/\/diariodominicano.com\/wp-content\/uploads\/2023\/10\/Eduardo-Fernandez-gobernador-del-Banco-Central-y-el-ministro-Manuel-Enrique-Tavares-Espaillat-2048x931.jpg 2048w, https:\/\/diariodominicano.com\/wp-content\/uploads\/2023\/10\/Eduardo-Fernandez-gobernador-del-Banco-Central-y-el-ministro-Manuel-Enrique-Tavares-Espaillat-816x371.jpg 816w\" sizes=\"auto, (max-width: 1024px) 100vw, 1024px\" \/><figcaption>Eduardo Fern\u00e1ndez,  gobernador del Banco Central y el ministro Manuel Enrique Tavares Espaillat, entre otros funcionarios.<\/figcaption><\/figure>\n\n\n\n<p>En su discurso del 17 de octubre el estadista destac\u00f3 que su acci\u00f3n nacionalista estaba enmarcada en la resoluci\u00f3n 1803 de la Asamblea General de las Naciones Unidas, proclamada el 14 de diciembre de 1962, referente a los derechos de cada naci\u00f3n a la soberan\u00eda permanente sobre sus recursos naturales y sentaba \u201c<em>un precedente en la defensa del inter\u00e9s nacional, que enaltece al presidente de la Rep\u00fablica y que demuestra que el PRD es el partido que mejor representa los anhelos del pueblo&nbsp;dominicano<\/em>\u201d.<\/p>\n\n\n\n<p>A\u00f1adi\u00f3 que: \u201c<em>Con este hecho demuestro el estilo y los logros de mi Gobierno, que, sin lesionar a ning\u00fan sector, en un&nbsp;clima de respeto, de armon\u00eda, de paz y de concordia, podemos obtener lo que todos aspi\u00adramos para beneficio de nuestros hijos y de nosotros mismos, y para beneficio de nuestra querida&nbsp;Patria<\/em>\u201d.<\/p>\n\n\n\n<p>El m\u00e9rito de dicha operaci\u00f3n consisti\u00f3 en rescatar un re\u00adcurso natural irremplazable y haber ratificado el respeto a las inversiones extranjeras para evitar repetir los errores en que incurrieron los gobernantes de Jamaica y Guyana de principios de la d\u00e9cada anterior, con el establecimiento de desacertadas pol\u00edticas de nacionalizaciones de la bauxita y otros minerales que originaron continuos reveses econ\u00f3micos.<\/p>\n\n\n\n<figure class=\"wp-block-image size-full\"><img loading=\"lazy\" decoding=\"async\" width=\"843\" height=\"471\" src=\"https:\/\/diariodominicano.com\/wp-content\/uploads\/2023\/10\/Hatuey-00.jpg\" alt=\"\" class=\"wp-image-478102\" srcset=\"https:\/\/diariodominicano.com\/wp-content\/uploads\/2023\/10\/Hatuey-00.jpg 843w, https:\/\/diariodominicano.com\/wp-content\/uploads\/2023\/10\/Hatuey-00-300x168.jpg 300w, https:\/\/diariodominicano.com\/wp-content\/uploads\/2023\/10\/Hatuey-00-768x429.jpg 768w, https:\/\/diariodominicano.com\/wp-content\/uploads\/2023\/10\/Hatuey-00-816x456.jpg 816w\" sizes=\"auto, (max-width: 843px) 100vw, 843px\" \/><figcaption>  Hatuey De Camps Jim\u00e9nez <\/figcaption><\/figure>\n\n\n\n<p><strong>Respaldo a Guzm\u00e1n<\/strong><\/p>\n\n\n\n<p>Las primeras manifestaciones de apoyo al primer mandatario se sintieron en la C\u00e1mara de Diputados la misma tarde de su alocuci\u00f3n desde el Palacio Nacional, cuando puestos de pie y a unanimidad, sus integrantes les tributaron una prolongada ovaci\u00f3n, tras ser enterados por el presidente de ese organismo del Estado, licenciado Hatuey De Camps Jim\u00e9nez, que hab\u00eda rescatado la mina de oro de Pueblo Viejo. Los euf\u00f3ricos congresistas eran representantes del oficialismo y el balaguerismo, as\u00ed como del naciente Movimiento de Acci\u00f3n Socialcristiana (MAS),&nbsp;dirigido por el doctor Guido Emilio&nbsp;D\u2019Alessandro Tav\u00e1rez (Yuyo) y&nbsp;el ingeniero Caonabo Javier Castillo (Ca\u00edto).<\/p>\n\n\n\n<figure class=\"wp-block-image size-large\"><img loading=\"lazy\" decoding=\"async\" width=\"1024\" height=\"851\" src=\"https:\/\/diariodominicano.com\/wp-content\/uploads\/2023\/10\/Guido-D-Alessandro-el-presidente-de-venezuela-Luis-Herrera-Campins-y-Caonabo-Javier-Castillo-1024x851.jpg\" alt=\"\" class=\"wp-image-478105\" srcset=\"https:\/\/diariodominicano.com\/wp-content\/uploads\/2023\/10\/Guido-D-Alessandro-el-presidente-de-venezuela-Luis-Herrera-Campins-y-Caonabo-Javier-Castillo-1024x851.jpg 1024w, https:\/\/diariodominicano.com\/wp-content\/uploads\/2023\/10\/Guido-D-Alessandro-el-presidente-de-venezuela-Luis-Herrera-Campins-y-Caonabo-Javier-Castillo-300x249.jpg 300w, https:\/\/diariodominicano.com\/wp-content\/uploads\/2023\/10\/Guido-D-Alessandro-el-presidente-de-venezuela-Luis-Herrera-Campins-y-Caonabo-Javier-Castillo-768x638.jpg 768w, https:\/\/diariodominicano.com\/wp-content\/uploads\/2023\/10\/Guido-D-Alessandro-el-presidente-de-venezuela-Luis-Herrera-Campins-y-Caonabo-Javier-Castillo-1536x1276.jpg 1536w, https:\/\/diariodominicano.com\/wp-content\/uploads\/2023\/10\/Guido-D-Alessandro-el-presidente-de-venezuela-Luis-Herrera-Campins-y-Caonabo-Javier-Castillo-2048x1701.jpg 2048w, https:\/\/diariodominicano.com\/wp-content\/uploads\/2023\/10\/Guido-D-Alessandro-el-presidente-de-venezuela-Luis-Herrera-Campins-y-Caonabo-Javier-Castillo-816x678.jpg 816w\" sizes=\"auto, (max-width: 1024px) 100vw, 1024px\" \/><figcaption>Guido D Alessandro, el presidente de Venezuela Luis Herrera Campins y Caonabo Javier Castillo<\/figcaption><\/figure>\n\n\n\n<p>A seguidas, el arquitecto Carlos Bartolom\u00e9 Lalane Mart\u00ednez, diputado del partido blanco por la provincia de El Seibo, present\u00f3 una resoluci\u00f3n de felicitaci\u00f3n a don Antonio Guzm\u00e1n por su proceder nacionalista, siendo secundado por su compa\u00f1ero perrede\u00edsta Dem\u00f3stenes -Cucho- F\u00e9liz, de la provincia de Azua, quien pidi\u00f3 declarar ese d\u00eda hist\u00f3rico de regocijo nacional porque era \u201c<em>de gran significaci\u00f3n para la patria, pues el oro dominicano ya es propiedad del Estado y del pueblo dominicanos<\/em>\u201d. Esa moci\u00f3n fue motivada por el doctor Luis Arturo Puig Mess\u00f3n, representante reformista de la provincia S\u00e1nchez Ram\u00edrez, jurisdicci\u00f3n donde se encontraba la mina de Pueblo Viejo.<\/p>\n\n\n\n<figure class=\"wp-block-image size-full\"><img loading=\"lazy\" decoding=\"async\" width=\"500\" height=\"261\" src=\"https:\/\/diariodominicano.com\/wp-content\/uploads\/2023\/10\/PUEBLO-VIEJO.jpg\" alt=\"\" class=\"wp-image-478108\" srcset=\"https:\/\/diariodominicano.com\/wp-content\/uploads\/2023\/10\/PUEBLO-VIEJO.jpg 500w, https:\/\/diariodominicano.com\/wp-content\/uploads\/2023\/10\/PUEBLO-VIEJO-300x157.jpg 300w\" sizes=\"auto, (max-width: 500px) 100vw, 500px\" \/><figcaption>Pueblo Viejo<\/figcaption><\/figure>\n\n\n\n<figure class=\"wp-block-image size-large\"><img loading=\"lazy\" decoding=\"async\" width=\"794\" height=\"1024\" src=\"https:\/\/diariodominicano.com\/wp-content\/uploads\/2023\/10\/LUIS-ARTURO-PUIG-MESSON-794x1024.jpg\" alt=\"\" class=\"wp-image-478107\" srcset=\"https:\/\/diariodominicano.com\/wp-content\/uploads\/2023\/10\/LUIS-ARTURO-PUIG-MESSON-794x1024.jpg 794w, https:\/\/diariodominicano.com\/wp-content\/uploads\/2023\/10\/LUIS-ARTURO-PUIG-MESSON-233x300.jpg 233w, https:\/\/diariodominicano.com\/wp-content\/uploads\/2023\/10\/LUIS-ARTURO-PUIG-MESSON-768x991.jpg 768w, https:\/\/diariodominicano.com\/wp-content\/uploads\/2023\/10\/LUIS-ARTURO-PUIG-MESSON-816x1052.jpg 816w, https:\/\/diariodominicano.com\/wp-content\/uploads\/2023\/10\/LUIS-ARTURO-PUIG-MESSON.jpg 1063w\" sizes=\"auto, (max-width: 794px) 100vw, 794px\" \/><figcaption>Doctor Luis Arturo Puig Mess\u00f3n <\/figcaption><\/figure>\n\n\n\n<p>Un d\u00eda despu\u00e9s, los peri\u00f3dicos List\u00edn Diario y El Nacional subrayaron en sus editoriales la importancia de \u201c<em>la restituci\u00f3n al Estado del usufructo pleno de un preciado bien extinguible<\/em>\u201d que se cotizaba \u201c<em>a fluctuantes precios caros<\/em>\u201d y redundaba en grandes beneficios comerciales que ven\u00edan&nbsp;\u201c<em>a enriquecer en oportun\u00edsima coyuntura el casi exhausto patrimonio del muy maltratado pueblo dominicano<\/em>\u201d.&nbsp;<\/p>\n\n\n\n<p>El List\u00edn Diario se refiri\u00f3 a los precios fant\u00e1sticos del oro en un mundo donde \u201c<em>Se ha planteado, como postulado de econom\u00eda moderna, que el Estado debe poseer absolutamente, y explotar para el beneficio com\u00fan, determinadas riquezas naturales, procesos industriales y servicios de determinada categor\u00eda<\/em>\u201d. Destacando la abundancia de esa&nbsp;riqueza material&nbsp;que asum\u00eda entre nosotros \u201c<em>caracteres de alternativa vital\u201d&nbsp;<\/em>como<em>&nbsp;\u201cgran productora de necesarias divisas para fomentar el desarrollo general de la naci\u00f3n<\/em>\u201d.<\/p>\n\n\n\n<p>El diario matutino salud\u00f3 al presidente Guzm\u00e1n por haber \u201c<em>adoptado una medida de gran importancia econ\u00f3mica, social y pol\u00edtica\u201d&nbsp;<\/em>y por haber satisfecho&nbsp;<em>\u201ca una mayor\u00eda abrumadora de la opini\u00f3n p\u00fablica nacional sin condicionar, en este caso, a ning\u00fan tipo de credo ni bander\u00edas<\/em>\u201d. Seg\u00fan su parecer: \u201c<em>El acuerdo alcanzado representa, finalmente, una demostraci\u00f3n palmaria de cu\u00e1nto puede un gobierno democr\u00e1tico alcanzar en beneficio de su pueblo haciendo ejercicio de las opciones que el mismo sistema le ofrece sin perjuicio de parte alguna<\/em>\u201d.<\/p>\n\n\n\n<p>El Nacional, por su parte, se\u00f1al\u00f3 que: \u201c<em>El r\u00e9gimen que preside don Antonio Guzm\u00e1n colm\u00f3 con este hist\u00f3rico contrato, que rescata de manos for\u00e1neas las fuentes de nuestros \u00e1ureos bienes extractivos, una alta y largamente acariciada aspiraci\u00f3n del pueblo dominicano<\/em>\u201d, dado que la Rosario hab\u00eda ganado mucho dinero con una inversi\u00f3n original que no sobrepasaba los ocho millones y \u201c<em>en menos de un lustro export\u00f3 oro por valor de 258.9 millones de d\u00f3lares y que, en cuatro a\u00f1os, rindieron las acciones de la compa\u00f1\u00eda beneficios netos que ascendieron a 56.7 millones de monedas duras<\/em>\u201d.<\/p>\n\n\n\n<p><strong>Reacciones del Senado y las entidades pol\u00edticas&nbsp;<\/strong><\/p>\n\n\n\n<p>Constituy\u00f3 para muchos una verdadera sorpresa el respaldo entusiasta que recibi\u00f3 el presidente Guzm\u00e1n del Senado de la Rep\u00fablica, dominado por los seguidores del doctor Joaqu\u00edn Balaguer, expresado el 18 de octubre en una resoluci\u00f3n que fue publicada en espacio pagado en los diarios de circulaci\u00f3n nacional, que conten\u00eda inusuales elogios y lo invitaba a&nbsp;\u00ab<em>que contin\u00fae realizando gestiones encaminadas a que el Estado Dominicano adquiera otras empresas que explotan recursos naturales no renovables del&nbsp;pa\u00eds\u00bb<\/em>.<\/p>\n\n\n\n<p>Era su modo de recordar la l\u00ednea pol\u00edtica trazada por su l\u00edder cuando se comprometi\u00f3 p\u00fablicamente a realizar una oposici\u00f3n constructiva o de colaboraci\u00f3n estrecha con el gobierno del PRD, a ra\u00edz del \u201cfallo hist\u00f3rico\u201d que dict\u00f3 el 7 de julio de 1978 la Junta Central Electoral, otorg\u00e1ndole a su partido cuatro senadores y un diputado ganados por sus adversarios.<\/p>\n\n\n\n<p>El viejo caudillo asegur\u00f3 entonces que \u201c<em>el Partido Reformista dar\u00eda su voto a cualquier iniciativa del Partido Revolucionario Dominicano que tienda a producir los cambios fundamentales que el pa\u00eds necesita<\/em>\u201d.&nbsp;Y en este momento, el reformismo manifestaba su regocijo&nbsp;con la com\u00adpra de las acciones de la Rosario Dominicana, diciendo que el gobierno de Guzm\u00e1n \u2018\u2018<em>se hace acreedor al aplauso irrestricto de toda la&nbsp;ciudadan\u00eda<\/em>\u00ab, ya que se trataba de \u201c<em>una medida de car\u00e1cter pa\u00adtri\u00f3tico<\/em>\u201d.<\/p>\n\n\n\n<p>Una reacci\u00f3n totalmente diferente a la de Balaguer y los reformistas fue la del presidente del Partido de la Liberaci\u00f3n Dominicana (PLD), profesor Juan Bosch, quien critic\u00f3 el precio pagado por rescatar dicha mina al considerarlo \u201c<em>muy alto<\/em>\u201d. Sin embargo, el l\u00edder pol\u00edtico reconoci\u00f3 que Guzm\u00e1n hab\u00eda sentado \u201c<em>un precedente mediante el cual queda reconocida la tesis de que las minas o los yacimientos minerales que se encuentran en el pa\u00eds no pueden seguir siendo explotadas por empresas privadas, especialmente extranjeras, sino que deben ser explotadas por el Estado<\/em>\u201d.<\/p>\n\n\n\n<p>Esa postura fue ponderada y explicada poco despu\u00e9s por la direcci\u00f3n de esa organizaci\u00f3n pol\u00edtica en un documento&nbsp;p\u00fablico que analizaba el costo de producci\u00f3n de una onza de oro, significando que 985 onzas diarias al precio que se cotizaba en Nueva York (384.55 d\u00f3lares la onza), equival\u00eda a 138 millones 255 mil d\u00f3lares por a\u00f1o; mientras que por concepto de la producci\u00f3n de plata y mercurio la Rosario ten\u00eda entrada equivalente a 74 mil 500 d\u00f3lares al d\u00eda, es decir, 4 millones 844 mil d\u00f3lares al a\u00f1o.<\/p>\n\n\n\n<p>El alto mando pelede\u00edsta se\u00f1al\u00f3 que \u201c<em>El gobierno compr\u00f3 la mina de Pueblo Viejo, que era suya, sin hacer la menor evaluaci\u00f3n, de manera que desde el punto de vista econ\u00f3mico lo que se hizo no fue un negocio sino una aventura que pudo ser catastr\u00f3fica para el pa\u00eds, y ahora hay que hacer todo lo necesario a fin de que se convierta en un buen negocio para el Estado, y de no ser as\u00ed, con la Rosario Dominicana fracasar\u00eda nada menos que la pol\u00edtica de los recursos naturales no renovables del pa\u00eds<\/em>\u201d.<\/p>\n\n\n\n<figure class=\"wp-block-image size-large\"><img loading=\"lazy\" decoding=\"async\" width=\"1024\" height=\"828\" src=\"https:\/\/diariodominicano.com\/wp-content\/uploads\/2023\/10\/FRANKLIN-FRANCO-GARY-IMBERT-Y-FIDELIO-DESPRADEL-1024x828.jpg\" alt=\"\" class=\"wp-image-478110\" srcset=\"https:\/\/diariodominicano.com\/wp-content\/uploads\/2023\/10\/FRANKLIN-FRANCO-GARY-IMBERT-Y-FIDELIO-DESPRADEL-1024x828.jpg 1024w, https:\/\/diariodominicano.com\/wp-content\/uploads\/2023\/10\/FRANKLIN-FRANCO-GARY-IMBERT-Y-FIDELIO-DESPRADEL-300x243.jpg 300w, https:\/\/diariodominicano.com\/wp-content\/uploads\/2023\/10\/FRANKLIN-FRANCO-GARY-IMBERT-Y-FIDELIO-DESPRADEL-768x621.jpg 768w, https:\/\/diariodominicano.com\/wp-content\/uploads\/2023\/10\/FRANKLIN-FRANCO-GARY-IMBERT-Y-FIDELIO-DESPRADEL-1536x1242.jpg 1536w, https:\/\/diariodominicano.com\/wp-content\/uploads\/2023\/10\/FRANKLIN-FRANCO-GARY-IMBERT-Y-FIDELIO-DESPRADEL-816x660.jpg 816w, https:\/\/diariodominicano.com\/wp-content\/uploads\/2023\/10\/FRANKLIN-FRANCO-GARY-IMBERT-Y-FIDELIO-DESPRADEL.jpg 1622w\" sizes=\"auto, (max-width: 1024px) 100vw, 1024px\" \/><figcaption> Franklin Jos\u00e9 Franco Pichardo,  Gabriel Miguel Imbert Rom\u00e1n (Gary) y Fidelio Despradel Roque <\/figcaption><\/figure>\n\n\n\n<p>En esa misma onda se expres\u00f3 la Uni\u00f3n Patri\u00f3tica Antiimperialista (UPA), una organizaci\u00f3n de avanzada surgida en octubre de 1977 bajo el liderato de los intelectuales marxistas Franklin Jos\u00e9 Franco Pichardo, Roberto Jos\u00e9 Santana S\u00e1nchez, Fidelio Despradel Roque y Gabriel Miguel Imbert Rom\u00e1n (Gary), al considerar&nbsp;que la adquisici\u00f3n de la Rosario era \u201c<em>una medida positiva, pero lamentablemente pagada a un costo sumamente elevado<\/em>\u00ab. A\u00f1adiendo que Guzm\u00e1n, \u201c<em>al discutir el precio a pagar por dicha estatizaci\u00f3n, debi\u00f3 tener en cuenta que esta empresa monopolista ha extra\u00eddo en m\u00e1s de diez veces la suma in\u00advertida originalmente<\/em>\u201d.<\/p>\n\n\n\n<p>Tambi\u00e9n sobresali\u00f3 la opini\u00f3n del Partido Comunista Dominicano (PCD), dirigido por su destacado secretario general Narciso Isa Conde, con una cr\u00edtica severa al costo de la Rosario, aunque salud\u00f3 la compra de sus acciones diciendo que \u201c<em>es un paso de gran significaci\u00f3n para el pa\u00eds, una acci\u00f3n de rescate de un valioso recurso no renovable, un triunfo popular y una victoria de nuestro partido que se ocup\u00f3 desde el primer momento en la cr\u00edtica de esa onerosa entrega v en la defensa del inter\u00e9s nacional<\/em>\u201d.<\/p>\n\n\n\n<p>Seg\u00fan el PCD, \u201c<em>la Rosario y la Simplot invirtieron originalmente 6.4 millones en conjunto y al final entregan sus acciones y cobran beneficios retenidos por 70 millones, sin contar los beneficios declarados y no declarados que ha podido y sacado del pa\u00eds en sus cuatro a\u00f1os de operaciones<\/em>\u201d.<\/p>\n\n\n\n<p>Finalmente, vale apuntar&nbsp;que&nbsp;el secretario general y l\u00edder del PRD, doctor Jos\u00e9 Francisco Pe\u00f1a G\u00f3mez, calific\u00f3 la compra de la Rosario como la \u201c<em>reentrada del Presi\u00addente Guzm\u00e1n en la \u00f3rbita de los principios program\u00e1ticos de su&nbsp;partido<\/em>\u201d, por ser \u201c<em>una medida altamente positiva y adem\u00e1s, que es\u00adtablece un principio general, el de que nunca jam\u00e1s nuestros recursos no renovables ser\u00e1n entregados a empresas extranjeras y de que&nbsp; en&nbsp; lo adelante \u00e9stas s\u00f3lo podr\u00e1n ser favorecidas con contratos de servicio,&nbsp; de&nbsp; tal&nbsp; forma&nbsp; que ser\u00e1n empleadas del Estado&nbsp; y no sus socios ni amos de&nbsp; nuestra&nbsp;riquez<\/em>a\u201d.<\/p>\n\n\n\n<p>Esa valoraci\u00f3n fue compartida por el presidente de esa organizaci\u00f3n pol\u00edtica y&nbsp;senador por el Distrito Nacional, doctor Salvador Jorge Blanco, quien dej\u00f3 a un lado su antigua rivalidad pol\u00edtica con el presidente Guzm\u00e1n para saludar con satisfacci\u00f3n y orgullo su haza\u00f1a patri\u00f3tica. No obstante, el aspirante presidencial seguir\u00eda sin reposo su accionar proselitista de cara a las elecciones de 1982, tratando de ser el siguiente inquilino del Palacio Nacional, asesorado por el licenciado De Camps y con el respaldo del Movimiento de las Bases edificado por su h\u00e1bil director de campa\u00f1a, Jos\u00e9 Ovalle Polanco.<\/p>\n\n\n\n<p>Sin duda la nacionalizaci\u00f3n de la Rosario fue una gran conquista econ\u00f3mica y contribuy\u00f3 a mejorar la relaci\u00f3n entre la direcci\u00f3n del PRD y el Gobierno, pese a la in\u00fatil actividad reeleccionista iniciada a finales de 1978 en la provincia de Santiago por el gobernador civil Octavio Portela y el s\u00edndico municipal V\u00edctor M\u00e9ndez, y en la capital, por el ingeniero Federico Ginebra, que fund\u00f3 el denominado&nbsp;\u201cMovimiento Amigos del Presidente Antonio Guzm\u00e1n (MAPAG)\u201d el 16 de agosto de 1981, en una asamblea efectuada &nbsp;un hotel del Distrito Nacional.<\/p>\n\n\n\n<p>Sebastian del pilar<a target=\"_blank\" href=\"mailto:sebastiandelpilar@gmail.com\" rel=\"noreferrer noopener\">sebastiandelpilar@gmail.com<\/a><\/p>\n","protected":false},"excerpt":{"rendered":"<p>El presidente Antonio Guzm\u00e1n junto a su esposa Ren\u00e9e Klang, Jos\u00e9 Rodr\u00edguez Soldevila, general Mario Imbert Macgregor, Nelson Willian M\u00e9ndez y Lorenzo S\u00e1nchez Baret. Por Sebasti\u00e1n del Pilar S\u00e1nchez \u201cSomos ya los due\u00f1os de la mina de Pueblo Viejo, y por tanto, del oro que se extrae de las entra\u00f1as&nbsp;de nuestra tierra\u201d, exclam\u00f3 con profunda [&hellip;]<\/p>\n","protected":false},"author":28,"featured_media":478085,"comment_status":"closed","ping_status":"","sticky":true,"template":"","format":"standard","meta":{"footnotes":""},"categories":[36,18,26,27],"tags":[],"class_list":["post-478084","post","type-post","status-publish","format-standard","has-post-thumbnail","hentry","category-hombresmujeresycosas","category-economia","category-efemerides","category-portada"],"_links":{"self":[{"href":"https:\/\/diariodominicano.com\/index.php?rest_route=\/wp\/v2\/posts\/478084","targetHints":{"allow":["GET"]}}],"collection":[{"href":"https:\/\/diariodominicano.com\/index.php?rest_route=\/wp\/v2\/posts"}],"about":[{"href":"https:\/\/diariodominicano.com\/index.php?rest_route=\/wp\/v2\/types\/post"}],"author":[{"embeddable":true,"href":"https:\/\/diariodominicano.com\/index.php?rest_route=\/wp\/v2\/users\/28"}],"replies":[{"embeddable":true,"href":"https:\/\/diariodominicano.com\/index.php?rest_route=%2Fwp%2Fv2%2Fcomments&post=478084"}],"version-history":[{"count":13,"href":"https:\/\/diariodominicano.com\/index.php?rest_route=\/wp\/v2\/posts\/478084\/revisions"}],"predecessor-version":[{"id":478116,"href":"https:\/\/diariodominicano.com\/index.php?rest_route=\/wp\/v2\/posts\/478084\/revisions\/478116"}],"wp:featuredmedia":[{"embeddable":true,"href":"https:\/\/diariodominicano.com\/index.php?rest_route=\/wp\/v2\/media\/478085"}],"wp:attachment":[{"href":"https:\/\/diariodominicano.com\/index.php?rest_route=%2Fwp%2Fv2%2Fmedia&parent=478084"}],"wp:term":[{"taxonomy":"category","embeddable":true,"href":"https:\/\/diariodominicano.com\/index.php?rest_route=%2Fwp%2Fv2%2Fcategories&post=478084"},{"taxonomy":"post_tag","embeddable":true,"href":"https:\/\/diariodominicano.com\/index.php?rest_route=%2Fwp%2Fv2%2Ftags&post=478084"}],"curies":[{"name":"wp","href":"https:\/\/api.w.org\/{rel}","templated":true}]}}