{"id":478067,"date":"2023-10-07T21:15:29","date_gmt":"2023-10-08T01:15:29","guid":{"rendered":"http:\/\/diariodominicano.com\/?p=478067"},"modified":"2023-10-07T21:16:36","modified_gmt":"2023-10-08T01:16:36","slug":"crisis-politica-amenaza-sostenibilidad-del-turismo-en-guatemala","status":"publish","type":"post","link":"https:\/\/diariodominicano.com\/?p=478067","title":{"rendered":"Crisis pol\u00edtica amenaza sostenibilidad del turismo en Guatemala"},"content":{"rendered":"\n<p>Archivo:<\/p>\n\n\n\n<p>Ciudad de Guatemala, 7 oct (Prensa Latina) El Instituto Guatemalteco de Turismo (Inguat) expres\u00f3 hoy su preocupaci\u00f3n ante la crisis pol\u00edtica provocada por los bloqueos de v\u00edas contra la Fiscal\u00eda, situaci\u00f3n que amenaza la sostenibilidad de la industria.&nbsp;&nbsp;&nbsp;&nbsp;<\/p>\n\n\n\n<ul class=\"wp-block-list\"><li>octubre 7, 2023<\/li><li>CDT20:56 (GMT) -0400<\/li><\/ul>\n\n\n\n<p>Estas acciones atentan contra la estabilidad del sector, provocando p\u00e9rdidas diarias estimadas de 6,7 millones de quetzales (casi 859 millones de d\u00f3lares), precis\u00f3 la entidad mediante un comunicado.<\/p>\n\n\n\n<p>En el texto el Inguat expres\u00f3 su preocupaci\u00f3n y se solidariz\u00f3 con el sector debido a las limitaciones de la libre locomoci\u00f3n de los ciudadanos guatemaltecos y de los visitantes extranjeros en el pa\u00eds.<\/p>\n\n\n\n<p>Ello \u2013agreg\u00f3- tiene un impacto negativo en la cadena de valor del turismo, principalmente las Mipymes, las cuales representan el 85 por ciento de los prestadores de servicios, acot\u00f3.<\/p>\n\n\n\n<p>La industria sin chimeneas nacional se encuentra en su fase final de recuperaci\u00f3n luego de la crisis por la Covid-19, la cual la paraliz\u00f3 temporalmente y le caus\u00f3 p\u00e9rdidas millonarias, cierre de establecimientos ic\u00f3nicos y reducci\u00f3n extrema de empleo, advirti\u00f3.<\/p>\n\n\n\n<p>El Inguat \u2013remarc\u00f3- es una instituci\u00f3n respetuosa de lo establecido en los art\u00edculos 28 y 33 de la Constituci\u00f3n, \u201cque establecen el derecho de petici\u00f3n y a manifestarse\u201d.<\/p>\n\n\n\n<p>No obstante, consider\u00f3 de igual importancia observar lo instituido en el Art\u00edculo 26 de la carta magna, referido a la libertad de locomoci\u00f3n.<\/p>\n\n\n\n<p>Llam\u00f3 a respetar esto \u00faltimo \u201cdentro de nuestras fronteras, con el fin de evitar efectos que pudieran repercutir en m\u00e1s p\u00e9rdidas econ\u00f3micas y de empleo\u201d.<\/p>\n\n\n\n<p>Adem\u00e1s, afectaciones negativas al desarrollo de la industria tur\u00edstica y a la calidad de vida de los guatemaltecos, plante\u00f3 en el comunicado.<\/p>\n\n\n\n<p>El Inguat estim\u00f3 cerrar el 2023 con 2,3 millones de visitantes extranjeros e ingreso de mil 231 millones de d\u00f3lares, cifra cercana a la lograda en 2019.<\/p>\n\n\n\n<p>Las bellezas de Guatemala atrajeron un mill\u00f3n 844 mil 739 turistas el pasado a\u00f1o, una recuperaci\u00f3n del 72 por ciento tras la pandemia, seg\u00fan datos oficiales.<\/p>\n\n\n\n<p>Al menos 95 puntos permanecen este s\u00e1bado bloqueados en carreteras estrat\u00e9gicas de Guatemala en el sexto d\u00eda de protestas contra el actuar del Ministerio P\u00fablico y por el rescate de la democracia.<\/p>\n\n\n\n<p>La poblaci\u00f3n unida al llamado paro indefinido demanda la renuncia de la fiscal general Consuelo Porras y otros de sus funcionarios, quienes contin\u00faan con investigaciones del proceso electoral y el partido Semilla, ganador de los comicios.<\/p>\n\n\n\n<p>rgh\/znc<\/p>\n","protected":false},"excerpt":{"rendered":"<p>Archivo: Ciudad de Guatemala, 7 oct (Prensa Latina) El Instituto Guatemalteco de Turismo (Inguat) expres\u00f3 hoy su preocupaci\u00f3n ante la crisis pol\u00edtica provocada por los bloqueos de v\u00edas contra la Fiscal\u00eda, situaci\u00f3n que amenaza la sostenibilidad de la industria.&nbsp;&nbsp;&nbsp;&nbsp; octubre 7, 2023 CDT20:56 (GMT) -0400 Estas acciones atentan contra la estabilidad del sector, provocando p\u00e9rdidas [&hellip;]<\/p>\n","protected":false},"author":28,"featured_media":457737,"comment_status":"closed","ping_status":"","sticky":false,"template":"","format":"standard","meta":{"footnotes":""},"categories":[32],"tags":[],"class_list":["post-478067","post","type-post","status-publish","format-standard","has-post-thumbnail","hentry","category-turismo"],"_links":{"self":[{"href":"https:\/\/diariodominicano.com\/index.php?rest_route=\/wp\/v2\/posts\/478067","targetHints":{"allow":["GET"]}}],"collection":[{"href":"https:\/\/diariodominicano.com\/index.php?rest_route=\/wp\/v2\/posts"}],"about":[{"href":"https:\/\/diariodominicano.com\/index.php?rest_route=\/wp\/v2\/types\/post"}],"author":[{"embeddable":true,"href":"https:\/\/diariodominicano.com\/index.php?rest_route=\/wp\/v2\/users\/28"}],"replies":[{"embeddable":true,"href":"https:\/\/diariodominicano.com\/index.php?rest_route=%2Fwp%2Fv2%2Fcomments&post=478067"}],"version-history":[{"count":2,"href":"https:\/\/diariodominicano.com\/index.php?rest_route=\/wp\/v2\/posts\/478067\/revisions"}],"predecessor-version":[{"id":478069,"href":"https:\/\/diariodominicano.com\/index.php?rest_route=\/wp\/v2\/posts\/478067\/revisions\/478069"}],"wp:featuredmedia":[{"embeddable":true,"href":"https:\/\/diariodominicano.com\/index.php?rest_route=\/wp\/v2\/media\/457737"}],"wp:attachment":[{"href":"https:\/\/diariodominicano.com\/index.php?rest_route=%2Fwp%2Fv2%2Fmedia&parent=478067"}],"wp:term":[{"taxonomy":"category","embeddable":true,"href":"https:\/\/diariodominicano.com\/index.php?rest_route=%2Fwp%2Fv2%2Fcategories&post=478067"},{"taxonomy":"post_tag","embeddable":true,"href":"https:\/\/diariodominicano.com\/index.php?rest_route=%2Fwp%2Fv2%2Ftags&post=478067"}],"curies":[{"name":"wp","href":"https:\/\/api.w.org\/{rel}","templated":true}]}}