{"id":477928,"date":"2023-10-06T23:48:36","date_gmt":"2023-10-07T03:48:36","guid":{"rendered":"http:\/\/diariodominicano.com\/?p=477928"},"modified":"2023-10-07T19:30:16","modified_gmt":"2023-10-07T23:30:16","slug":"eugenio-generoso-marchena-vida-y-muerte","status":"publish","type":"post","link":"https:\/\/diariodominicano.com\/?p=477928","title":{"rendered":"Eugenio Generoso Marchena: Vida y Muerte"},"content":{"rendered":"\n<p> <strong>Por Te\u00f3filo Lappot Robles<\/strong> <\/p>\n\n\n\n<p>Las intrigas, los sofocones, la suerte, la desgracia, etc. han formado parte<br>del quehacer de la pol\u00edtica en todos los tiempos, y en cualquier lugar.<br>En nuestro pa\u00eds uno de los casos m\u00e1s dram\u00e1ticos, concatenado con lo<br>anterior, fue el de Eugenio Generoso Marchena, economista de gran calado,<br>acaudalado empresario, pol\u00edtico y militar.<\/p>\n\n\n\n<figure class=\"wp-block-image size-large\"><img loading=\"lazy\" decoding=\"async\" width=\"1024\" height=\"526\" src=\"https:\/\/diariodominicano.com\/wp-content\/uploads\/2021\/10\/Buenaventura-Baez-1024x526.jpg\" alt=\"\" class=\"wp-image-303648\" srcset=\"https:\/\/diariodominicano.com\/wp-content\/uploads\/2021\/10\/Buenaventura-Baez-1024x526.jpg 1024w, https:\/\/diariodominicano.com\/wp-content\/uploads\/2021\/10\/Buenaventura-Baez-300x154.jpg 300w, https:\/\/diariodominicano.com\/wp-content\/uploads\/2021\/10\/Buenaventura-Baez-768x395.jpg 768w, https:\/\/diariodominicano.com\/wp-content\/uploads\/2021\/10\/Buenaventura-Baez-1536x789.jpg 1536w, https:\/\/diariodominicano.com\/wp-content\/uploads\/2021\/10\/Buenaventura-Baez-2048x1052.jpg 2048w, https:\/\/diariodominicano.com\/wp-content\/uploads\/2021\/10\/Buenaventura-Baez-816x419.jpg 816w\" sizes=\"auto, (max-width: 1024px) 100vw, 1024px\" \/><figcaption>Buena ventura B\u00e1ez<\/figcaption><\/figure>\n\n\n\n<p><br>Se movi\u00f3 entre los dos partidos principales que se repartieron el dominio<br>de la pol\u00edtica dominicana en la segunda mitad del siglo XIX.<br>Eugenio Generoso Marchena no se puede disociar de personajes como<br>Ulises Heureaux, Buenaventura B\u00e1ez, Gregorio Luper\u00f3n, Manuel Mar\u00eda<br>Gautier y otros que participaron en jornadas b\u00e9licas y pol\u00edticas de la<br>referida centuria.<br>Era uno de los hombres de mayor patrimonio econ\u00f3mico del pa\u00eds antes de<br>ejercer funciones p\u00fablicas. Seg\u00fan las estad\u00edsticas econ\u00f3micas de las dos<br>\u00faltimas d\u00e9cadas del siglo XIX se le consideraba uno de los mayores<br>exportadores de mieles y az\u00facar del pa\u00eds.<\/p>\n\n\n\n<figure class=\"wp-block-image size-large\"><img loading=\"lazy\" decoding=\"async\" width=\"1024\" height=\"526\" src=\"https:\/\/diariodominicano.com\/wp-content\/uploads\/2021\/10\/Luperon-Despues-De-La-Restauracion-II-Gregorio-Luperon-II-1024x526.jpg\" alt=\"\" class=\"wp-image-302337\" srcset=\"https:\/\/diariodominicano.com\/wp-content\/uploads\/2021\/10\/Luperon-Despues-De-La-Restauracion-II-Gregorio-Luperon-II-1024x526.jpg 1024w, https:\/\/diariodominicano.com\/wp-content\/uploads\/2021\/10\/Luperon-Despues-De-La-Restauracion-II-Gregorio-Luperon-II-300x154.jpg 300w, https:\/\/diariodominicano.com\/wp-content\/uploads\/2021\/10\/Luperon-Despues-De-La-Restauracion-II-Gregorio-Luperon-II-768x395.jpg 768w, https:\/\/diariodominicano.com\/wp-content\/uploads\/2021\/10\/Luperon-Despues-De-La-Restauracion-II-Gregorio-Luperon-II-1536x789.jpg 1536w, https:\/\/diariodominicano.com\/wp-content\/uploads\/2021\/10\/Luperon-Despues-De-La-Restauracion-II-Gregorio-Luperon-II-2048x1052.jpg 2048w, https:\/\/diariodominicano.com\/wp-content\/uploads\/2021\/10\/Luperon-Despues-De-La-Restauracion-II-Gregorio-Luperon-II-816x419.jpg 816w\" sizes=\"auto, (max-width: 1024px) 100vw, 1024px\" \/><figcaption>Gregorio Luper\u00f3n<\/figcaption><\/figure>\n\n\n\n<p><br>Comenz\u00f3 su vida p\u00fablica en el Partido Rojo, cuyo m\u00e1ximo jefe fue el<br>caudillo Buenaventura B\u00e1ez. Luego fue absorbido por el Partido Azul, por<br>conveniencias del general y presidente de la Rep\u00fablica Ulises Heureaux,<br>como parte de sus tejemanejes pol\u00edticos para desplazar a su mentor, el<br>general Gregorio Luper\u00f3n.<br>Los generales Luper\u00f3n y Marchena se ten\u00edan malquerencias mutuas, tal y<br>como se comprueba en los escritos de ambos.<br>Luper\u00f3n, cuando todav\u00eda cre\u00eda que Heureaux era manipulado, escribi\u00f3 esta<br>p\u00e1gina de ingenuidad pol\u00edtica:<br>\u201cAlgunos rojos de fama, como los se\u00f1ores Generoso de Marchena,<br>Wenceslao Figuereo y Manuel Mar\u00eda Gautier, con premeditado plan, se<br>unieron a los azules; estos de muy buena fe los acogieron, llev\u00e1ndolos a los<br>principales puestos\u2026As\u00ed se vio al se\u00f1or Gautier, jefe de un grupo de rojos,<br>instruir a Marchena para que trabajara en la divisi\u00f3n de Heureaux y<br>Luper\u00f3n, y a muchos azules, a los cuales se les infiltraban con estudio de<br>ambici\u00f3n del poder\u2026\u201d<\/p>\n\n\n\n<figure class=\"wp-block-image size-large\"><img loading=\"lazy\" decoding=\"async\" width=\"1024\" height=\"526\" src=\"https:\/\/diariodominicano.com\/wp-content\/uploads\/2021\/04\/Ulises-Heuroaux-1024x526.jpg\" alt=\"\" class=\"wp-image-273835\" srcset=\"https:\/\/diariodominicano.com\/wp-content\/uploads\/2021\/04\/Ulises-Heuroaux-1024x526.jpg 1024w, https:\/\/diariodominicano.com\/wp-content\/uploads\/2021\/04\/Ulises-Heuroaux-300x154.jpg 300w, https:\/\/diariodominicano.com\/wp-content\/uploads\/2021\/04\/Ulises-Heuroaux-768x395.jpg 768w, https:\/\/diariodominicano.com\/wp-content\/uploads\/2021\/04\/Ulises-Heuroaux-1536x789.jpg 1536w, https:\/\/diariodominicano.com\/wp-content\/uploads\/2021\/04\/Ulises-Heuroaux-2048x1052.jpg 2048w, https:\/\/diariodominicano.com\/wp-content\/uploads\/2021\/04\/Ulises-Heuroaux-816x419.jpg 816w\" sizes=\"auto, (max-width: 1024px) 100vw, 1024px\" \/><figcaption>Ulises Heureaux<\/figcaption><\/figure>\n\n\n\n<p><br>Ya desenga\u00f1ado de su antiguo pupilo escribi\u00f3 Luper\u00f3n que fue Marchena<br>quien lo instig\u00f3 para que se volviera el dictador que fue: \u201c \u2026lleg\u00f3 de<br>Europa Don Generoso Marchena a Puerto Plata, y en seguida fue al<br>encuentro del General Heureaux con un proyecto secreto de empr\u00e9stito, y<br>desde luego instig\u00f3 a su protector para que se proclamara dictador.<br>Heureaux, como aventurero y sin principios pol\u00edticos, acept\u00f3 la proposici\u00f3n<br>de su mensajero\u2026\u201d (Notas autobiogr\u00e1ficas y apuntes hist\u00f3ricos. Tomo<br>III.P233.Editora Santo Domingo, 1974.Gregorio Luper\u00f3n).<\/p>\n\n\n\n<p><br>Vale decir que Marchena lleg\u00f3 al Partido Azul (en la etapa en que<br>Heureaux comenzaba a tener el dominio de esa entidad) junto con Manuel<br>Mar\u00eda Gautier, que lleg\u00f3 a ser vicepresidente en el r\u00e9gimen presidido por el<br>despiadado puertoplate\u00f1o, as\u00ed como con el ex presidente Ignacio Mar\u00eda<br>Gonz\u00e1lez, quien le sirvi\u00f3 al tirano como ministro de Relaciones Exteriores.<br>Marchena, que en su \u00e9poca era considerado el mejor economista del pa\u00eds,<br>fue ministro de Hacienda y Comercio en el primer gobierno de Heureaux<br>(1882-1884), el \u00fanico que ejerci\u00f3 con signos de democracia.<br>Ram\u00f3n Marrero Aristy, en uno de sus ensayos sobre historia del pa\u00eds,<br>se\u00f1ala que ese bienio gubernamental \u201cfue favorecido por el aumento de las<br>rentas fiscales\u2026\u201d Est\u00e1 claro que a esa situaci\u00f3n contribuy\u00f3 Eugenio<br>Generoso de Marchena, que hab\u00eda sido \u201cuno de los m\u00e1s h\u00e1biles miembros<br>del desmembrado partido rojo\u2026\u201d<br>Pero al terminar esa primera etapa gubernamental, por manipulaciones<br>pol\u00edtica del presidente Heureaux, en vez de dejar las arcas nacionales con<br>super\u00e1vit lo que encontr\u00f3 el nuevo gobierno fue un d\u00e9ficit superior a los<br>cien mil pesos \u201cde entonces\u201d.<br>Es necesario expresar aqu\u00ed que el 16 de agosto de 1888 Marchena firm\u00f3, en<br>calidad de delegado especial en Europa del gobierno presidido por<br>Heureaux, un contrato por 770,000 libras esterlinas (equivalentes a cinco<br>millones de pesos) con los banqueros de Holanda se\u00f1ores Westendorp y<br>Mathieu.<br>Fue un convenio leonino, y, adem\u00e1s, dicho dinero fue malversado por el<br>r\u00e9gimen de turno. En la pr\u00e1ctica lo que se logr\u00f3 fue acrecentar la miseria<br>del pueblo dominicano, tal y como qued\u00f3 comprobado.<br>Marchena y decenas de dirigentes pol\u00edticos, comerciantes, empresarios y<br>militares de aquella \u00e9poca fueron v\u00edctimas de la mezcla de astucia y<br>maquinaciones de alias Lil\u00eds.<br>Est\u00e1 m\u00e1s que demostrado que ese gobernante se empap\u00f3 bien, para sus<br>propios fines pol\u00edticos, de los consejos dados por Nicol\u00e1s Maquiavelo a<br>Lorenzo de M\u00e9dici, en su cl\u00e1sico manual escrito en el 1513 titulado El<br>Pr\u00edncipe, especialmente cuando le advirti\u00f3 con impudicia al joven<br>florentino que \u201ca los hombres hay que gan\u00e1rselos o destruirlos\u201d.<br>Marchena fue, a la vez, beneficiario y v\u00edctima del astuto Lil\u00eds, que se apoy\u00f3<br>en sus altos conocimientos de finanzas y econom\u00eda.<br>Dicho eso al margen de que era verdad lo que dej\u00f3 escrito sobre \u00e9l el<br>historiador Rufino Mart\u00ednez, en el sentido de que ten\u00eda \u201cun lustre cultural<br>que le daba derecho a moverse en un plano m\u00e1s alto que el de la mayor\u00eda<br>de los otros\u2026quedando calificado entre los hombres de armas, sin serlo<br>m\u00e1s que por disposici\u00f3n o aptitudes, y no por las credenciales adquiridas en<br>el ejercicio de la guerra.\u201d (Diccionario biogr\u00e1fico-hist\u00f3rico. Editora de<br>ColoresP.329. Rufino Mart\u00ednez).<\/p>\n\n\n\n<p><br>En el 1884 y en el 1888 alias Lil\u00eds alent\u00f3 a Marchena para que aspirara a la<br>presidencia de la Rep\u00fablica, pero este declin\u00f3 entendiendo que se trataba<br>en cada caso de una oferta envenenada.<br>Sin embargo, cambi\u00f3 de opini\u00f3n cuando el s\u00e1trapa lo alent\u00f3 en el 1892 para<br>que se postulara al principal cargo de la naci\u00f3n (para cubrir el cuatrienio<br>1883-1897). De nuevo era una a\u00f1agaza pol\u00edtica del h\u00e1bil gobernante.<br>Cuando Marchena present\u00f3 su candidatura presidencial su jefe pol\u00edtico<br>comenz\u00f3 una campa\u00f1a de represi\u00f3n contra sus partidarios.<br>Los abusos que ocurrieron en dichas elecciones fueron se\u00f1alados por el<br>mismo Marchena en una publicaci\u00f3n que hizo el 3 de diciembre de 1892 en<br>el peri\u00f3dico El Eco de la Opini\u00f3n.<br>Luego del fracaso de su candidatura presidencial pretendi\u00f3 exiliarse en<br>Europa, pero cuando el 27 de diciembre de 1892 iba a montarse en un<br>barco con destino inicial a Cuba fue apresado y encerrado en la Torre del<br>Homenaje.<br>En algunas cr\u00f3nicas sobre el anecdotario de Lil\u00eds se indica que \u00e9l se<br>jactaba de decir que ten\u00eda a Marchena \u201cbajo su pie\u201d.<br>Tal vez el principal motivo de la desgracia de Marchena fue m\u00e1s por<br>razones econ\u00f3micas que pol\u00edticas.<br>Comenz\u00f3 cuando el antiguo ministro de Hacienda y Comercio orden\u00f3 que<br>la sucursal en la ciudad de Santo Domingo del banco franc\u00e9s Sociedad de<br>Cr\u00e9dito Inmobiliar (del cual era accionista e inspector) le suspendiera los<br>cr\u00e9ditos al gobierno de Lil\u00eds, por la creciente insolvencia para cumplir sus<br>obligaciones.<br>En su obra Espigas hist\u00f3ricas V\u00edctor Garrido, resumiendo el largo relato<br>que al respecto hizo el historiador Bernardo Pichardo en su manual titulado<br>Resumen de Historia Patria, dice que: \u201cEsta situaci\u00f3n origin\u00f3 fricciones y<br>disgustos entre el General Lil\u00eds y su compadre Generoso que<br>probablemente afectaran la amistad de ambos en momentos en que se<br>acercaban las elecciones de 1892\u201d.<br>La l\u00f3gica lleva a pensar que fue en ese momento cuando se comenz\u00f3 a<br>fraguar en la mente del general Heureaux que Marchena saltara \u201cdel sart\u00e9n<br>al fuego\u201d.<br>Eugenio Generoso Marchena, por \u00f3rdenes de Lil\u00eds, fue fusilado el 22 de<br>diciembre del 1893, en un campo llamado La Clavellina, de Azua. \u00c9l hab\u00eda<br>nacido en esa ciudad el 6 de septiembre de 1842. Como se\u00f1al de<br>culpabilidad por un crimen del cual era inocente fue asesinado en el mismo<br>lugar donde d\u00edas antes hab\u00edan matado al general Joaqu\u00edn Campo, delegado<br>del gobierno en esa zona. Es importante se\u00f1alar que cada vez que Lil\u00eds<br>viajaba por v\u00eda mar\u00edtima hacia una de las ciudades portuarias del pa\u00eds<br>ordenaba que Marchena fuera encadenado en la sentina del barco.<br>Varios historiadores rese\u00f1aron en sus obras el fusilamiento del general<br>Marchena.<\/p>\n\n\n\n<p><br>\u201cHeureaux dilat\u00f3 la suerte final de \u00e9ste (Marchena) hasta cuando el General<br>Joaqu\u00edn Campos, Delegado del gobierno en Azua, hubiese sido muerto en<br>una emboscada por un opositor a la Administraci\u00f3n\u201d. (La Vi\u00f1a de Nabot.<br>Sumner Welles).<br>\u201cDespu\u00e9s de tanto martirio, fue puesto a bordo por \u00faltima vez el 18 de<br>diciembre de 1893 y conducido al puerto de Azua, llev\u00e1ndolo en la<br>madrugada del 22 de diciembre al lugar nombrado La Clavellina donde fue<br>fusilado junto con el joven abogado Carlos B\u00e1ez Figueroa\u201d (Resumen de<br>Historia de Santo Domingo. Tomo III. Manuel Ubaldo G\u00f3mez).<br>El junio de 1900, bajo la presidencia de Juan Isidro Jimenes, los restos<br>mortales de Eugenio Generoso de Marchena fueron enterrados con<br>ceremonia religiosa en la ciudad de Santo Domingo, en la Catedral Primada<br>de Am\u00e9rica, tambi\u00e9n conocida como bas\u00edlica menor Santa Mar\u00eda de la<br>Encarnaci\u00f3n.<\/p>\n\n\n\n<p>teofilo lappot<a rel=\"noreferrer noopener\" target=\"_blank\" href=\"mailto:teofilolappot@gmail.com\">teofilolappot@gmail.com<\/a><\/p>\n","protected":false},"excerpt":{"rendered":"<p>Por Te\u00f3filo Lappot Robles Las intrigas, los sofocones, la suerte, la desgracia, etc. han formado partedel quehacer de la pol\u00edtica en todos los tiempos, y en cualquier lugar.En nuestro pa\u00eds uno de los casos m\u00e1s dram\u00e1ticos, concatenado con loanterior, fue el de Eugenio Generoso Marchena, economista de gran calado,acaudalado empresario, pol\u00edtico y militar. Se movi\u00f3 [&hellip;]<\/p>\n","protected":false},"author":28,"featured_media":478032,"comment_status":"closed","ping_status":"","sticky":true,"template":"","format":"standard","meta":{"footnotes":""},"categories":[21,36,26,27,32],"tags":[],"class_list":["post-477928","post","type-post","status-publish","format-standard","has-post-thumbnail","hentry","category-cultura","category-hombresmujeresycosas","category-efemerides","category-portada","category-turismo"],"_links":{"self":[{"href":"https:\/\/diariodominicano.com\/index.php?rest_route=\/wp\/v2\/posts\/477928","targetHints":{"allow":["GET"]}}],"collection":[{"href":"https:\/\/diariodominicano.com\/index.php?rest_route=\/wp\/v2\/posts"}],"about":[{"href":"https:\/\/diariodominicano.com\/index.php?rest_route=\/wp\/v2\/types\/post"}],"author":[{"embeddable":true,"href":"https:\/\/diariodominicano.com\/index.php?rest_route=\/wp\/v2\/users\/28"}],"replies":[{"embeddable":true,"href":"https:\/\/diariodominicano.com\/index.php?rest_route=%2Fwp%2Fv2%2Fcomments&post=477928"}],"version-history":[{"count":10,"href":"https:\/\/diariodominicano.com\/index.php?rest_route=\/wp\/v2\/posts\/477928\/revisions"}],"predecessor-version":[{"id":478033,"href":"https:\/\/diariodominicano.com\/index.php?rest_route=\/wp\/v2\/posts\/477928\/revisions\/478033"}],"wp:featuredmedia":[{"embeddable":true,"href":"https:\/\/diariodominicano.com\/index.php?rest_route=\/wp\/v2\/media\/478032"}],"wp:attachment":[{"href":"https:\/\/diariodominicano.com\/index.php?rest_route=%2Fwp%2Fv2%2Fmedia&parent=477928"}],"wp:term":[{"taxonomy":"category","embeddable":true,"href":"https:\/\/diariodominicano.com\/index.php?rest_route=%2Fwp%2Fv2%2Fcategories&post=477928"},{"taxonomy":"post_tag","embeddable":true,"href":"https:\/\/diariodominicano.com\/index.php?rest_route=%2Fwp%2Fv2%2Ftags&post=477928"}],"curies":[{"name":"wp","href":"https:\/\/api.w.org\/{rel}","templated":true}]}}