{"id":477881,"date":"2023-10-06T22:35:17","date_gmt":"2023-10-07T02:35:17","guid":{"rendered":"http:\/\/diariodominicano.com\/?p=477881"},"modified":"2023-10-06T22:39:15","modified_gmt":"2023-10-07T02:39:15","slug":"yaque-revelador-documental-que-hay-que-ver-critica-de-cine","status":"publish","type":"post","link":"https:\/\/diariodominicano.com\/?p=477881","title":{"rendered":"Yaque, revelador documental que hay que ver (Cr\u00edtica de cine)"},"content":{"rendered":"\n<p>Yaque deb\u00eda removernos la conciencia sobre presente y futuro de nuestro ambiente.&nbsp; El&nbsp;g\u00e9nero documental, demanda una actitud nueva de quienes aman el buen cine<\/p>\n\n\n\n<figure class=\"wp-block-image size-full\"><img loading=\"lazy\" decoding=\"async\" width=\"712\" height=\"286\" src=\"https:\/\/diariodominicano.com\/wp-content\/uploads\/2023\/10\/Rio-Yaque-a-lo-largo.png\" alt=\"\" class=\"wp-image-477883\" srcset=\"https:\/\/diariodominicano.com\/wp-content\/uploads\/2023\/10\/Rio-Yaque-a-lo-largo.png 712w, https:\/\/diariodominicano.com\/wp-content\/uploads\/2023\/10\/Rio-Yaque-a-lo-largo-300x121.png 300w\" sizes=\"auto, (max-width: 712px) 100vw, 712px\" \/><figcaption>Yaque a lo largo<\/figcaption><\/figure>\n\n\n\n<p>Jos\u00e9 Rafael Sosa<\/p>\n\n\n\n<p>El documental&nbsp;Yaque, que acaba de entrar a cartelera tuvo su estreno en el III Festival Fine&nbsp;Arts&nbsp;Hecho en Casa 2023, siendo parte de una cartelera que no llam\u00f3 mucho la atenci\u00f3n a cin\u00e9filos.<\/p>\n\n\n\n<p>De hecho, lo vi junto a cuatro jurados y siete espectadores m\u00e1s.<\/p>\n\n\n\n<p>Ver Yaque, el documental de Oliver Olivo, es una forma de sentir orgullo de nuestro cine, ratificar el valor de sus im\u00e1genes y levantar conciencia y compromiso por nuestro ambiente.<\/p>\n\n\n\n<p>Pero, \u00bfexiste una relaci\u00f3n entre la calidad taxativa de un proyecto audiovisual con&nbsp;el n\u00famero&nbsp;de personas que opten por pagar para verlo?<\/p>\n\n\n\n<p>No es la primera vez, ni ha de ser la \u00faltima, que un documental ambiental,&nbsp;ejecutado&nbsp;con altos est\u00e1ndares de producci\u00f3n, para contar la vida de quienes conforman el entramado humano, describir belleza y notificarnos la importancia tanto de su conservaci\u00f3n como garant\u00eda de su permanencia.<\/p>\n\n\n\n<p>Ante el&nbsp;<a>g\u00e9nero documental, el dilema siempre es el mismo y ya demanda una actitud nueva por parte de quienes&nbsp;<\/a>piensan&nbsp;y aman el buen cine&nbsp;(el de cualquier pa\u00eds, no solo el de origen nacional): \u00bfVale el perderse un extraordinario trabajo audiovisual realizado durante a\u00f1os, a un costo que superar monetariamente lo invertido, solo porque el g\u00e9nero en lo describa como \u201cdocumental\u201d en lugar de \u201cficci\u00f3n\u201d?<\/p>\n\n\n\n<figure class=\"wp-block-image size-large\"><img loading=\"lazy\" decoding=\"async\" width=\"1024\" height=\"576\" src=\"https:\/\/diariodominicano.com\/wp-content\/uploads\/2023\/10\/Escena-de-rio-Yaque-1024x576.jpg\" alt=\"\" class=\"wp-image-477885\" srcset=\"https:\/\/diariodominicano.com\/wp-content\/uploads\/2023\/10\/Escena-de-rio-Yaque-1024x576.jpg 1024w, https:\/\/diariodominicano.com\/wp-content\/uploads\/2023\/10\/Escena-de-rio-Yaque-300x169.jpg 300w, https:\/\/diariodominicano.com\/wp-content\/uploads\/2023\/10\/Escena-de-rio-Yaque-768x432.jpg 768w, https:\/\/diariodominicano.com\/wp-content\/uploads\/2023\/10\/Escena-de-rio-Yaque-816x459.jpg 816w, https:\/\/diariodominicano.com\/wp-content\/uploads\/2023\/10\/Escena-de-rio-Yaque.jpg 1242w\" sizes=\"auto, (max-width: 1024px) 100vw, 1024px\" \/><figcaption>Escena en R\u00edo Yaque<\/figcaption><\/figure>\n\n\n\n<p>\u00bfC\u00f3mo se produce el enamoramiento tem\u00e1tico para producir un documental, independientemente de lo que, como producto industrial audiovisual, vaya a dejar ganancias en boleter\u00eda?<\/p>\n\n\n\n<figure class=\"wp-block-image size-full\"><img loading=\"lazy\" decoding=\"async\" width=\"706\" height=\"300\" src=\"https:\/\/diariodominicano.com\/wp-content\/uploads\/2023\/10\/Rio-Yaque-aguas-en-paz.png\" alt=\"\" class=\"wp-image-477887\" srcset=\"https:\/\/diariodominicano.com\/wp-content\/uploads\/2023\/10\/Rio-Yaque-aguas-en-paz.png 706w, https:\/\/diariodominicano.com\/wp-content\/uploads\/2023\/10\/Rio-Yaque-aguas-en-paz-300x127.png 300w\" sizes=\"auto, (max-width: 706px) 100vw, 706px\" \/><figcaption> La belleza del Yaque se plasma en una serie de tomas inteligentes y bien ubicadas. <\/figcaption><\/figure>\n\n\n\n<p>Yaque&nbsp;es una de esas realidades f\u00edlmicas que evidencia la fuerza del compromiso social por parte de la industria y en espec\u00edfico de algunos de sus cuadros m\u00e1s preparados y sensibles a la realidad de un mundo que no respeta la garant\u00eda de vida que es&nbsp;un r\u00edo&nbsp;de este nivel.<\/p>\n\n\n\n<p>El proceso de producci\u00f3n tom\u00f3 casi tres&nbsp;a\u00f1os, captando el segundo r\u00edo&nbsp;m\u00e1s&nbsp;largo del pa\u00eds, ubicando a quienes son hoy socios y c\u00f3mplices de esta inmensa corriente de agua.<\/p>\n\n\n\n<p>Este documental convierte al Yaque, en lo que debi\u00f3 haber sido siempre: un protagonista de la vida, tal y como se reconoce tras el rotar de las im\u00e1genes. La percepci\u00f3n el r\u00edo cambia.<\/p>\n\n\n\n<p>Yaque es el documental que deb\u00eda removernos la conciencia en torno al presente y futuro de nuestro ambiente, expresi\u00f3n sistem\u00e1tica que requiere, m\u00e1s que los caprichosos gustos de una clase media que debe revisar sus criterios.<\/p>\n\n\n\n<p>Este tipo de documental, que se hace contraviniendo todos los consejos sensatos que nos llaman a meternos en proyectos \u201cproductivos\u201d de los que tienen el beneficio de agradar a todos a todo en todo momento.<\/p>\n\n\n\n<p>Pero no, este es el tipo de pieza llamada a ser valorada por la conciencia, no por el g\u00e9nero f\u00edlmico o por la carga de im\u00e1genes preconcebidas, marcadas por la ficci\u00f3n, la acci\u00f3n o la violencia.<\/p>\n\n\n\n<p>Este tipo singular de documentales son hu\u00e9rfanos de sed de dinero, pero eso no los hace merecedores por s\u00ed solos de valor y sentido de necesidad.<\/p>\n\n\n\n<figure class=\"wp-block-image size-large\"><img loading=\"lazy\" decoding=\"async\" width=\"692\" height=\"1024\" src=\"https:\/\/diariodominicano.com\/wp-content\/uploads\/2023\/10\/cartel-de-rio-yaque-692x1024.png\" alt=\"\" class=\"wp-image-477888\" srcset=\"https:\/\/diariodominicano.com\/wp-content\/uploads\/2023\/10\/cartel-de-rio-yaque-692x1024.png 692w, https:\/\/diariodominicano.com\/wp-content\/uploads\/2023\/10\/cartel-de-rio-yaque-203x300.png 203w, https:\/\/diariodominicano.com\/wp-content\/uploads\/2023\/10\/cartel-de-rio-yaque-768x1137.png 768w, https:\/\/diariodominicano.com\/wp-content\/uploads\/2023\/10\/cartel-de-rio-yaque-1037x1536.png 1037w, https:\/\/diariodominicano.com\/wp-content\/uploads\/2023\/10\/cartel-de-rio-yaque-816x1208.png 816w, https:\/\/diariodominicano.com\/wp-content\/uploads\/2023\/10\/cartel-de-rio-yaque.png 1242w\" sizes=\"auto, (max-width: 692px) 100vw, 692px\" \/><\/figure>\n\n\n\n<p>Lo que le da un rango especial, es la conexi\u00f3n que logran con el universo humano que le rodea.<\/p>\n\n\n\n<p>Y en ese sentido, Yaque es un \u00e9xito en la medida en que resulta el mosaico compactado de im\u00e1genes impactantes, que necesitaron muchas horas del d\u00eda, el atardecer y casi en la noche, para mucho esperar el momento del tono necesario.<\/p>\n\n\n\n<p><strong>Geograf\u00eda imprescindible<\/strong><\/p>\n\n\n\n<p>Yaque habla de una realidad de pu\u00f1os: siendo el r\u00edo m\u00e1s largo de toda la Rep\u00fablica Dominicana y ocupando el segundo lugar en la isla de Santo Domingo, despu\u00e9s del r\u00edo Artibonito.<\/p>\n\n\n\n<p>Nacido en la Cordillera Central, tiene una altura de unos 2,580 msnm en La Loma La Rusilla y adem\u00e1s tiene una desembocadura en la gran Bah\u00eda de Montecristi, en la parte Noroeste del pa\u00eds. Es la cuenca de agua de mayor tama\u00f1o del pais y la segunda en toda la isla.<\/p>\n\n\n\n<p>El Yaque recorre 16 ciudades, con 14 cuencas y tiene las tres presas m\u00e1s antiguas de todo el Pa\u00eds: Tavera, Bao y Lope Angostura, lo que nos da una idea de las razones de este homenaje cinematogr\u00e1fico.<\/p>\n\n\n\n<p><strong>Elementos t\u00e9cnicos<\/strong><\/p>\n\n\n\n<p>Impresiona la calidad de la fotograf\u00eda de Jaime Guerra, capaz de llenarnos de una belleza, enigm\u00e1ticamente com\u00fan, con la facilidad para enfocar la mirada precisa en el momento del tono lum\u00ednico justo.<\/p>\n\n\n\n<p>La belleza del panorama natural y su entramado en geograf\u00eda humana, ofrece la fuerza de una relaci\u00f3n que es productiva, c\u00f3mplice y solidaria.<\/p>\n\n\n\n<p>Fuente de vida y trabajo, Yaque es un lazo de supervivencia no comprendido a\u00fan.<\/p>\n\n\n\n<p><strong>Documentales ambientales<\/strong><\/p>\n\n\n\n<p>Por suerte, el documental ambiental tiene ra\u00edces firmes en los hacedores de cine local.<\/p>\n\n\n\n<p>Los t\u00edtulos de documentales ambientales m\u00e1s recientes, son todos expresi\u00f3n de ese compromiso: Isla de Pl\u00e1stico (Jos\u00e9 Mar\u00eda Cabral y Nashla Bogaert, 2021), Tumba y quema (Jos\u00e9 Mar\u00eda Cabral, 2021), Cac\u00fa (Marvin del Cid, 2021), El naturalista isle\u00f1o (Eladio Mart\u00ednez,2022), el experimento visual Duquesa, (Jos\u00e9 Mar\u00eda Cabral, 2020). Cabral los ha puesto todos en Youtube, como forma de hacer educaci\u00f3n ambiental.<\/p>\n\n\n\n<p>Yaque, el primer documental del cineasta Oliver Olivo, quien se tom\u00f3 en serio la labor de explorarlo, desde su origen en la cordillera Central, pr\u00f3ximo al Pico Duarte, hasta Monte Cristi, lo que ha logrado tras meses, a\u00f1os de trabajo, de jornadas que se inician de madrugada, con una hoja de ruta exigente para estar a tiempo al momento designado para la pr\u00f3xima toma.<\/p>\n\n\n\n<p>Yaque se percibe como la expresi\u00f3n de una responsabilidad de gente que, sin necesidad de hacer negocios del cine, han entendido que \u00e9ste es una v\u00eda de motivaci\u00f3n y llamado a la acci\u00f3n.<\/p>\n\n\n\n<p>No dejen de ver Yaque.<\/p>\n\n\n\n<p><strong>FICHA TECNICA<\/strong><\/p>\n\n\n\n<p>T\u00edtulo: Yaque<\/p>\n\n\n\n<p>Pa\u00eds: RD<\/p>\n\n\n\n<p>A\u00f1o 2022<\/p>\n\n\n\n<p>Direcci\u00f3n: Oliver Olivo<\/p>\n\n\n\n<p>Productora: Nicole Qui\u00f1ones Butler<\/p>\n\n\n\n<p>Productores ejecutivos: Arturo M. Grull\u00f3n, Manuel Luna, Edwin Pereyra, F\u00e9lix Eduardo Garc\u00eda, Yamil Isa\u00edas, Solly Dur\u00e1n y Alain Mu\u00f1oz<\/p>\n\n\n\n<p>Director de fotograf\u00eda: Jaime Guerra<\/p>\n\n\n\n<p>Productora en l\u00ednea: Leydi Gonz\u00e1lez Beard<\/p>\n\n\n\n<p>Montaje y Edici\u00f3n; Juan Jos\u00e9 Cid<\/p>\n\n\n\n<p>Locaciones: Pablo Cavallo<\/p>\n\n\n\n<p>Sonido directo: \u00c1ngel Alonso Sarmiento<\/p>\n\n\n\n<p>SINOPSIS: La pel\u00edcula cuenta la historia de las personas que viven a lo largo del Yaque del Norte, el r\u00edo m\u00e1s largo e importante de Rep\u00fablica Dominicana, y c\u00f3mo ese flujo de agua juega un papel fundamental en sus vidas. En el documental, un cineasta explora el R\u00edo del Yaque buscando su origen y siguiendo la vida a lo largo del r\u00edo.<\/p>\n\n\n\n<p>Jose Rafael Paula Sosa<a rel=\"noreferrer noopener\" target=\"_blank\" href=\"mailto:joserafael.sosa@gmail.com\">joserafael.sosa@gmail.com<\/a><\/p>\n\n\n\n<p>Pie de foto<\/p>\n\n\n\n<p>Yaque es un documental valioso, hermoso y de convocatoria a un compromiso ambiental. FOTO DE LA PRODUCCI\u00d3N.<\/p>\n\n\n\n<p>La belleza del Yaque se plasma en una serie de tomas inteligentes y bien ubicadas.<\/p>\n","protected":false},"excerpt":{"rendered":"<p>Yaque deb\u00eda removernos la conciencia sobre presente y futuro de nuestro ambiente.&nbsp; El&nbsp;g\u00e9nero documental, demanda una actitud nueva de quienes aman el buen cine Jos\u00e9 Rafael Sosa El documental&nbsp;Yaque, que acaba de entrar a cartelera tuvo su estreno en el III Festival Fine&nbsp;Arts&nbsp;Hecho en Casa 2023, siendo parte de una cartelera que no llam\u00f3 mucho [&hellip;]<\/p>\n","protected":false},"author":28,"featured_media":477882,"comment_status":"closed","ping_status":"","sticky":true,"template":"","format":"standard","meta":{"footnotes":""},"categories":[21,36,27,32],"tags":[],"class_list":["post-477881","post","type-post","status-publish","format-standard","has-post-thumbnail","hentry","category-cultura","category-hombresmujeresycosas","category-portada","category-turismo"],"_links":{"self":[{"href":"https:\/\/diariodominicano.com\/index.php?rest_route=\/wp\/v2\/posts\/477881","targetHints":{"allow":["GET"]}}],"collection":[{"href":"https:\/\/diariodominicano.com\/index.php?rest_route=\/wp\/v2\/posts"}],"about":[{"href":"https:\/\/diariodominicano.com\/index.php?rest_route=\/wp\/v2\/types\/post"}],"author":[{"embeddable":true,"href":"https:\/\/diariodominicano.com\/index.php?rest_route=\/wp\/v2\/users\/28"}],"replies":[{"embeddable":true,"href":"https:\/\/diariodominicano.com\/index.php?rest_route=%2Fwp%2Fv2%2Fcomments&post=477881"}],"version-history":[{"count":4,"href":"https:\/\/diariodominicano.com\/index.php?rest_route=\/wp\/v2\/posts\/477881\/revisions"}],"predecessor-version":[{"id":477890,"href":"https:\/\/diariodominicano.com\/index.php?rest_route=\/wp\/v2\/posts\/477881\/revisions\/477890"}],"wp:featuredmedia":[{"embeddable":true,"href":"https:\/\/diariodominicano.com\/index.php?rest_route=\/wp\/v2\/media\/477882"}],"wp:attachment":[{"href":"https:\/\/diariodominicano.com\/index.php?rest_route=%2Fwp%2Fv2%2Fmedia&parent=477881"}],"wp:term":[{"taxonomy":"category","embeddable":true,"href":"https:\/\/diariodominicano.com\/index.php?rest_route=%2Fwp%2Fv2%2Fcategories&post=477881"},{"taxonomy":"post_tag","embeddable":true,"href":"https:\/\/diariodominicano.com\/index.php?rest_route=%2Fwp%2Fv2%2Ftags&post=477881"}],"curies":[{"name":"wp","href":"https:\/\/api.w.org\/{rel}","templated":true}]}}