{"id":477856,"date":"2023-10-06T19:37:15","date_gmt":"2023-10-06T23:37:15","guid":{"rendered":"http:\/\/diariodominicano.com\/?p=477856"},"modified":"2023-10-06T19:37:15","modified_gmt":"2023-10-06T23:37:15","slug":"cartera-activa-de-banreservas-para-el-turismo-supera-los-rd40000-mm-m","status":"publish","type":"post","link":"https:\/\/diariodominicano.com\/?p=477856","title":{"rendered":"Cartera activa de Banreservas para el turismo supera los RD$40,000 MM m"},"content":{"rendered":"\n<p><em>La entidad informa en Top Resa, Francia, que proyecta financiamientos que superan los US$700 MM<\/em><\/p>\n\n\n\n<p><strong>Par\u00eds.-<\/strong>&nbsp;El Banco de Reservas anunci\u00f3 en la&nbsp; International French Travel Market (IFTM) -Top Resa 2023-, que su cartera&nbsp; activa para el sector turismo super\u00f3 los RD$40,000 millones<\/p>\n\n\n\n<p>Ysidro Garc\u00eda, subadministrador de Negocios de Banreservas, expres\u00f3 en esta ciudad que la banca dominicana ha contribuido de manera firme y sostenida al avance del turismo y en la promoci\u00f3n de Rep\u00fablica Dominicana como destino tur\u00edstico y de inversi\u00f3n.<\/p>\n\n\n\n<p>Resalt\u00f3 que el Banco de Reservas en esta feria tiene el prop\u00f3sito de evaluar y establecer alianzas con empresarios del sector, para invertir recursos destinados a las diferentes zonas del pa\u00eds.<\/p>\n\n\n\n<p>\u201cComo una prueba de la positiva incidencia de nuestro Banco en el respaldo a esta \u00e1rea de la econom\u00eda, debo indicarles que al cierre de agosto 2023 nuestra cartera activa para el sector se elev\u00f3 a m\u00e1s de RD$40,000 millones\u201d, dijo.<\/p>\n\n\n\n<p>Garc\u00eda a\u00f1adi\u00f3 que, adem\u00e1s, este a\u00f1o Banreservas est\u00e1 respaldando otros proyectos por un monto de USD$255.2 millones, que estar\u00e1n generando m\u00e1s de 4,000 empleos directos y 6,000 indirectos, y proyecta financiamientos tur\u00edsticos por un monto que supera los USD$700 millones, que equivalen a una inversi\u00f3n de USD$1,428.76 millones, en m\u00e1s de 11 hoteles, dos actividades tem\u00e1ticas, dos puertos de cruceros y en capital de trabajo.<\/p>\n\n\n\n<p>Ejecutivos de la entidad financiera se reunieron con propietarios de empresas hoteleras, ejecutivos e inversionistas del sector, que acudieron a esta feria, considerada una de las m\u00e1s importantes del \u00e1rea tur\u00edstica.&nbsp;<\/p>\n\n\n\n<p>Representantes de la Direcci\u00f3n de Desarrollo Tur\u00edstico de Banreservas presentaron en este espacio el portafolio de servicios financieros que ofrece el Banco para captar inversi\u00f3n extranjera.&nbsp;<\/p>\n\n\n\n<p><strong>Direcci\u00f3n General de Relaciones P\u00fablicas. Octubre, 2023.<\/strong><\/p>\n","protected":false},"excerpt":{"rendered":"<p>La entidad informa en Top Resa, Francia, que proyecta financiamientos que superan los US$700 MM Par\u00eds.-&nbsp;El Banco de Reservas anunci\u00f3 en la&nbsp; International French Travel Market (IFTM) -Top Resa 2023-, que su cartera&nbsp; activa para el sector turismo super\u00f3 los RD$40,000 millones Ysidro Garc\u00eda, subadministrador de Negocios de Banreservas, expres\u00f3 en esta ciudad que la [&hellip;]<\/p>\n","protected":false},"author":7,"featured_media":477878,"comment_status":"closed","ping_status":"","sticky":true,"template":"","format":"standard","meta":{"footnotes":""},"categories":[18,27,32],"tags":[],"class_list":["post-477856","post","type-post","status-publish","format-standard","has-post-thumbnail","hentry","category-economia","category-portada","category-turismo"],"_links":{"self":[{"href":"https:\/\/diariodominicano.com\/index.php?rest_route=\/wp\/v2\/posts\/477856","targetHints":{"allow":["GET"]}}],"collection":[{"href":"https:\/\/diariodominicano.com\/index.php?rest_route=\/wp\/v2\/posts"}],"about":[{"href":"https:\/\/diariodominicano.com\/index.php?rest_route=\/wp\/v2\/types\/post"}],"author":[{"embeddable":true,"href":"https:\/\/diariodominicano.com\/index.php?rest_route=\/wp\/v2\/users\/7"}],"replies":[{"embeddable":true,"href":"https:\/\/diariodominicano.com\/index.php?rest_route=%2Fwp%2Fv2%2Fcomments&post=477856"}],"version-history":[{"count":1,"href":"https:\/\/diariodominicano.com\/index.php?rest_route=\/wp\/v2\/posts\/477856\/revisions"}],"predecessor-version":[{"id":477879,"href":"https:\/\/diariodominicano.com\/index.php?rest_route=\/wp\/v2\/posts\/477856\/revisions\/477879"}],"wp:featuredmedia":[{"embeddable":true,"href":"https:\/\/diariodominicano.com\/index.php?rest_route=\/wp\/v2\/media\/477878"}],"wp:attachment":[{"href":"https:\/\/diariodominicano.com\/index.php?rest_route=%2Fwp%2Fv2%2Fmedia&parent=477856"}],"wp:term":[{"taxonomy":"category","embeddable":true,"href":"https:\/\/diariodominicano.com\/index.php?rest_route=%2Fwp%2Fv2%2Fcategories&post=477856"},{"taxonomy":"post_tag","embeddable":true,"href":"https:\/\/diariodominicano.com\/index.php?rest_route=%2Fwp%2Fv2%2Ftags&post=477856"}],"curies":[{"name":"wp","href":"https:\/\/api.w.org\/{rel}","templated":true}]}}