{"id":477732,"date":"2023-10-06T08:21:49","date_gmt":"2023-10-06T12:21:49","guid":{"rendered":"http:\/\/diariodominicano.com\/?p=477732"},"modified":"2023-10-06T09:25:49","modified_gmt":"2023-10-06T13:25:49","slug":"almacenes-unidos-inaugura-sucursal-en-punta-cana","status":"publish","type":"post","link":"https:\/\/diariodominicano.com\/?p=477732","title":{"rendered":"Almacenes Unidos Inaugura Sucursal en Punta Cana"},"content":{"rendered":"\n<p> El Presidente de la Republica Dominicana, Luis Abinader Corona, realiza el corte de cinta de la inauguraci\u00f3n de Almacenes Unidos en Punta Cana, les acompa\u00f1an Carlos Bonilla, Isabel Fern\u00e1ndez de&nbsp;Garc\u00eda, Martina&nbsp;<em><strong>Pep\u00e9n<\/strong><\/em>, Jos\u00e9 Luis&nbsp;Garc\u00eda&nbsp;\u00c1lvarez, Ito Bison\u00f3, Juan Jos\u00e9 Fern\u00e1ndez, Florencio&nbsp;Garc\u00eda, Mario&nbsp;Garc\u00eda&nbsp;\u00c1lvarez, Virgilio Cedano y&nbsp;Mar\u00eda&nbsp;Dolores Fern\u00e1ndez de&nbsp;Garc\u00eda <\/p>\n\n\n\n<p> Rafael Reyes Bison\u00f3 <\/p>\n\n\n\n<p>Punta Cana, Rep\u00fablica Dominicana. jueves 05 de Octubre del 2023. En un ambiente festivo y de gran expectaci\u00f3n Almacenes Unidos apertura su nueva tienda. Las Familias Fern\u00e1ndez y Garc\u00eda dieron la bienvenida al acto inaugural a sus invitados, el cual cont\u00f3 con la presencia del Se\u00f1or Presidente Luis Abinader Corona, Ministros de su gabinete, y representantes del Sector Empresarial, Industrial y Econ\u00f3mico del pa\u00eds.<\/p>\n\n\n\n<figure class=\"wp-block-image size-large\"><img loading=\"lazy\" decoding=\"async\" width=\"1024\" height=\"627\" src=\"https:\/\/diariodominicano.com\/wp-content\/uploads\/2023\/10\/Foto-Principal-2-Senor-Presidente-Luis-Abinader-Corona-junto-a-los-altos-directivos-de-Almacenes-Unidos-en-la-inauguracion-sucursal-en-Punta-Cana-les-acompana-los-integrantes-y-d-1024x627.jpg\" alt=\"\" class=\"wp-image-477737\" srcset=\"https:\/\/diariodominicano.com\/wp-content\/uploads\/2023\/10\/Foto-Principal-2-Senor-Presidente-Luis-Abinader-Corona-junto-a-los-altos-directivos-de-Almacenes-Unidos-en-la-inauguracion-sucursal-en-Punta-Cana-les-acompana-los-integrantes-y-d-1024x627.jpg 1024w, https:\/\/diariodominicano.com\/wp-content\/uploads\/2023\/10\/Foto-Principal-2-Senor-Presidente-Luis-Abinader-Corona-junto-a-los-altos-directivos-de-Almacenes-Unidos-en-la-inauguracion-sucursal-en-Punta-Cana-les-acompana-los-integrantes-y-d-300x184.jpg 300w, https:\/\/diariodominicano.com\/wp-content\/uploads\/2023\/10\/Foto-Principal-2-Senor-Presidente-Luis-Abinader-Corona-junto-a-los-altos-directivos-de-Almacenes-Unidos-en-la-inauguracion-sucursal-en-Punta-Cana-les-acompana-los-integrantes-y-d-768x470.jpg 768w, https:\/\/diariodominicano.com\/wp-content\/uploads\/2023\/10\/Foto-Principal-2-Senor-Presidente-Luis-Abinader-Corona-junto-a-los-altos-directivos-de-Almacenes-Unidos-en-la-inauguracion-sucursal-en-Punta-Cana-les-acompana-los-integrantes-y-d-1536x940.jpg 1536w, https:\/\/diariodominicano.com\/wp-content\/uploads\/2023\/10\/Foto-Principal-2-Senor-Presidente-Luis-Abinader-Corona-junto-a-los-altos-directivos-de-Almacenes-Unidos-en-la-inauguracion-sucursal-en-Punta-Cana-les-acompana-los-integrantes-y-d-2048x1253.jpg 2048w, https:\/\/diariodominicano.com\/wp-content\/uploads\/2023\/10\/Foto-Principal-2-Senor-Presidente-Luis-Abinader-Corona-junto-a-los-altos-directivos-de-Almacenes-Unidos-en-la-inauguracion-sucursal-en-Punta-Cana-les-acompana-los-integrantes-y-d-816x499.jpg 816w\" sizes=\"auto, (max-width: 1024px) 100vw, 1024px\" \/><figcaption>El  Presidente Luis Abinader Corona, junto a los altos&nbsp;&nbsp;directivos de Almacenes Unidos en la inauguraci\u00f3n sucursal en Punta Cana, les acompa\u00f1a los integrantes y descendientes de las familias Fern\u00e1ndez y Garc\u00eda.<\/figcaption><\/figure>\n\n\n\n<p>Los ejecutivos manifiestan su emoci\u00f3n al expandir la empresa a la pujante regi\u00f3n del Este. La apertura de esta tienda representa un paso significativo para Unidos, una empresa familiar con la misi\u00f3n de ofrecer una experiencia de compra \u00fanica, de calidad y alta competitividad. Esta nueva sucursal ser\u00e1 un espacio de encuentro, un punto de referencia para la zona, donde las familias podr\u00e1n disfrutar de un d\u00eda de compras, diversi\u00f3n y entretenimiento; con un espacio contempor\u00e1neo y acogedor que refleja la belleza y la vitalidad de su entorno inmediato.<\/p>\n\n\n\n<p>En Unidos Punta Cana encontrar\u00e1n una amplia gama de productos en ferreter\u00eda, construcci\u00f3n, supermercado, electrodom\u00e9sticos y gran variedad de art\u00edculos para el hogar, todo cuidadosamente seleccionado para satisfacer las necesidades y deseos de sus clientes; trabajando marcas reconocidas a nivel nacional e internacional para ofrecerles lo mejor en calidad y estilo.<\/p>\n\n\n\n<figure class=\"wp-block-image size-large\"><img loading=\"lazy\" decoding=\"async\" width=\"1024\" height=\"830\" src=\"https:\/\/diariodominicano.com\/wp-content\/uploads\/2023\/10\/Foto-Principal-3-Mario-Garcia-Alvarez-Maria-Dolores-Fernandez-de-Garcia-Florencio-Garcia-Isabel-Fernandez-de-Garcia-Juan-Jose-Fernandez-y-Clara-Cristoforis-de-Fernandez-1024x830.jpg\" alt=\"\" class=\"wp-image-477740\" srcset=\"https:\/\/diariodominicano.com\/wp-content\/uploads\/2023\/10\/Foto-Principal-3-Mario-Garcia-Alvarez-Maria-Dolores-Fernandez-de-Garcia-Florencio-Garcia-Isabel-Fernandez-de-Garcia-Juan-Jose-Fernandez-y-Clara-Cristoforis-de-Fernandez-1024x830.jpg 1024w, https:\/\/diariodominicano.com\/wp-content\/uploads\/2023\/10\/Foto-Principal-3-Mario-Garcia-Alvarez-Maria-Dolores-Fernandez-de-Garcia-Florencio-Garcia-Isabel-Fernandez-de-Garcia-Juan-Jose-Fernandez-y-Clara-Cristoforis-de-Fernandez-300x243.jpg 300w, https:\/\/diariodominicano.com\/wp-content\/uploads\/2023\/10\/Foto-Principal-3-Mario-Garcia-Alvarez-Maria-Dolores-Fernandez-de-Garcia-Florencio-Garcia-Isabel-Fernandez-de-Garcia-Juan-Jose-Fernandez-y-Clara-Cristoforis-de-Fernandez-768x623.jpg 768w, https:\/\/diariodominicano.com\/wp-content\/uploads\/2023\/10\/Foto-Principal-3-Mario-Garcia-Alvarez-Maria-Dolores-Fernandez-de-Garcia-Florencio-Garcia-Isabel-Fernandez-de-Garcia-Juan-Jose-Fernandez-y-Clara-Cristoforis-de-Fernandez-1536x1246.jpg 1536w, https:\/\/diariodominicano.com\/wp-content\/uploads\/2023\/10\/Foto-Principal-3-Mario-Garcia-Alvarez-Maria-Dolores-Fernandez-de-Garcia-Florencio-Garcia-Isabel-Fernandez-de-Garcia-Juan-Jose-Fernandez-y-Clara-Cristoforis-de-Fernandez-816x662.jpg 816w, https:\/\/diariodominicano.com\/wp-content\/uploads\/2023\/10\/Foto-Principal-3-Mario-Garcia-Alvarez-Maria-Dolores-Fernandez-de-Garcia-Florencio-Garcia-Isabel-Fernandez-de-Garcia-Juan-Jose-Fernandez-y-Clara-Cristoforis-de-Fernandez.jpg 1704w\" sizes=\"auto, (max-width: 1024px) 100vw, 1024px\" \/><figcaption>  Mario Garc\u00eda \u00c1lvarez, Mar\u00eda Dolores Fern\u00e1ndez de Garc\u00eda, Florencio Garc\u00eda, Isabel Fern\u00e1ndez de Garc\u00eda, Juan Jos\u00e9&nbsp;&nbsp;Fern\u00e1ndez y Clara Cristoforis de Fern\u00e1ndez <\/figcaption><\/figure>\n\n\n\n<p>La empresa est\u00e1 comprometida con la sostenibilidad y la responsabilidad social. Por ello implementaron pr\u00e1cticas amigables para el medio ambiente, apoyando iniciativas que promueven el ahorro de consumo energ\u00e9tico. Las instalaciones cuentan con una unidad frigor\u00edfica de gas CO2, el cual es inocuo para la capa de Ozono, y es el primero que se instala en el pa\u00eds. El proyecto tambi\u00e9n contar\u00e1 con celdas fotovoltaicas que generar\u00e1n una gran parte de su consumo energ\u00e9tico, lo que lo constituye como una Edificaci\u00f3n Verde.<\/p>\n\n\n\n<p>Almacenes Unidos fue fundado en el a\u00f1o 1964, especializados en la venta al por mayor de art\u00edculos ferreteros.&nbsp;&nbsp;En el a\u00f1o 2000, con su nueva edificaci\u00f3n Unidos Kennedy se transforma en una tienda por departamentos; posteriormente con la construcci\u00f3n de Unidos Sarasota incorporan a su l\u00ednea un supermercado para ofrecer un abanico m\u00e1s amplio de servicios, a fin de proveer m\u00e1s soluciones al cliente. Unidos es una empresa con una larga historia basada en la buena pr\u00e1ctica y el esfuerzo, comprometidos con la excelencia, por ello cuenta con un equipo de colaboradores especializados, que trabajan intensamente para brindarle la mejor experiencia a sus consumidores.&nbsp;&nbsp;&nbsp;&nbsp;<\/p>\n\n\n\n<p>Por raz\u00f3n de la inauguraci\u00f3n de su nueva sucursal, Unidos estar\u00e1 ofreciendo descuentos especiales y grandes promociones, aprovechando a su vez, el lanzamiento de la temporada Navide\u00f1a, para que los clientes disfruten al m\u00e1ximo de su visita en todas sus tiendas.<\/p>\n\n\n\n<p>rafael reyes<a target=\"_blank\" href=\"mailto:rafaelreyesbisono@hotmail.com\" rel=\"noreferrer noopener\">rafaelreyesbisono@hotmail.com<\/a><\/p>\n","protected":false},"excerpt":{"rendered":"<p>El Presidente de la Republica Dominicana, Luis Abinader Corona, realiza el corte de cinta de la inauguraci\u00f3n de Almacenes Unidos en Punta Cana, les acompa\u00f1an Carlos Bonilla, Isabel Fern\u00e1ndez de&nbsp;Garc\u00eda, Martina&nbsp;Pep\u00e9n, Jos\u00e9 Luis&nbsp;Garc\u00eda&nbsp;\u00c1lvarez, Ito Bison\u00f3, Juan Jos\u00e9 Fern\u00e1ndez, Florencio&nbsp;Garc\u00eda, Mario&nbsp;Garc\u00eda&nbsp;\u00c1lvarez, Virgilio Cedano y&nbsp;Mar\u00eda&nbsp;Dolores Fern\u00e1ndez de&nbsp;Garc\u00eda Rafael Reyes Bison\u00f3 Punta Cana, Rep\u00fablica Dominicana. jueves 05 de [&hellip;]<\/p>\n","protected":false},"author":28,"featured_media":477735,"comment_status":"closed","ping_status":"","sticky":true,"template":"","format":"standard","meta":{"footnotes":""},"categories":[36,18,27,32],"tags":[],"class_list":["post-477732","post","type-post","status-publish","format-standard","has-post-thumbnail","hentry","category-hombresmujeresycosas","category-economia","category-portada","category-turismo"],"_links":{"self":[{"href":"https:\/\/diariodominicano.com\/index.php?rest_route=\/wp\/v2\/posts\/477732","targetHints":{"allow":["GET"]}}],"collection":[{"href":"https:\/\/diariodominicano.com\/index.php?rest_route=\/wp\/v2\/posts"}],"about":[{"href":"https:\/\/diariodominicano.com\/index.php?rest_route=\/wp\/v2\/types\/post"}],"author":[{"embeddable":true,"href":"https:\/\/diariodominicano.com\/index.php?rest_route=\/wp\/v2\/users\/28"}],"replies":[{"embeddable":true,"href":"https:\/\/diariodominicano.com\/index.php?rest_route=%2Fwp%2Fv2%2Fcomments&post=477732"}],"version-history":[{"count":6,"href":"https:\/\/diariodominicano.com\/index.php?rest_route=\/wp\/v2\/posts\/477732\/revisions"}],"predecessor-version":[{"id":477798,"href":"https:\/\/diariodominicano.com\/index.php?rest_route=\/wp\/v2\/posts\/477732\/revisions\/477798"}],"wp:featuredmedia":[{"embeddable":true,"href":"https:\/\/diariodominicano.com\/index.php?rest_route=\/wp\/v2\/media\/477735"}],"wp:attachment":[{"href":"https:\/\/diariodominicano.com\/index.php?rest_route=%2Fwp%2Fv2%2Fmedia&parent=477732"}],"wp:term":[{"taxonomy":"category","embeddable":true,"href":"https:\/\/diariodominicano.com\/index.php?rest_route=%2Fwp%2Fv2%2Fcategories&post=477732"},{"taxonomy":"post_tag","embeddable":true,"href":"https:\/\/diariodominicano.com\/index.php?rest_route=%2Fwp%2Fv2%2Ftags&post=477732"}],"curies":[{"name":"wp","href":"https:\/\/api.w.org\/{rel}","templated":true}]}}