{"id":477729,"date":"2023-10-06T08:15:25","date_gmt":"2023-10-06T12:15:25","guid":{"rendered":"http:\/\/diariodominicano.com\/?p=477729"},"modified":"2023-10-06T09:26:27","modified_gmt":"2023-10-06T13:26:27","slug":"cortes-hermanos-celebra-el-dia-del-cacao-con-el-sector-cacaotero-instituciones-y-personalidades-destacadas-de-la-industria","status":"publish","type":"post","link":"https:\/\/diariodominicano.com\/?p=477729","title":{"rendered":"Cort\u00e9s Hermanos celebra el D\u00eda del Cacao con el sector cacaotero, instituciones y personalidades destacadas de la industria"},"content":{"rendered":"\n<p><strong> Rafael Reyes Bison\u00f3<\/strong><\/p>\n\n\n\n<p>Santo Domingo, 4 de octubre de 2023.&nbsp;La renombrada empresa chocolatera Cort\u00e9s Hermanos con m\u00e1s de 90 a\u00f1os de experiencia en la industria del cacao y el chocolate, realiz\u00f3 un encuentro que tuvo lugar en su Centro de Visitantes Cort\u00e9s, ubicado en el KM 24 de la Autopista Duarte. Este evento reuni\u00f3 a distinguidas personalidades e instituciones del sector cacaotero, instituciones y personalidades destacadas de la industria.<\/p>\n\n\n\n<p>La actividad comenz\u00f3 con las palabras del&nbsp;Sr. Ignacio Cort\u00e9s Gelp\u00ed, presidente de la empresa, quien expres\u00f3 su gratitud por la asistencia y destac\u00f3 la importancia de contar con una representaci\u00f3n tan amplia del sector.<\/p>\n\n\n\n<p>\u00abCon la creaci\u00f3n de este Centro,&nbsp;la idea es que los visitantes no solamente conozcan la historia de la familia, del cacao, de la industria, pero que puedan tambi\u00e9n visitar una f\u00e1brica de chocolate y por ende que la experiencia sea completa\u00bb, afirm\u00f3.&nbsp;Asimismo, resalt\u00f3 su confianza en el cacao dominicano, en el chocolate y en la Rep\u00fablica Dominicana.<\/p>\n\n\n\n<p>El evento cont\u00f3 con la participaci\u00f3n de ejecutivos destacados de la empresa, como el&nbsp;Sr. Eduardo Cort\u00e9s, vicepresidente de Operaciones, y la&nbsp;Sra. Isabel Guerra, directora de Mercadeo y Nuevos Negocios.<\/p>\n\n\n\n<p>Los invitados disfrutaron de un delicioso desayuno donde intercambiaron ideas y perspectivas sobre los desaf\u00edos y oportunidades en la industria del cacao y el chocolate.<\/p>\n\n\n\n<p>Adem\u00e1s, los asistentes tuvieron la oportunidad de realizar un recorrido por el museo del Centro de Visitantes Cort\u00e9s y por la f\u00e1brica de chocolate, la m\u00e1s grande y moderna del Caribe. Durante la visita, los participantes pudieron conocer de cerca el proceso de producci\u00f3n de los chocolates de la empresa, desde la selecci\u00f3n de los granos de cacao hasta la creaci\u00f3n de sus barras de chocolate.<\/p>\n\n\n\n<p>Cort\u00e9s Hermanos expres\u00f3 su sincero agradecimiento a todos los presentes por su participaci\u00f3n en este evento y reafirm\u00f3 su deseo de continuar colaborando estrechamente con la comunidad cacaotera.<\/p>\n\n\n\n<p><strong>Acerca de Cort\u00e9s Hermanos:&nbsp;<\/strong><\/p>\n\n\n\n<p>Cort\u00e9s Hermanos es una destacada empresa chocolatera l\u00edder en la regi\u00f3n, con una s\u00f3lida tradici\u00f3n en la elaboraci\u00f3n de chocolate de alta calidad. Su dedicaci\u00f3n incansable a la excelencia la ha posicionado como un referente indiscutible en la industria del cacao en el Caribe y m\u00e1s all\u00e1.<\/p>\n\n\n\n<p>Fotograf\u00eda Principal&nbsp;Eduardo Cort\u00e9s, Vicepresidente de Operaciones, V\u00edctor&nbsp;Hidalgo,&nbsp;Director Ejecutivo&nbsp;Comisi\u00f3n Nacional de Cacao,&nbsp;Ulises Rodr\u00edguez, Director General de ProIndustria&nbsp;y el Sr. Ignacio Cort\u00e9s Gelp\u00ed,&nbsp;Presidente de Cort\u00e9s Hermanos.<\/p>\n\n\n\n<p> <strong>Rafael Reyes Bison\u00f3<\/strong><\/p>\n\n\n\n<p><strong>&nbsp;&nbsp;E-mail:&nbsp;<\/strong><a rel=\"noreferrer noopener\" href=\"mailto:rafaelreyesbisono@hotmail.com\" target=\"_blank\">rafaelreyesbisono@hotmail.com<\/a>,  <br>&#8230;<\/p>\n","protected":false},"excerpt":{"rendered":"<p>Rafael Reyes Bison\u00f3 Santo Domingo, 4 de octubre de 2023.&nbsp;La renombrada empresa chocolatera Cort\u00e9s Hermanos con m\u00e1s de 90 a\u00f1os de experiencia en la industria del cacao y el chocolate, realiz\u00f3 un encuentro que tuvo lugar en su Centro de Visitantes Cort\u00e9s, ubicado en el KM 24 de la Autopista Duarte. Este evento reuni\u00f3 a [&hellip;]<\/p>\n","protected":false},"author":28,"featured_media":477730,"comment_status":"closed","ping_status":"","sticky":true,"template":"","format":"standard","meta":{"footnotes":""},"categories":[36,18,27,32],"tags":[],"class_list":["post-477729","post","type-post","status-publish","format-standard","has-post-thumbnail","hentry","category-hombresmujeresycosas","category-economia","category-portada","category-turismo"],"_links":{"self":[{"href":"https:\/\/diariodominicano.com\/index.php?rest_route=\/wp\/v2\/posts\/477729","targetHints":{"allow":["GET"]}}],"collection":[{"href":"https:\/\/diariodominicano.com\/index.php?rest_route=\/wp\/v2\/posts"}],"about":[{"href":"https:\/\/diariodominicano.com\/index.php?rest_route=\/wp\/v2\/types\/post"}],"author":[{"embeddable":true,"href":"https:\/\/diariodominicano.com\/index.php?rest_route=\/wp\/v2\/users\/28"}],"replies":[{"embeddable":true,"href":"https:\/\/diariodominicano.com\/index.php?rest_route=%2Fwp%2Fv2%2Fcomments&post=477729"}],"version-history":[{"count":2,"href":"https:\/\/diariodominicano.com\/index.php?rest_route=\/wp\/v2\/posts\/477729\/revisions"}],"predecessor-version":[{"id":477800,"href":"https:\/\/diariodominicano.com\/index.php?rest_route=\/wp\/v2\/posts\/477729\/revisions\/477800"}],"wp:featuredmedia":[{"embeddable":true,"href":"https:\/\/diariodominicano.com\/index.php?rest_route=\/wp\/v2\/media\/477730"}],"wp:attachment":[{"href":"https:\/\/diariodominicano.com\/index.php?rest_route=%2Fwp%2Fv2%2Fmedia&parent=477729"}],"wp:term":[{"taxonomy":"category","embeddable":true,"href":"https:\/\/diariodominicano.com\/index.php?rest_route=%2Fwp%2Fv2%2Fcategories&post=477729"},{"taxonomy":"post_tag","embeddable":true,"href":"https:\/\/diariodominicano.com\/index.php?rest_route=%2Fwp%2Fv2%2Ftags&post=477729"}],"curies":[{"name":"wp","href":"https:\/\/api.w.org\/{rel}","templated":true}]}}