{"id":477477,"date":"2023-10-05T08:58:13","date_gmt":"2023-10-05T12:58:13","guid":{"rendered":"http:\/\/diariodominicano.com\/?p=477477"},"modified":"2023-10-05T09:26:55","modified_gmt":"2023-10-05T13:26:55","slug":"convivencia-valido-camino-a-la-elevar-la-calidad-del-cine","status":"publish","type":"post","link":"https:\/\/diariodominicano.com\/?p=477477","title":{"rendered":"Convivencia, v\u00e1lido camino para la elevar la calidad del cine"},"content":{"rendered":"\n<p> Escena de Convivencia, (Jos\u00e9 G\u00f3mez de Vargas), un intenso drama policial, actualmente en cartelera. <\/p>\n\n\n\n<figure class=\"wp-block-image size-full\"><img loading=\"lazy\" decoding=\"async\" width=\"1024\" height=\"657\" src=\"https:\/\/diariodominicano.com\/wp-content\/uploads\/2023\/10\/Francis-Cruz-y-Ruth-Emeterio-actores-de-Convivencia.jpg\" alt=\"\" class=\"wp-image-477480\" srcset=\"https:\/\/diariodominicano.com\/wp-content\/uploads\/2023\/10\/Francis-Cruz-y-Ruth-Emeterio-actores-de-Convivencia.jpg 1024w, https:\/\/diariodominicano.com\/wp-content\/uploads\/2023\/10\/Francis-Cruz-y-Ruth-Emeterio-actores-de-Convivencia-300x192.jpg 300w, https:\/\/diariodominicano.com\/wp-content\/uploads\/2023\/10\/Francis-Cruz-y-Ruth-Emeterio-actores-de-Convivencia-768x493.jpg 768w, https:\/\/diariodominicano.com\/wp-content\/uploads\/2023\/10\/Francis-Cruz-y-Ruth-Emeterio-actores-de-Convivencia-816x524.jpg 816w\" sizes=\"auto, (max-width: 1024px) 100vw, 1024px\" \/><figcaption> Francis Cruz, actor de Convivencia.  y Ruth Emeterio <\/figcaption><\/figure>\n\n\n\n<p>Una experiencia s\u00f3lida con novedad y audacias de su concepto, impecabilidad de la actuaci\u00f3n coral, magn\u00edfico uso a fondo del universo sonoro y otros recursos. Un ejemplo de buen cine, sin importar el pais de origen del proyecto<\/p>\n\n\n\n<p><\/p>\n\n\n\n<p>Jos\u00e9 Rafael Sosa<\/p>\n\n\n\n<p>Cuando se hace cine para respetar la gente, para establecer dejar una referencia de calidad que llegue m\u00e1s all\u00e1 de la venta de taquillas, logrando una pel\u00edcula admirable para los cineastas del mundo, el cine se transforma en mucho m\u00e1s que la esencia de su arte, su t\u00e9cnica y a una de muchas concepciones de hacer el cine global.<\/p>\n\n\n\n<p>El secreto de Convivencia, thriller psicol\u00f3gico atrapante, no es un secreto. Todo se reduce al compromiso con el deber de contar una buena historia, respetando las normas de excelencia para manejar im\u00e1genes, sonidos y actuaciones. &nbsp;<\/p>\n\n\n\n<p>Convivencia hace olvidar el chauvinismo del \u201ccine dominicano\u201d. El cine es el cine. Punto.<\/p>\n\n\n\n<p>El secreto es compromiso profesional, al punto que el espectador, tras salir de sala, tras una historia de supervivencia, en un recorrido tan desgarrador por los sentimientos humanos m\u00e1s salvajes y disimulados, esos que todos cargamos dentro con verg\u00fcenza propia y a la espera del momento de dar nuestro zarpazo. Es decir, en suma, lo que cuenta la historia de todos nosotros.<\/p>\n\n\n\n<p><strong>Lo actoral<\/strong><\/p>\n\n\n\n<p>Esta es pel\u00edcula de actores y a nuestro juicio, una de las tres mejores pel\u00edculas de actores de realizaci\u00f3n nacional, Incluyendo El m\u00e9todo (David Maler, 2023).<\/p>\n\n\n\n<p><strong>Mario N\u00fa\u00f1ez,<\/strong> un actor de amplia experiencia y que ha sido director de castings y director de actores en decenas de proyectos, conquista su mejor protag\u00f3nico, que asume con intensidad, personalidad autoritaria e intensidad en sus intervenciones.<\/p>\n\n\n\n<p>Tres generaciones actorales, aprovechando experiencias y nuevos empujes, rostros, gestos, vocalizaci\u00f3n precisa, ritmos del discurso, emotividad y colerizaci\u00f3n de voces, todo en una sola pel\u00edcula.<\/p>\n\n\n\n<p><strong>Ruth Emeterio<\/strong> deb\u00eda ser destacada por la bien manejada intensidad, su dominio de la expresi\u00f3n corporal, visual, su adaptabilidad a los procesos <em>in cressendo <\/em>que conducen a explosiones emotivas impresionantes.<\/p>\n\n\n\n<p><strong>Francis Cruz<\/strong>, transmite con efectividad lo aborrecible de su papel Karina Valdez, una de la generaci\u00f3n joven, es afirmada en su caracterizaci\u00f3n.<\/p>\n\n\n\n<figure class=\"wp-block-image size-large\"><img loading=\"lazy\" decoding=\"async\" width=\"1024\" height=\"800\" src=\"https:\/\/diariodominicano.com\/wp-content\/uploads\/2023\/10\/Niurka-Mota-actriz-de-Convivencia-1024x800.jpg\" alt=\"\" class=\"wp-image-477483\" srcset=\"https:\/\/diariodominicano.com\/wp-content\/uploads\/2023\/10\/Niurka-Mota-actriz-de-Convivencia-1024x800.jpg 1024w, https:\/\/diariodominicano.com\/wp-content\/uploads\/2023\/10\/Niurka-Mota-actriz-de-Convivencia-300x235.jpg 300w, https:\/\/diariodominicano.com\/wp-content\/uploads\/2023\/10\/Niurka-Mota-actriz-de-Convivencia-768x600.jpg 768w, https:\/\/diariodominicano.com\/wp-content\/uploads\/2023\/10\/Niurka-Mota-actriz-de-Convivencia-816x638.jpg 816w, https:\/\/diariodominicano.com\/wp-content\/uploads\/2023\/10\/Niurka-Mota-actriz-de-Convivencia.jpg 1026w\" sizes=\"auto, (max-width: 1024px) 100vw, 1024px\" \/><figcaption> Niurka Mota, actriz de Convivencia <\/figcaption><\/figure>\n\n\n\n<p><strong>Niurka Mota,<\/strong> evidencia con su actuaci\u00f3n cuanto ha perdido el cine sin haberle dado antes oportunidades como esta, una actriz de cuerpo entero.<\/p>\n\n\n\n<p><strong>Pachi M\u00e9ndez<\/strong> es brillante en su rol y se maneja con densidad dram\u00e1tica desde un rol diverso moralmente. Ella es otra de esas estrellas que merece mejores oportunidades.<\/p>\n\n\n\n<p><strong>Roger <\/strong><strong>Wasserman<\/strong>, muestra que es un actor d\u00factil, persistente y de expresiones variad\u00edsimas, bueno para todo. Proveniente de Argentina es una magn\u00edfica adquisici\u00f3n para las producciones dominicanas en que ha participado en g\u00e9neros distintos.<\/p>\n\n\n\n<figure class=\"wp-block-image size-large\"><img loading=\"lazy\" decoding=\"async\" width=\"1024\" height=\"793\" src=\"https:\/\/diariodominicano.com\/wp-content\/uploads\/2023\/10\/Jose-Gomez-de-Vargas.-director-de-Convivencia-1024x793.jpg\" alt=\"\" class=\"wp-image-477485\" srcset=\"https:\/\/diariodominicano.com\/wp-content\/uploads\/2023\/10\/Jose-Gomez-de-Vargas.-director-de-Convivencia-1024x793.jpg 1024w, https:\/\/diariodominicano.com\/wp-content\/uploads\/2023\/10\/Jose-Gomez-de-Vargas.-director-de-Convivencia-300x232.jpg 300w, https:\/\/diariodominicano.com\/wp-content\/uploads\/2023\/10\/Jose-Gomez-de-Vargas.-director-de-Convivencia-768x595.jpg 768w, https:\/\/diariodominicano.com\/wp-content\/uploads\/2023\/10\/Jose-Gomez-de-Vargas.-director-de-Convivencia-816x632.jpg 816w, https:\/\/diariodominicano.com\/wp-content\/uploads\/2023\/10\/Jose-Gomez-de-Vargas.-director-de-Convivencia.jpg 1028w\" sizes=\"auto, (max-width: 1024px) 100vw, 1024px\" \/><figcaption>Jos\u00e9 G\u00f3mez de Vargas. director de Convivencia <\/figcaption><\/figure>\n\n\n\n<p><strong>Los recursos t\u00e9cnicos<\/strong><\/p>\n\n\n\n<p>Jos\u00e9 Vargas de G\u00f3mez, el director, concreta una experiencia f\u00edlmica que se sale de los esquemas de produccion ordinario: el localismo que le resta, p\u00fablicos internacionales, facilismos, la perspectiva televisiva de humor. El director se apoya en un agudo sentido de responsabilidad como eje creativo, evita copiar esquemas, aporta sentidos y giros tanto psicol\u00f3gicos, dram\u00e1ticos.<\/p>\n\n\n\n<p><strong>Direcci\u00f3n de arte.<\/strong> El recurso de una sala de investigaci\u00f3n para interrogar los sospechosos, no es novedad del cine policial y ha sido apelado m\u00e1s de una vez. Un ejemplo reciente es la serie Criminal, (Netflix) con episodios rodados en Francia, Alemania y Espa\u00f1a, con bastante buen gusto y lograda intensidad y todo a partir de interrogatorios policiales en un espacio cerrado.<\/p>\n\n\n\n<p>Este esquema toma en cuenta cada detalle para inducir al espectador en el ambiente polic\u00eda por su hay extremo cuidado en objetos de uso de oficina, utiler\u00eda y tecnolog\u00eda policial, signos y logos. Se nota un detallado sentido de realizaci\u00f3n.<\/p>\n\n\n\n<p>Si alg\u00fan premio de cine tiene claridad, debe reservar esa estatuilla por direcci\u00f3n de arte.<\/p>\n\n\n\n<p><strong>Universo de sonido<\/strong>, su estructuraci\u00f3n sonora para meterse en la piel del espectador con el incidental preciso. La m\u00fasica no es un relleno. Es una gu\u00eda narrativa efectiva.<\/p>\n\n\n\n<figure class=\"wp-block-image size-full\"><img loading=\"lazy\" decoding=\"async\" width=\"484\" height=\"312\" src=\"https:\/\/diariodominicano.com\/wp-content\/uploads\/2023\/10\/cartel-oficial.jpg\" alt=\"\" class=\"wp-image-477488\" srcset=\"https:\/\/diariodominicano.com\/wp-content\/uploads\/2023\/10\/cartel-oficial.jpg 484w, https:\/\/diariodominicano.com\/wp-content\/uploads\/2023\/10\/cartel-oficial-300x193.jpg 300w\" sizes=\"auto, (max-width: 484px) 100vw, 484px\" \/><figcaption>Cartel oficial<\/figcaption><\/figure>\n\n\n\n<p><strong>La m\u00fasica de los Pay\u00e1n<\/strong>, es un advenimiento y descubrimiento musical para el cine. Tiene la participaci\u00f3n de musical de H\u00e9ctor (Falelo) Pay\u00e1n, Carlos Vargas, Zvezdana Radokovicc y una composici\u00f3n in\u00e9dita de Chiquit\u00edn Pay\u00e1n, que aportan un sorprendente \u00e9nfasis narrativo.<\/p>\n\n\n\n<p><strong>Fotograf\u00eda<\/strong>. Oliver Mota, (S.D.C.) logra una imagen precisa, profunda, ahondando en \u00e1ngulos de un espacio tan limitado, labor que se completa con una edici\u00f3n sin fallos, con lineamiento casi quir\u00fargico, dando el tiempo exacto para permitir el curso de las acciones.<\/p>\n\n\n\n<p><strong>El papel de la gente<\/strong>. Corresponde al p\u00fablico cin\u00e9filo vivir la experiencia y descubrir lo que aporta este proyecto una visi\u00f3n como indicativo de una ruta que valide e internacionalice la marca f\u00edlmica nacional. Es recomendable para sentir que avanzamos a partir de un conjunto inspirado de talentos. Este equipo ofrece una alternativa, no la \u00fanica, no la v\u00e1lida, pero si una experiencia y un camino.<\/p>\n\n\n\n<p><strong>Ficha T\u00e9cnica<\/strong><\/p>\n\n\n\n<p>T\u00edtulo: Convivencia<\/p>\n\n\n\n<p>Direcci\u00f3n: Jos\u00e9 G\u00f3mez de Vargas.<\/p>\n\n\n\n<p>A\u00f1o: 2023<\/p>\n\n\n\n<p>Nacionalidad: Dominicana<\/p>\n\n\n\n<p>Productora: Emporium Media<\/p>\n\n\n\n<p>Producci\u00f3n y gui\u00f3n: Tony G\u00f3mez Guzm\u00e1n<\/p>\n\n\n\n<p>Coproducci\u00f3n: Guas\u00e1bara Cine<\/p>\n\n\n\n<p>Director de fotograf\u00eda: Oliver Mota, S.D.C.<\/p>\n\n\n\n<p>Dise\u00f1o de producci\u00f3n M\u00f3nica De Moya.<\/p>\n\n\n\n<p>Vestuario: Nesmary L\u00f3pez<\/p>\n\n\n\n<p>Selecci\u00f3n de talentos (casting): Rossana Del Rosario Fern\u00e1ndez. Dise\u00f1o sonido: Dennis Godoy Mezcla de Homer Mora.<\/p>\n\n\n\n<p>M\u00fasica: Luis Pay\u00e1n, H\u00e9ctor (Falelo) Pay\u00e1n, Carlos Vargas y Jos\u00e9 Torres, Zvezdana Radokovicc y una composici\u00f3n in\u00e9dita de Chiquit\u00edn Pay\u00e1n.<\/p>\n\n\n\n<p>Postproducci\u00f3n: La Nave Post Lab y Emporium Post<\/p>\n\n\n\n<p>Distribuidora Internacional de Pel\u00edculas<\/p>\n\n\n\n<p>Elenco: Francis Cruz, Pachy M\u00e9ndez, Gerardo Mercedes, Niurka Mota, Karina Valdez, \u00c1ngela Bernal, Mario N\u00fa\u00f1ez, Ruth Emeterio y Roger Wasserman.<\/p>\n\n\n\n<p>Jose Rafael Paula Sosa<a target=\"_blank\" href=\"mailto:joserafael.sosa@gmail.com\" rel=\"noreferrer noopener\">joserafael.sosa@gmail.com<\/a><\/p>\n","protected":false},"excerpt":{"rendered":"<p>Escena de Convivencia, (Jos\u00e9 G\u00f3mez de Vargas), un intenso drama policial, actualmente en cartelera. Una experiencia s\u00f3lida con novedad y audacias de su concepto, impecabilidad de la actuaci\u00f3n coral, magn\u00edfico uso a fondo del universo sonoro y otros recursos. Un ejemplo de buen cine, sin importar el pais de origen del proyecto Jos\u00e9 Rafael Sosa [&hellip;]<\/p>\n","protected":false},"author":28,"featured_media":477478,"comment_status":"closed","ping_status":"","sticky":true,"template":"","format":"standard","meta":{"footnotes":""},"categories":[21,36,27,32],"tags":[],"class_list":["post-477477","post","type-post","status-publish","format-standard","has-post-thumbnail","hentry","category-cultura","category-hombresmujeresycosas","category-portada","category-turismo"],"_links":{"self":[{"href":"https:\/\/diariodominicano.com\/index.php?rest_route=\/wp\/v2\/posts\/477477","targetHints":{"allow":["GET"]}}],"collection":[{"href":"https:\/\/diariodominicano.com\/index.php?rest_route=\/wp\/v2\/posts"}],"about":[{"href":"https:\/\/diariodominicano.com\/index.php?rest_route=\/wp\/v2\/types\/post"}],"author":[{"embeddable":true,"href":"https:\/\/diariodominicano.com\/index.php?rest_route=\/wp\/v2\/users\/28"}],"replies":[{"embeddable":true,"href":"https:\/\/diariodominicano.com\/index.php?rest_route=%2Fwp%2Fv2%2Fcomments&post=477477"}],"version-history":[{"count":9,"href":"https:\/\/diariodominicano.com\/index.php?rest_route=\/wp\/v2\/posts\/477477\/revisions"}],"predecessor-version":[{"id":477507,"href":"https:\/\/diariodominicano.com\/index.php?rest_route=\/wp\/v2\/posts\/477477\/revisions\/477507"}],"wp:featuredmedia":[{"embeddable":true,"href":"https:\/\/diariodominicano.com\/index.php?rest_route=\/wp\/v2\/media\/477478"}],"wp:attachment":[{"href":"https:\/\/diariodominicano.com\/index.php?rest_route=%2Fwp%2Fv2%2Fmedia&parent=477477"}],"wp:term":[{"taxonomy":"category","embeddable":true,"href":"https:\/\/diariodominicano.com\/index.php?rest_route=%2Fwp%2Fv2%2Fcategories&post=477477"},{"taxonomy":"post_tag","embeddable":true,"href":"https:\/\/diariodominicano.com\/index.php?rest_route=%2Fwp%2Fv2%2Ftags&post=477477"}],"curies":[{"name":"wp","href":"https:\/\/api.w.org\/{rel}","templated":true}]}}