{"id":477452,"date":"2023-10-05T08:26:32","date_gmt":"2023-10-05T12:26:32","guid":{"rendered":"http:\/\/diariodominicano.com\/?p=477452"},"modified":"2023-10-05T08:38:34","modified_gmt":"2023-10-05T12:38:34","slug":"el-presidente-abinader-inaugura-muelle-turistico-y-pesquero-cabeza-de-toro-un-hogar-de-ancianos-y-un-centro-tecnologico-comunitario","status":"publish","type":"post","link":"https:\/\/diariodominicano.com\/?p=477452","title":{"rendered":"El Presidente Abinader inaugura muelle tur\u00edstico y pesquero Cabeza de Toro, un hogar de ancianos y un Centro Tecnol\u00f3gico Comunitario"},"content":{"rendered":"\n<p>4 DE OCTUBRE 2023 | 19:23<\/p>\n\n\n\n<p><\/p>\n\n\n\n<figure class=\"wp-block-image\"><img decoding=\"async\" src=\"https:\/\/platform-cdn.sharethis.com\/img\/facebook.svg\" alt=\"facebook sharing button\"\/><\/figure>\n\n\n\n<figure class=\"wp-block-image\"><img decoding=\"async\" src=\"https:\/\/platform-cdn.sharethis.com\/img\/twitter.svg\" alt=\"twitter sharing button\"\/><\/figure>\n\n\n\n<figure class=\"wp-block-image\"><img decoding=\"async\" src=\"https:\/\/platform-cdn.sharethis.com\/img\/sharethis.svg\" alt=\"sharethis sharing button\"\/><\/figure>\n\n\n\n<p>La Altagracia.-&nbsp;<strong>El presidente Luis Abinader<\/strong>&nbsp;inaugur\u00f3 este mi\u00e9rcoles 3 obras en esta provincia, que incluyen el muelle tur\u00edstico y pesquero Cabeza de Toro, un hogar de ancianos y un Centro Tecnol\u00f3gico Comunitario (CTC).<\/p>\n\n\n\n<p>El mandatario, junto con el director ejecutivo de la Autoridad Portuaria Dominicana (APORDOM),&nbsp;<strong>Jean Luis Rodr\u00edguez,&nbsp;<\/strong>inaugur\u00f3&nbsp;<strong>el muelle pesquero y tur\u00edstico de Cabeza de Toro<\/strong>, que beneficiar\u00e1 alrededor de&nbsp;<strong>30,000 pescadores&nbsp;<\/strong>registrados formalmente a nivel nacional y que mejorar\u00e1 las condiciones de vida y laboral de los comunitarios de la zona.<\/p>\n\n\n\n<p>Durante el corte de cinta del Club N\u00e1utico, el jefe de Estado destac\u00f3 la importancia que tienen las peque\u00f1as inversiones, como en el caso de esta obra, que&nbsp;<strong>ayudar\u00e1 a mejorar la pesca deportiva,<\/strong>&nbsp;al estar ubicada al lado del muelle de pescadores reci\u00e9n inaugurado.<\/p>\n\n\n\n<p><em>\u00abEste es el balance que tenemos en nuestro Gobierno para los pescadores de la zona que no ten\u00edan un puesto para ellos, y esa combinaci\u00f3n, es lo que realmente hace un gran destino en este sector de Punta Cana y en el pa\u00eds\u00bb,<\/em>&nbsp;apunt\u00f3 el presidente Abinader.<\/p>\n\n\n\n<figure class=\"wp-block-image\"><img decoding=\"async\" src=\"https:\/\/presidencia.gob.do\/sites\/default\/files\/inline-images\/Jean%20Luis%20Rodr%C3%ADguez%20director%20se%20APORDOM%20.jpeg\" alt=\"\"\/><\/figure>\n\n\n\n<p>En tanto que el director se&nbsp;<strong>APORDOM<\/strong>&nbsp;resalt\u00f3 que esta soluci\u00f3n en Cabeza de Toro, a un a\u00f1o de su primer palazo, ya es realidad, motivo de satisfacci\u00f3n para brindar a la gente una estructura como la merecen, una comunidad con potencial tur\u00edstico y pesquero, importante para toda la provincia La Altagracia.<\/p>\n\n\n\n<p><em>\u201cHoy, con el apoyo incansable del presidente Luis Abinader, les cumplimos a nuestros pescadores, quienes viven de lo que traen en sus jornadas de pesca, y que hac\u00edan un reclamo necesario para dignificar esta labor, como tambi\u00e9n a los locales y visitantes, que van y vienen en catamaranes a disfrutar de los paisajes de nuestras costas\u00bb,&nbsp;<\/em>expres\u00f3 Rodr\u00edguez.<\/p>\n\n\n\n<p>Y agreg\u00f3:&nbsp;<em>\u00abEl muelle de Cabeza de Toro que hoy entregamos est\u00e1 dentro de los 14 que planificamos inaugurar en el pa\u00eds durante este 2023, de los cuales ya hemos entregado 6 y se suma este s\u00e9ptimo, como parte de la segunda etapa del Plan Nacional de Construcci\u00f3n y Rehabilitaci\u00f3n de Muelles Pesqueros, Tur\u00edsticos y Deportivos\u201d.<\/em><\/p>\n\n\n\n<p>Rodr\u00edguez tambi\u00e9n resalt\u00f3 el impacto del&nbsp;<strong>Plan Nacional de Muelles Pesqueros<\/strong>, al indicar que no ha sido una tarea sencilla, desde su concepci\u00f3n, pasando por cada levantamiento, hasta su construcci\u00f3n, ha sido un esfuerzo enorme y pese ciertos obst\u00e1culos se mantuvieron firmes porque sab\u00edan que la meta era alcanzable y que, sobre todo, valdr\u00eda la pena.<\/p>\n\n\n\n<figure class=\"wp-block-image\"><img decoding=\"async\" src=\"https:\/\/presidencia.gob.do\/sites\/default\/files\/inline-images\/385038310_629860652660656_4005194807629669556_n.jpg\" alt=\"\"\/><\/figure>\n\n\n\n<p>La obra consta con 2 espigones, 4 pasarelas y un gazebo de recreaci\u00f3n con un \u00e1rea total de 203.65 m2, adem\u00e1s tiene una capacidad para 5 embarcaciones de mayor calado y 22 embarcaciones de menor calado, de manera simult\u00e1nea; cuenta con una superestructura met\u00e1lica, un&nbsp;<em>deck<\/em>&nbsp;en madera sint\u00e9tica y pilotes de 8 pulgadas rellenos de hormig\u00f3n, con resistencia a la compresi\u00f3n de 350 kg\/cm2.<\/p>\n\n\n\n<p>El muelle pesquero de Cabeza de Toro tiene el objetivo de&nbsp;<strong>mejorar las condiciones de vida y laborales<\/strong>&nbsp;de los comunitarios de la zona Este; generar m\u00e1s empleos, inversiones y bienestar para quienes hacen de la pesca su primer recurso de divisas y de esta forma proporcionar una fuente de alimento de alto valor nutritivo para la salud y el bienestar de la poblaci\u00f3n.<\/p>\n\n\n\n<p>Dentro de las ventajas de su edificaci\u00f3n est\u00e1n, que sus visitantes podr\u00e1n caminar sobre esta construcci\u00f3n para apreciar la belleza natural de las aguas de esta playa, lo que llamar\u00e1 la atenci\u00f3n de turistas a conocer la obra.<\/p>\n\n\n\n<p><strong>Reafirma compromiso del Gobierno<\/strong><\/p>\n\n\n\n<p>Mientras que, el director ejecutivo del Consejo Dominicano de Pesca y Acuicultura&nbsp;<strong>(CODOPESCA),<\/strong>&nbsp;<strong>Carlos Then,&nbsp;<\/strong>reafirm\u00f3 el compromiso del Gobierno con los pescadores, para la mejor\u00eda del sector.<\/p>\n\n\n\n<p>En ese sentido, manifest\u00f3 que, por primera vez en la historia, en junio y julio de este a\u00f1o fueron otorgadas alrededor de&nbsp;<strong>300 pensiones a los pescadores dominicanos<\/strong>, de los cuales en La Altagracia fueron pensionados&nbsp;<strong>62 pescadores<\/strong>. Adem\u00e1s, anunci\u00f3 que en los pr\u00f3ximos d\u00edas ser\u00e1n entregadas por parte de la&nbsp;<strong>Armada de la Rep\u00fablica,<\/strong>&nbsp;las embarcaciones que se encuentran en buenas condiciones para servir al sector pesquero.<\/p>\n\n\n\n<p><strong>Hogar de d\u00eda para la poblaci\u00f3n envejeciente de San Rafael de Yuma<\/strong><\/p>\n\n\n\n<figure class=\"wp-block-image\"><img decoding=\"async\" src=\"https:\/\/presidencia.gob.do\/sites\/default\/files\/inline-images\/Director%20CONAPE.jpeg\" alt=\"\"\/><\/figure>\n\n\n\n<p>Posteriormente, el presidente Luis Abinader junto con el director de Ejecutivo del Consejo Nacional de la Persona Envejeciente&nbsp;<strong>(CONAPE), Jos\u00e9 Garc\u00eda Ram\u00edrez<\/strong>, dej\u00f3 inaugurado un moderno centro de acogida a los adultos mayores de esta comunidad.&nbsp;<\/p>\n\n\n\n<p>Durante el acto, el director del CONAPE, Jos\u00e9 Garc\u00eda Ram\u00edrez, afirm\u00f3 que este es el inicio de un&nbsp;<strong>plan ambicioso del presidente Luis Abinader<\/strong>, para convertir esta comunidad en el primer municipio amigable con los adultos mayores, de manera que las personas envejezcan con dignidad y autonom\u00eda.&nbsp;<\/p>\n\n\n\n<p>Este nuevo hogar cuenta con modernas instalaciones sanitarias y el\u00e9ctricas, dormitorios, oficina administrativa y una sala donde se realizar\u00e1n talleres y cursos de capacitaci\u00f3n, adem\u00e1s de ofrecer&nbsp;<strong>servicios de desarrollo integral&nbsp;<\/strong>y dar seguimiento a las necesidades de los adultos mayores.<\/p>\n\n\n\n<p><strong>Centro Tecnol\u00f3gico Comunitario (CTC)<\/strong><\/p>\n\n\n\n<figure class=\"wp-block-image\"><img decoding=\"async\" src=\"https:\/\/presidencia.gob.do\/sites\/default\/files\/inline-images\/Corte%20de%20cinta%20INFOTEP.jpeg\" alt=\"\"\/><\/figure>\n\n\n\n<p>El presidente Abinader tambi\u00e9n inaugur\u00f3 el&nbsp;<strong>Centro Tecnol\u00f3gico Comunitario<\/strong>&nbsp;(CTC), en San Rafael del Yuma, con una inversi\u00f3n de m\u00e1s de&nbsp;<strong>RD 20 millones.<\/strong><\/p>\n\n\n\n<p>En el acto inaugural, el ministro de Vivienda y Edificaciones,&nbsp;<strong>Carlos Bonilla<\/strong>, expres\u00f3 que, gracias a esta inversi\u00f3n, impulsar\u00e1n tambi\u00e9n el desarrollo del municipio&nbsp;<strong>San Rafael del Yuma<\/strong>, mejorando las oportunidades para m\u00e1s de&nbsp;<strong>4,500 j\u00f3venes<\/strong>&nbsp;de diferentes edades.<\/p>\n\n\n\n<p>Estos j\u00f3venes, precis\u00f3, recibir\u00e1n en este centro lecciones formativas de marketing digital, ciberseguridad, reparaci\u00f3n de celulares, programaci\u00f3n, formaci\u00f3n sobre internet, ensamblaje y reparaci\u00f3n de computadoras, entre otras.<\/p>\n\n\n\n<p>Mientras que, el director del CTC, Isidro Torres, y el del INFOTEP, Santos Bad\u00eda, manifestaron que la puesta en funcionamiento de este nuevo centro beneficiar\u00e1 a los j\u00f3venes con un curr\u00edculo fortalecido y la colaboraci\u00f3n de ambas instituciones.<\/p>\n\n\n\n<p><strong>Inauguraci\u00f3n Parque Industrial del Este&nbsp;<\/strong><\/p>\n\n\n\n<figure class=\"wp-block-image\"><img decoding=\"async\" src=\"https:\/\/presidencia.gob.do\/sites\/default\/files\/inline-images\/385070270_629769699336418_8223414565896534796_n.jpg\" alt=\"\"\/><\/figure>\n\n\n\n<p>M\u00e1s temprano, el gobernante, junto con el ministro de Industria, Comercio y Mipymes,&nbsp;<strong>V\u00edctor -Ito- Bison\u00f3,<\/strong>&nbsp;asisti\u00f3 a la inauguraci\u00f3n del nuevo&nbsp;<strong>Parque Industrial del Este de Industrias Aguayo<\/strong>, empresa puntera en la fabricaci\u00f3n de productos derivados del cemento.&nbsp;<\/p>\n\n\n\n<p>El nuevo parque industrial es un&nbsp;<strong>proyecto innovador y amigable con el medio ambiente<\/strong>, que servir\u00e1 como fuente de nuevas oportunidades, ingresos, empleos, y contribuir\u00e1 al desarrollo inmobiliario y tur\u00edstico en la zona Este del pa\u00eds.<\/p>\n\n\n\n<p><strong>Almacenes Unidos en Punta Cana<\/strong><\/p>\n\n\n\n<figure class=\"wp-block-image\"><img decoding=\"async\" src=\"https:\/\/presidencia.gob.do\/sites\/default\/files\/inline-images\/386397347_629839535996101_4108030975437709215_n-2.jpg\" alt=\"\"\/><\/figure>\n\n\n\n<p>Luego, el gobernante particip\u00f3 en la inauguraci\u00f3n de una nueva sucursal de Almacenes Unidos, en&nbsp; Punta Cana.<\/p>\n\n\n\n<p>En el acto, el ministro de Industria y Comercio destac\u00f3 que la inversi\u00f3n realizada en la nueva infraestructura fue de&nbsp;<strong>RD 2,000 millones<\/strong>, la cual viene a suplir una gran necesidad en la regi\u00f3n Este.<\/p>\n\n\n\n<p>Tambi\u00e9n, Juan Jos\u00e9 Fern\u00e1ndez, presidente de Almacenes Unidos, indic\u00f3 que con la apertura de la nueva sucursal en la provincia&nbsp; La Altagracia, se generar\u00e1n m\u00e1s de&nbsp;<strong>300 empleos directos.<\/strong><\/p>\n\n\n\n<p><strong>Encabeza 46.\u00aa Reuni\u00f3n de la Comisi\u00f3n T\u00e9cnica (RCT) de la OIT y Cinterfor<\/strong><\/p>\n\n\n\n<figure class=\"wp-block-image\"><img decoding=\"async\" src=\"https:\/\/presidencia.gob.do\/sites\/default\/files\/inline-images\/Reuni%C3%B3n%20de%20la%20Comisi%C3%B3n%20T%C3%A9cnica%20OIT%20Cinterfor_0.jpeg\" alt=\"\"\/><\/figure>\n\n\n\n<p>Asimismo, el presidente Abinader encabez\u00f3 la ceremonia de apertura de&nbsp;<strong>la 46.\u00aa Reuni\u00f3n de la Comisi\u00f3n T\u00e9cnica (RCT) de la Organizaci\u00f3n Internacional del Trabajo (OIT)<\/strong>&nbsp; y con el&nbsp;<strong>Centro Interamericano para el Desarrollo del Conocimiento en la Formaci\u00f3n Profesional&nbsp;(Cinterfor)<\/strong>, donde destac\u00f3 que el nivel de desempleo en el pa\u00eds actualmente est\u00e1 en un 4.7 %, siendo este el m\u00e1s bajo de las \u00faltimas d\u00e9cadas.&nbsp;<\/p>\n\n\n\n<p>En este evento, el mandatario resalt\u00f3 adem\u00e1s que, el a\u00f1o pasado el 34 % de los nuevos empleos que se crearon en el pa\u00eds fueron a j\u00f3venes del primer empleo.<\/p>\n\n\n\n<p>Acompa\u00f1aron al presidente Abinader en las actividades, la gobernadora de la provincia La Altagracia,&nbsp;<strong>Martina Pep\u00e9n<\/strong>; el embajador de Jap\u00f3n,&nbsp;<strong>Takagi Masahiro<\/strong>, y los viceministros de Obras P\u00fablicas<strong>, Luis Bastardo<\/strong>, y de Vivienda y Edificaciones,&nbsp;<strong>Ney Garc\u00eda.<\/strong><\/p>\n\n\n\n<p>Tambi\u00e9n, el comandante general de la Armada Dominicana, vicealmirante\u00a0<strong>Agust\u00edn Alberto Morillo<\/strong>; el director de Politur, general\u00a0<strong>Minoru Matsunaga<\/strong>; el senador,\u00a0<strong>Virgilio Cedano<\/strong>, y el alcalde de Ver\u00f3n,\u00a0<strong>Ram\u00f3n Antonio Ram\u00edrez.<\/strong><\/p>\n\n\n\n<p> Prensa Presidencia de la Rep\u00fablica Dominicana <\/p>\n","protected":false},"excerpt":{"rendered":"<p>4 DE OCTUBRE 2023 | 19:23 La Altagracia.-&nbsp;El presidente Luis Abinader&nbsp;inaugur\u00f3 este mi\u00e9rcoles 3 obras en esta provincia, que incluyen el muelle tur\u00edstico y pesquero Cabeza de Toro, un hogar de ancianos y un Centro Tecnol\u00f3gico Comunitario (CTC). El mandatario, junto con el director ejecutivo de la Autoridad Portuaria Dominicana (APORDOM),&nbsp;Jean Luis Rodr\u00edguez,&nbsp;inaugur\u00f3&nbsp;el muelle pesquero [&hellip;]<\/p>\n","protected":false},"author":28,"featured_media":477454,"comment_status":"closed","ping_status":"","sticky":true,"template":"","format":"standard","meta":{"footnotes":""},"categories":[36,20,27,32],"tags":[],"class_list":["post-477452","post","type-post","status-publish","format-standard","has-post-thumbnail","hentry","category-hombresmujeresycosas","category-dominicana-hoy","category-portada","category-turismo"],"_links":{"self":[{"href":"https:\/\/diariodominicano.com\/index.php?rest_route=\/wp\/v2\/posts\/477452","targetHints":{"allow":["GET"]}}],"collection":[{"href":"https:\/\/diariodominicano.com\/index.php?rest_route=\/wp\/v2\/posts"}],"about":[{"href":"https:\/\/diariodominicano.com\/index.php?rest_route=\/wp\/v2\/types\/post"}],"author":[{"embeddable":true,"href":"https:\/\/diariodominicano.com\/index.php?rest_route=\/wp\/v2\/users\/28"}],"replies":[{"embeddable":true,"href":"https:\/\/diariodominicano.com\/index.php?rest_route=%2Fwp%2Fv2%2Fcomments&post=477452"}],"version-history":[{"count":2,"href":"https:\/\/diariodominicano.com\/index.php?rest_route=\/wp\/v2\/posts\/477452\/revisions"}],"predecessor-version":[{"id":477467,"href":"https:\/\/diariodominicano.com\/index.php?rest_route=\/wp\/v2\/posts\/477452\/revisions\/477467"}],"wp:featuredmedia":[{"embeddable":true,"href":"https:\/\/diariodominicano.com\/index.php?rest_route=\/wp\/v2\/media\/477454"}],"wp:attachment":[{"href":"https:\/\/diariodominicano.com\/index.php?rest_route=%2Fwp%2Fv2%2Fmedia&parent=477452"}],"wp:term":[{"taxonomy":"category","embeddable":true,"href":"https:\/\/diariodominicano.com\/index.php?rest_route=%2Fwp%2Fv2%2Fcategories&post=477452"},{"taxonomy":"post_tag","embeddable":true,"href":"https:\/\/diariodominicano.com\/index.php?rest_route=%2Fwp%2Fv2%2Ftags&post=477452"}],"curies":[{"name":"wp","href":"https:\/\/api.w.org\/{rel}","templated":true}]}}