{"id":477358,"date":"2023-10-04T23:48:56","date_gmt":"2023-10-05T03:48:56","guid":{"rendered":"http:\/\/diariodominicano.com\/?p=477358"},"modified":"2023-10-04T23:52:53","modified_gmt":"2023-10-05T03:52:53","slug":"teatro-dominicano-derrochara-su-talento-en-fite-rd-2023","status":"publish","type":"post","link":"https:\/\/diariodominicano.com\/?p=477358","title":{"rendered":"Teatro dominicano derrochar\u00e1 su talento en FITE RD 2023"},"content":{"rendered":"\n<p>El evento se celebrar\u00e1 se celebrar\u00e1 del 20 al 30 de octubre<\/p>\n\n\n\n<p><strong>Santo Domingo<\/strong>, RD.- Son 12 las compa\u00f1\u00edas, agrupaciones y colectivos nacionales que participar\u00e1n en el XI Festival Internacional de Teatro (FITE RD 2023), el cual, con sede en Santiago de los Caballeros, se celebrar\u00e1 del 20 al 30 de octubre.<\/p>\n\n\n\n<figure class=\"wp-block-image size-large is-resized\"><img loading=\"lazy\" decoding=\"async\" src=\"https:\/\/diariodominicano.com\/wp-content\/uploads\/2023\/10\/El-pais-invitado-del-FITE-RD-2023-es-Colombia-1024x680.jpg\" alt=\"\" class=\"wp-image-477361\" width=\"604\" height=\"401\" srcset=\"https:\/\/diariodominicano.com\/wp-content\/uploads\/2023\/10\/El-pais-invitado-del-FITE-RD-2023-es-Colombia-1024x680.jpg 1024w, https:\/\/diariodominicano.com\/wp-content\/uploads\/2023\/10\/El-pais-invitado-del-FITE-RD-2023-es-Colombia-300x199.jpg 300w, https:\/\/diariodominicano.com\/wp-content\/uploads\/2023\/10\/El-pais-invitado-del-FITE-RD-2023-es-Colombia-768x510.jpg 768w, https:\/\/diariodominicano.com\/wp-content\/uploads\/2023\/10\/El-pais-invitado-del-FITE-RD-2023-es-Colombia-816x542.jpg 816w, https:\/\/diariodominicano.com\/wp-content\/uploads\/2023\/10\/El-pais-invitado-del-FITE-RD-2023-es-Colombia.jpg 1500w\" sizes=\"auto, (max-width: 604px) 100vw, 604px\" \/><figcaption>El pa\u00eds invitado del FITE RD 2023 es Colombia<\/figcaption><\/figure>\n\n\n\n<p>Junto a ellos participar\u00e1n cuatro compa\u00f1\u00edas oficiales que durante esos diez d\u00edas pondr\u00e1n sobre las tablas todo el talento, creatividad, profesionalismo y pasi\u00f3n de los teatreros dominicanos.<\/p>\n\n\n\n<p>Una de las producciones en cartelera es \u201cCambumbo\u201d, un vodevil dirigido por Ram\u00f3n Santana, con dramaturgia y producci\u00f3n de Franklin Soto.<\/p>\n\n\n\n<p>De su lado, Coturno Teatro presentar\u00e1 \u201cEl panfleto\u201d, del director y dramaturgo norteamericano Edward Morgan. Se trata de un drama dirigido por Danilo Rodr\u00edguez y producido por el propio Edward Morgan.<\/p>\n\n\n\n<figure class=\"wp-block-image size-large\"><img loading=\"lazy\" decoding=\"async\" width=\"1024\" height=\"680\" src=\"https:\/\/diariodominicano.com\/wp-content\/uploads\/2023\/10\/Son-12-las-companias-agrupaciones-y-colectivos-nacionales-que-participaran-en-el-XI-Festival-Internacional-de-Teatro-FITE-RD-2023-1024x680.jpg\" alt=\"\" class=\"wp-image-477363\" srcset=\"https:\/\/diariodominicano.com\/wp-content\/uploads\/2023\/10\/Son-12-las-companias-agrupaciones-y-colectivos-nacionales-que-participaran-en-el-XI-Festival-Internacional-de-Teatro-FITE-RD-2023-1024x680.jpg 1024w, https:\/\/diariodominicano.com\/wp-content\/uploads\/2023\/10\/Son-12-las-companias-agrupaciones-y-colectivos-nacionales-que-participaran-en-el-XI-Festival-Internacional-de-Teatro-FITE-RD-2023-300x199.jpg 300w, https:\/\/diariodominicano.com\/wp-content\/uploads\/2023\/10\/Son-12-las-companias-agrupaciones-y-colectivos-nacionales-que-participaran-en-el-XI-Festival-Internacional-de-Teatro-FITE-RD-2023-768x510.jpg 768w, https:\/\/diariodominicano.com\/wp-content\/uploads\/2023\/10\/Son-12-las-companias-agrupaciones-y-colectivos-nacionales-que-participaran-en-el-XI-Festival-Internacional-de-Teatro-FITE-RD-2023-816x542.jpg 816w, https:\/\/diariodominicano.com\/wp-content\/uploads\/2023\/10\/Son-12-las-companias-agrupaciones-y-colectivos-nacionales-que-participaran-en-el-XI-Festival-Internacional-de-Teatro-FITE-RD-2023.jpg 1500w\" sizes=\"auto, (max-width: 1024px) 100vw, 1024px\" \/><figcaption>Son 12 las compa\u00f1\u00edas, agrupaciones y colectivos nacionales que participar\u00e1n en el XI Festival Internacional de Teatro (FITE RD 2023)<\/figcaption><\/figure>\n\n\n\n<p>Orestiada Teatro ofrecer\u00e1 el mon\u00f3logo \u201cEsperando a Odiseo\u201d, del que Ra\u00fal Mart\u00edn R\u00edos es el director, Alberto Pedro est\u00e1 a cargo de la dramaturgia y Orestes Amador lo produce.<\/p>\n\n\n\n<p>Por su parte, el drama tr\u00e1gico ser\u00e1 escenificado por el Teatro Evangelina con \u201cAndrea Evangelina\u201d, una pieza dirigida por Ruth Emeterio, con dramaturgia y producci\u00f3n de Chiqui Vicioso.<\/p>\n\n\n\n<p>La obra \u201cLa abuela del escorpi\u00f3n\u201dser\u00e1 presentadacon la direcci\u00f3n y dramaturgia a cargo de Manuel Chapuseaux, y la producci\u00f3n de Canek Denis.<\/p>\n\n\n\n<p>Asimismo, Haffe Serulle es responsable de la dramaturgia y direcci\u00f3n de \u201cIntruso\u201d,que cuenta con laproducci\u00f3n de Gerald Duluc.<\/p>\n\n\n\n<p>El p\u00fablico tambi\u00e9n podr\u00e1 disfrutar en el FITE RD 2023 de \u201cLas cosas extraordinarias\u201d, de Producciones Ra\u00fal M\u00e9ndez, con direcci\u00f3n de Ismanuel Rodr\u00edguez, dramaturgia de Duncan MacMillan y producci\u00f3n de Ra\u00fal M\u00e9ndez.<\/p>\n\n\n\n<figure class=\"wp-block-image size-large\"><img loading=\"lazy\" decoding=\"async\" width=\"1024\" height=\"680\" src=\"https:\/\/diariodominicano.com\/wp-content\/uploads\/2023\/10\/Festival-Internacional-de-Teatro-RD-2023-tendra-como-sede-a-Santiago-de-los-Caballeros-1024x680.jpg\" alt=\"\" class=\"wp-image-477365\" srcset=\"https:\/\/diariodominicano.com\/wp-content\/uploads\/2023\/10\/Festival-Internacional-de-Teatro-RD-2023-tendra-como-sede-a-Santiago-de-los-Caballeros-1024x680.jpg 1024w, https:\/\/diariodominicano.com\/wp-content\/uploads\/2023\/10\/Festival-Internacional-de-Teatro-RD-2023-tendra-como-sede-a-Santiago-de-los-Caballeros-300x199.jpg 300w, https:\/\/diariodominicano.com\/wp-content\/uploads\/2023\/10\/Festival-Internacional-de-Teatro-RD-2023-tendra-como-sede-a-Santiago-de-los-Caballeros-768x510.jpg 768w, https:\/\/diariodominicano.com\/wp-content\/uploads\/2023\/10\/Festival-Internacional-de-Teatro-RD-2023-tendra-como-sede-a-Santiago-de-los-Caballeros-816x542.jpg 816w, https:\/\/diariodominicano.com\/wp-content\/uploads\/2023\/10\/Festival-Internacional-de-Teatro-RD-2023-tendra-como-sede-a-Santiago-de-los-Caballeros.jpg 1500w\" sizes=\"auto, (max-width: 1024px) 100vw, 1024px\" \/><figcaption>Festival Internacional de Teatro RD 2023 tendr\u00e1 como sede a Santiago de los Caballeros<\/figcaption><\/figure>\n\n\n\n<p>De igual manera, los amantes del teatro tendr\u00e1n la oportunidad de presenciar \u201cPasqu\u00edn\u201d, una comedia dirigida por Miguel Espinoza y Francisco Noulibos, con producci\u00f3n del Teatro Utop\u00eda.<\/p>\n\n\n\n<p>\u201cPinocho\u201d, del Teatro Guloya, es otra de las opciones que ofrece la cartelera del FITE RD 2023. Se trata de una comedia dram\u00e1tica para adultos, con la direcci\u00f3n y dramaturgia de Claudio Rivera y la producci\u00f3n de Viena Gonz\u00e1lez.<\/p>\n\n\n\n<p>Igualmente, se podr\u00e1 disfrutar del drama\u201cQuemando\u201d, dirigido por Carlos Castro, quien adem\u00e1s es responsable de la dramaturgia y producci\u00f3n.<\/p>\n\n\n\n<p>Entre las producciones nacionales, tambi\u00e9n se pondr\u00e1 en escena \u201cAjonjol\u00ed\u201d, del Teatro PiedePuente, con direcci\u00f3n y dramaturgia de Rafael Curci.<\/p>\n\n\n\n<p>De la misma manera, el p\u00fablico familiar podr\u00e1 presenciar \u201cPara subir al cielo se necesita\u2026\u201d, bajo la direcci\u00f3n de Lucina Edith Jim\u00e9nez, dramaturgia de Esther Su\u00e1rez y producci\u00f3n de Anacaona Teatro.<\/p>\n\n\n\n<p>No faltar\u00e1n a esta cita \u201cEl \u00faltimo personaje de Cecilia B.\u201d y \u201cMakandal\u201d,&nbsp;obras a cargo de la Compa\u00f1\u00eda Nacional de Teatro.<\/p>\n\n\n\n<p>Tambi\u00e9n estar\u00e1n sobre las tablas \u201cEl m\u00e9dico a palos\u201d y \u201cEl hijo del sol: la historia de un principito\u201d, que ser\u00e1n representadas por el Teatro Rodante Dominicano.<\/p>\n\n\n\n<p>Adicionalmente, el p\u00fablico podr\u00e1 disfrutar de \u201cro.TO\u201d (danza-teatro), de la Compa\u00f1\u00eda Nacional de Danza Contempor\u00e1nea, y de \u201cTiempo de vivir\u201d, una farsa del Teatro Popular del Centro (Centro Cultural Ercilia Pep\u00edn), dirigida por Jorge Socarr\u00e1s, con dramaturgia de Norberto Pablo Reyes Bl\u00e1zquez y producci\u00f3n de Jos\u00e9 Le\u00f3n.<\/p>\n\n\n\n<p>La cartelera completa se encuentra disponible en el sitio web del Ministerio de Cultura (<a rel=\"noreferrer noopener\" href=\"http:\/\/www.cultura.gob.do\/\" target=\"_blank\">www.cultura.gob.do<\/a>).<\/p>\n\n\n\n<p>Ministerio de Cultura de la Rep\u00fablica Dominicana<a target=\"_blank\" href=\"mailto:prensa@cultura.gob.do\" rel=\"noreferrer noopener\">prensa@cultura.gob.do<\/a><\/p>\n","protected":false},"excerpt":{"rendered":"<p>El evento se celebrar\u00e1 se celebrar\u00e1 del 20 al 30 de octubre Santo Domingo, RD.- Son 12 las compa\u00f1\u00edas, agrupaciones y colectivos nacionales que participar\u00e1n en el XI Festival Internacional de Teatro (FITE RD 2023), el cual, con sede en Santiago de los Caballeros, se celebrar\u00e1 del 20 al 30 de octubre. Junto a ellos [&hellip;]<\/p>\n","protected":false},"author":28,"featured_media":477359,"comment_status":"closed","ping_status":"","sticky":false,"template":"","format":"standard","meta":{"footnotes":""},"categories":[21,36,25,32],"tags":[],"class_list":["post-477358","post","type-post","status-publish","format-standard","has-post-thumbnail","hentry","category-cultura","category-hombresmujeresycosas","category-gente","category-turismo"],"_links":{"self":[{"href":"https:\/\/diariodominicano.com\/index.php?rest_route=\/wp\/v2\/posts\/477358","targetHints":{"allow":["GET"]}}],"collection":[{"href":"https:\/\/diariodominicano.com\/index.php?rest_route=\/wp\/v2\/posts"}],"about":[{"href":"https:\/\/diariodominicano.com\/index.php?rest_route=\/wp\/v2\/types\/post"}],"author":[{"embeddable":true,"href":"https:\/\/diariodominicano.com\/index.php?rest_route=\/wp\/v2\/users\/28"}],"replies":[{"embeddable":true,"href":"https:\/\/diariodominicano.com\/index.php?rest_route=%2Fwp%2Fv2%2Fcomments&post=477358"}],"version-history":[{"count":5,"href":"https:\/\/diariodominicano.com\/index.php?rest_route=\/wp\/v2\/posts\/477358\/revisions"}],"predecessor-version":[{"id":477367,"href":"https:\/\/diariodominicano.com\/index.php?rest_route=\/wp\/v2\/posts\/477358\/revisions\/477367"}],"wp:featuredmedia":[{"embeddable":true,"href":"https:\/\/diariodominicano.com\/index.php?rest_route=\/wp\/v2\/media\/477359"}],"wp:attachment":[{"href":"https:\/\/diariodominicano.com\/index.php?rest_route=%2Fwp%2Fv2%2Fmedia&parent=477358"}],"wp:term":[{"taxonomy":"category","embeddable":true,"href":"https:\/\/diariodominicano.com\/index.php?rest_route=%2Fwp%2Fv2%2Fcategories&post=477358"},{"taxonomy":"post_tag","embeddable":true,"href":"https:\/\/diariodominicano.com\/index.php?rest_route=%2Fwp%2Fv2%2Ftags&post=477358"}],"curies":[{"name":"wp","href":"https:\/\/api.w.org\/{rel}","templated":true}]}}