{"id":477298,"date":"2023-10-04T22:24:42","date_gmt":"2023-10-05T02:24:42","guid":{"rendered":"http:\/\/diariodominicano.com\/?p=477298"},"modified":"2023-10-04T22:34:56","modified_gmt":"2023-10-05T02:34:56","slug":"centro-cultural-banreservas-en-octubre-tiene-obra-vicente-pimentel-la-historia-de-la-bienal-y-exposicion-macondo-en-sd","status":"publish","type":"post","link":"https:\/\/diariodominicano.com\/?p=477298","title":{"rendered":"Centro Cultural Banreservas, en octubre , tiene obra Vicente Pimentel, la historia de la Bienal y exposici\u00f3n Macondo en SD"},"content":{"rendered":"\n<p> Myrna Guerrero Villalona, directora del del Museo Bellapart hablar\u00e1 sobre la obra de Vicente Pimentel, este s\u00e1bado 7 de octubre, desde las 10 y 30 de la ma\u00f1ana, en el auditorio del Centro Cultural Banreservas. <\/p>\n\n\n\n<p>Este s\u00e1bado 7 se analiza la obra de Vicente Pimentel. El jueves 26 se monta la exposici\u00f3n, de Jos\u00e9 Cestero Macondo en Santo Domingo y el viernes 27 se describe la historia de la Bienal de Artes Visuales<\/p>\n\n\n\n<figure class=\"wp-block-image size-full\"><img loading=\"lazy\" decoding=\"async\" width=\"567\" height=\"456\" src=\"https:\/\/diariodominicano.com\/wp-content\/uploads\/2023\/10\/Jose-Cesteropintor-domincano-que-presenta-Macondo-en-Santo-Domingo.png\" alt=\"\" class=\"wp-image-477301\" srcset=\"https:\/\/diariodominicano.com\/wp-content\/uploads\/2023\/10\/Jose-Cesteropintor-domincano-que-presenta-Macondo-en-Santo-Domingo.png 567w, https:\/\/diariodominicano.com\/wp-content\/uploads\/2023\/10\/Jose-Cesteropintor-domincano-que-presenta-Macondo-en-Santo-Domingo-300x241.png 300w\" sizes=\"auto, (max-width: 567px) 100vw, 567px\" \/><figcaption> Jos\u00e9 Cestero, maestro de la pintura y el dibujo, expone el jueves 26 Macondo en Santo Domingo, en la sala Ada Balc\u00e1cer, del Centro Cultural Banreservas. <\/figcaption><\/figure>\n\n\n\n<p>Servicio de prensa<\/p>\n\n\n\n<p>El Centro Cultural Banreservas anunci\u00f3 que, en octubre, pondr\u00e1 a circular el cat\u00e1logo del pintor Vicente Pimentel, y que acoger\u00e1 un coloquio a cargo del Museo Bellapart a cargo de su directora, Myrna Guerrero Villalona este s\u00e1bado 7,desde las 10 y 30 de la ma\u00f1ana.<\/p>\n\n\n\n<p>Mijail Peralta Rodr\u00edguez, gerente de Cultura de Banreservas, inform\u00f3 que se ha editado un cat\u00e1logo de edici\u00f3n limitada de las obras de Pimentel para compartir la impecabilidad y enfoques visuales del pintor fallecido el pasado mes de mayo.<\/p>\n\n\n\n<figure class=\"wp-block-image size-full is-resized\"><img loading=\"lazy\" decoding=\"async\" src=\"https:\/\/diariodominicano.com\/wp-content\/uploads\/2023\/10\/Maria-Elena-Ditren.jpg\" alt=\"\" class=\"wp-image-477304\" width=\"604\" height=\"528\" srcset=\"https:\/\/diariodominicano.com\/wp-content\/uploads\/2023\/10\/Maria-Elena-Ditren.jpg 638w, https:\/\/diariodominicano.com\/wp-content\/uploads\/2023\/10\/Maria-Elena-Ditren-300x262.jpg 300w\" sizes=\"auto, (max-width: 604px) 100vw, 604px\" \/><figcaption> Mar\u00eda Elena Ditr\u00e9n analizar\u00e1 la historia de la Bienal de Artes Visuales el viernes 27 en el auditorio del Centro Cultural Banreservas. <\/figcaption><\/figure>\n\n\n\n<p>Peralta dijo que el viernes 27 de octubre, desde las siete de la noche se presenta la conferencia Una mirada hist\u00f3rica a la Bienal Nacional de Artes Visuales, a cargo de Mar\u00eda Elena Ditr\u00e9n, ex organizadora de varias de sus versiones. &nbsp;Esta actividad se desarrolla con el auspicio de la Asociaci\u00f3n Dominicana de Historiadores del Arte (ADHA).<\/p>\n\n\n\n<figure class=\"wp-block-image size-full\"><img loading=\"lazy\" decoding=\"async\" width=\"640\" height=\"376\" src=\"https:\/\/diariodominicano.com\/wp-content\/uploads\/2023\/10\/Mijail-Peralta-Rodriguez-muestra-la-obra-de-Vicente-Pimentel-en-la-apertura-de-la-exposicion-del-artista-en-Centro-Cultural-Banreservas..jpg\" alt=\"\" class=\"wp-image-477307\" srcset=\"https:\/\/diariodominicano.com\/wp-content\/uploads\/2023\/10\/Mijail-Peralta-Rodriguez-muestra-la-obra-de-Vicente-Pimentel-en-la-apertura-de-la-exposicion-del-artista-en-Centro-Cultural-Banreservas..jpg 640w, https:\/\/diariodominicano.com\/wp-content\/uploads\/2023\/10\/Mijail-Peralta-Rodriguez-muestra-la-obra-de-Vicente-Pimentel-en-la-apertura-de-la-exposicion-del-artista-en-Centro-Cultural-Banreservas.-300x176.jpg 300w\" sizes=\"auto, (max-width: 640px) 100vw, 640px\" \/><figcaption> Mijail Peralta Rodr\u00edguez muestra la obra de Vicente Pimentel en la apertura de la exposicion del artista, en el Centro Cultural Banreservas. <\/figcaption><\/figure>\n\n\n\n<p>Ditr\u00e9n develar\u00e1 detalles del origen de la Bienal de Artes Visuales, su desarrollo, sus aciertos y las pol\u00e9micas en torno al evento, que surgi\u00f3 en 1942 a propuesta del doctor Rafael D\u00edaz Niese (1897-1950), m\u00e9dico e intelectual crucial en el proceso cultural y a la que respald\u00f3 durante sus diez primeras convocatorias (1942-1960).<\/p>\n\n\n\n<p>Ditr\u00e9n reconstruye los aspectos de las ediciones de la Bienal de Artes Visuales, en tanto ha sido un evento fundamental para la exposici\u00f3n de la obra de los creadores de arte visual.<\/p>\n\n\n\n<p>Se adelanta que existe gran inter\u00e9s por concurrir a esta conferencia por parte de pintores, maestros y estudiantes de arte. Peralta Rodr\u00edguez recomienda reservar cupo al tel\u00e9fono 809-960-2121 o por el correo electr\u00f3nico <a href=\"mailto:centroculturalbanreservas@banreservas.com\">centroculturalbanreservas@banreservas.com<\/a>.<\/p>\n\n\n\n<p><strong>Sobre Vicente Pimentel<\/strong><\/p>\n\n\n\n<p>El Centro Banreservas recuerda que Pimentel fue un artista conocido por lo meticuloso, conceptual y comprometido de su ejercicio, reflexion\u00f3 sobre el pensamiento dial\u00e9ctico y los valores humanos en su obra y por el compromiso con los valores humanos y el est\u00edmulo a las nuevas generaciones para que se expresaran pict\u00f3ricamente, llegando a entregar pinceles y papel al p\u00fablico infantojuvenil que ven\u00eda a los museos parisinos.<\/p>\n\n\n\n<p>Al coloquio de este pr\u00f3ximo s\u00e1bado, se est\u00e1 convocando a pintores, estudiantes de las escuelas de pintoras, docentes de arte, admiradores de la obra de Pimentel y gestores culturales interesados, adem\u00e1s de grupos familiares interesados. Pimentel desarroll\u00f3 en Francia una labor pict\u00f3rica que fue reconocida por del Senado de ese pa\u00eds en febrero de este a\u00f1o destacando sus aportes a la cultura, trayectoria y v\u00ednculo con esa naci\u00f3n europea.<\/p>\n\n\n\n<p>Tambi\u00e9n el pintor quisqueyano gan\u00f3 en Francia el premio Ville de V\u00edrtry, en 1982, entre otras distinciones. Ten\u00eda 76 a\u00f1os de edad. Fue ganador de la Bienal de Santo Domingo en 1985 y declarado Premio Nacional de Artes Visuales en 2020 por el Ministerio de Cultura, siendo el \u00faltimo homenaje que recibi\u00f3 en su patria.<\/p>\n\n\n\n<p><strong>Cestero y su Macondo<\/strong><\/p>\n\n\n\n<p>El Centro Cultural Banreservas anunci\u00f3 que el jueves 26 de octubre, inaugura la exposici\u00f3n Macondo en Santo Domingo, con obras del maestro Jos\u00e9 Cestero, en la cual se plasma la visi\u00f3n del creador visual dominicano en torno al universo literario de 100 a\u00f1os de soledad.<\/p>\n\n\n\n<p>La actividad se completa con un conversatorio al d\u00eda siguiente, el viernes 27, con un conversatorio iniciando a &nbsp;7 de la noche en el auditorio.<\/p>\n\n\n\n<p>Jos\u00e9 Cestero fue disc\u00edpulo aventajado de los maestros Jos\u00e9ph Fulop, Gilberto Hern\u00e1ndez Ortega y Jos\u00e9 Gausachs y que, tras estudiar en Estados Unidos, regres\u00f3 para ser considerado uno de los mejores dibujantes del pa\u00eds. Cestero, dice la cr\u00edtica, ha desarrollado un estilo buc\u00f3lico de miradas suaves trabajando los entornos y perfiles de la Ciudad Colonial.<\/p>\n\n\n\n<p>Jose Rafael Paula Sosa<a target=\"_blank\" href=\"mailto:joserafael.sosa@gmail.com\" rel=\"noreferrer noopener\">joserafael.sosa@gmail.com<\/a><\/p>\n","protected":false},"excerpt":{"rendered":"<p>Myrna Guerrero Villalona, directora del del Museo Bellapart hablar\u00e1 sobre la obra de Vicente Pimentel, este s\u00e1bado 7 de octubre, desde las 10 y 30 de la ma\u00f1ana, en el auditorio del Centro Cultural Banreservas. Este s\u00e1bado 7 se analiza la obra de Vicente Pimentel. El jueves 26 se monta la exposici\u00f3n, de Jos\u00e9 Cestero [&hellip;]<\/p>\n","protected":false},"author":28,"featured_media":477299,"comment_status":"closed","ping_status":"","sticky":true,"template":"","format":"standard","meta":{"footnotes":""},"categories":[21,36,25,27,32],"tags":[],"class_list":["post-477298","post","type-post","status-publish","format-standard","has-post-thumbnail","hentry","category-cultura","category-hombresmujeresycosas","category-gente","category-portada","category-turismo"],"_links":{"self":[{"href":"https:\/\/diariodominicano.com\/index.php?rest_route=\/wp\/v2\/posts\/477298","targetHints":{"allow":["GET"]}}],"collection":[{"href":"https:\/\/diariodominicano.com\/index.php?rest_route=\/wp\/v2\/posts"}],"about":[{"href":"https:\/\/diariodominicano.com\/index.php?rest_route=\/wp\/v2\/types\/post"}],"author":[{"embeddable":true,"href":"https:\/\/diariodominicano.com\/index.php?rest_route=\/wp\/v2\/users\/28"}],"replies":[{"embeddable":true,"href":"https:\/\/diariodominicano.com\/index.php?rest_route=%2Fwp%2Fv2%2Fcomments&post=477298"}],"version-history":[{"count":6,"href":"https:\/\/diariodominicano.com\/index.php?rest_route=\/wp\/v2\/posts\/477298\/revisions"}],"predecessor-version":[{"id":477308,"href":"https:\/\/diariodominicano.com\/index.php?rest_route=\/wp\/v2\/posts\/477298\/revisions\/477308"}],"wp:featuredmedia":[{"embeddable":true,"href":"https:\/\/diariodominicano.com\/index.php?rest_route=\/wp\/v2\/media\/477299"}],"wp:attachment":[{"href":"https:\/\/diariodominicano.com\/index.php?rest_route=%2Fwp%2Fv2%2Fmedia&parent=477298"}],"wp:term":[{"taxonomy":"category","embeddable":true,"href":"https:\/\/diariodominicano.com\/index.php?rest_route=%2Fwp%2Fv2%2Fcategories&post=477298"},{"taxonomy":"post_tag","embeddable":true,"href":"https:\/\/diariodominicano.com\/index.php?rest_route=%2Fwp%2Fv2%2Ftags&post=477298"}],"curies":[{"name":"wp","href":"https:\/\/api.w.org\/{rel}","templated":true}]}}