{"id":477275,"date":"2023-10-04T21:39:40","date_gmt":"2023-10-05T01:39:40","guid":{"rendered":"http:\/\/diariodominicano.com\/?p=477275"},"modified":"2023-10-04T21:41:39","modified_gmt":"2023-10-05T01:41:39","slug":"haidy-cruz-exhorta-a-mujeres-a-priorizar-su-bienestar-fisico-y-emocional","status":"publish","type":"post","link":"https:\/\/diariodominicano.com\/?p=477275","title":{"rendered":"Haidy Cruz exhorta a mujeres a priorizar su bienestar f\u00edsico y emocional"},"content":{"rendered":"\n<p>Celeste P\u00e9rez, Haidy Cruz, Mirna Pimentel \u00a0y B\u00e1rbara Plaza<\/p>\n\n\n\n<p><em>La fitness coach busca empoderar a la mujer dominicana de manera personal y profesional<\/em><\/p>\n\n\n\n<p><strong>Distrito Nacional, Santo Domingo.-<\/strong>&nbsp;Haidy Cruz incentiv\u00f3 a las dominicanas a trav\u00e9s de una charla titulada \u201cTu Momento es Ahora: S\u00ed Se Puede\u201d, sobre la importancia &nbsp;de no procrastinar el &nbsp;amor propio y el bienestar f\u00edsico y emocional en el marco de desarrollo del evento para mujeres m\u00e1s grande de Rep\u00fablica Dominicana \u201cDays To Shine\u201d.<\/p>\n\n\n\n<p>Cruz indic\u00f3 que la clave de su \u00e9xito en su vida personal y profesional ha sido el amor propio y su motor para impulsar a alcanzar sus metas como empresaria es su rol como madre soltera.<\/p>\n\n\n\n<figure class=\"wp-block-image size-large\"><img loading=\"lazy\" decoding=\"async\" width=\"1024\" height=\"712\" src=\"https:\/\/diariodominicano.com\/wp-content\/uploads\/2023\/10\/Anny-Abate-Haidy-Cruz-Ana-Mercy-Otan\u0303ez-y-Elizabeth-Founder-1024x712.jpeg\" alt=\"\" class=\"wp-image-477279\" srcset=\"https:\/\/diariodominicano.com\/wp-content\/uploads\/2023\/10\/Anny-Abate-Haidy-Cruz-Ana-Mercy-Otan\u0303ez-y-Elizabeth-Founder-1024x712.jpeg 1024w, https:\/\/diariodominicano.com\/wp-content\/uploads\/2023\/10\/Anny-Abate-Haidy-Cruz-Ana-Mercy-Otan\u0303ez-y-Elizabeth-Founder-300x209.jpeg 300w, https:\/\/diariodominicano.com\/wp-content\/uploads\/2023\/10\/Anny-Abate-Haidy-Cruz-Ana-Mercy-Otan\u0303ez-y-Elizabeth-Founder-768x534.jpeg 768w, https:\/\/diariodominicano.com\/wp-content\/uploads\/2023\/10\/Anny-Abate-Haidy-Cruz-Ana-Mercy-Otan\u0303ez-y-Elizabeth-Founder-1536x1068.jpeg 1536w, https:\/\/diariodominicano.com\/wp-content\/uploads\/2023\/10\/Anny-Abate-Haidy-Cruz-Ana-Mercy-Otan\u0303ez-y-Elizabeth-Founder-816x567.jpeg 816w, https:\/\/diariodominicano.com\/wp-content\/uploads\/2023\/10\/Anny-Abate-Haidy-Cruz-Ana-Mercy-Otan\u0303ez-y-Elizabeth-Founder.jpeg 1600w\" sizes=\"auto, (max-width: 1024px) 100vw, 1024px\" \/><figcaption>Anny Abate, Haidy Cruz, Ana Mercy Ota\u00f1ez y Elizabeth Founder<br><\/figcaption><\/figure>\n\n\n\n<p>\u201cPara mi el amor propio es la clave para alcanzar nuestras metas y los sue\u00f1os que anhelamos, es el motor que nos impulsa a levantarnos cada d\u00eda con determinaci\u00f3n y confianza en nosotros mismos\u201d, resalt\u00f3 Haidy Cruz.<\/p>\n\n\n\n<p>Asimismo, habl\u00f3 de c\u00f3mo se ha convertido a trav\u00e9s del tiempo en una herramienta de inspiraci\u00f3n para muchas personas. \u201cNo permitas que alguien venga a ti sin irse mejor o m\u00e1s feliz\u201d.<\/p>\n\n\n\n<p>\u201cLo m\u00e1s importante en su vida no es hacer alarde de lo obtenido, sino valorar el sacrificio que hay detr\u00e1s de su \u00e9xito. Es por eso que los invito a que no tengan miedo de caminar solos, a todos en alg\u00fan momento nos toca caminar sin alguien\u201d, dijo.<\/p>\n\n\n\n<p>Finalmente motiv\u00f3 al p\u00fablico a que valoren cada momento de sus vidas, ya sea con sus hijos, padres, porque el tiempo es lo \u00fanico que no regresa.<\/p>\n\n\n\n<p>Esta conferencia tuvo lugar en el Sal\u00f3n Canciller del Hotel Gran Embajador en la quinta edici\u00f3n del evento Days To Shine en la ciudad de Santo Domingo.<\/p>\n\n\n\n<p>Gabriella Corti Gir\u00f3n<a target=\"_blank\" href=\"mailto:gabriellacortigiron@gmail.com\" rel=\"noreferrer noopener\">gabriellacortigiron@gmail.com<\/a><\/p>\n","protected":false},"excerpt":{"rendered":"<p>Celeste P\u00e9rez, Haidy Cruz, Mirna Pimentel \u00a0y B\u00e1rbara Plaza La fitness coach busca empoderar a la mujer dominicana de manera personal y profesional Distrito Nacional, Santo Domingo.-&nbsp;Haidy Cruz incentiv\u00f3 a las dominicanas a trav\u00e9s de una charla titulada \u201cTu Momento es Ahora: S\u00ed Se Puede\u201d, sobre la importancia &nbsp;de no procrastinar el &nbsp;amor propio y [&hellip;]<\/p>\n","protected":false},"author":28,"featured_media":477276,"comment_status":"closed","ping_status":"","sticky":false,"template":"","format":"standard","meta":{"footnotes":""},"categories":[36,25,32],"tags":[],"class_list":["post-477275","post","type-post","status-publish","format-standard","has-post-thumbnail","hentry","category-hombresmujeresycosas","category-gente","category-turismo"],"_links":{"self":[{"href":"https:\/\/diariodominicano.com\/index.php?rest_route=\/wp\/v2\/posts\/477275","targetHints":{"allow":["GET"]}}],"collection":[{"href":"https:\/\/diariodominicano.com\/index.php?rest_route=\/wp\/v2\/posts"}],"about":[{"href":"https:\/\/diariodominicano.com\/index.php?rest_route=\/wp\/v2\/types\/post"}],"author":[{"embeddable":true,"href":"https:\/\/diariodominicano.com\/index.php?rest_route=\/wp\/v2\/users\/28"}],"replies":[{"embeddable":true,"href":"https:\/\/diariodominicano.com\/index.php?rest_route=%2Fwp%2Fv2%2Fcomments&post=477275"}],"version-history":[{"count":3,"href":"https:\/\/diariodominicano.com\/index.php?rest_route=\/wp\/v2\/posts\/477275\/revisions"}],"predecessor-version":[{"id":477280,"href":"https:\/\/diariodominicano.com\/index.php?rest_route=\/wp\/v2\/posts\/477275\/revisions\/477280"}],"wp:featuredmedia":[{"embeddable":true,"href":"https:\/\/diariodominicano.com\/index.php?rest_route=\/wp\/v2\/media\/477276"}],"wp:attachment":[{"href":"https:\/\/diariodominicano.com\/index.php?rest_route=%2Fwp%2Fv2%2Fmedia&parent=477275"}],"wp:term":[{"taxonomy":"category","embeddable":true,"href":"https:\/\/diariodominicano.com\/index.php?rest_route=%2Fwp%2Fv2%2Fcategories&post=477275"},{"taxonomy":"post_tag","embeddable":true,"href":"https:\/\/diariodominicano.com\/index.php?rest_route=%2Fwp%2Fv2%2Ftags&post=477275"}],"curies":[{"name":"wp","href":"https:\/\/api.w.org\/{rel}","templated":true}]}}