{"id":477258,"date":"2023-10-04T21:17:35","date_gmt":"2023-10-05T01:17:35","guid":{"rendered":"http:\/\/diariodominicano.com\/?p=477258"},"modified":"2023-10-04T21:20:20","modified_gmt":"2023-10-05T01:20:20","slug":"j-balvin-icono-latino-de-moda-del-ano-prendera-fuego-al-escenario-durante-el-show-de-medio-tiempo-de-los-primeros-latin-american-fashion-awards","status":"publish","type":"post","link":"https:\/\/diariodominicano.com\/?p=477258","title":{"rendered":"J Balvin, \u201c\u00cdcono Latino de Moda del A\u00f1o\u201d, prender\u00e1 fuego al escenario durante el show de medio tiempo de los primeros Latin American Fashion Awards"},"content":{"rendered":"\n<p>J BALVIN x Latin American Fashion Awards <\/p>\n\n\n\n<ul class=\"wp-block-list\"><li><strong>Las entradas est\u00e1n disponibles a la venta en<\/strong><a href=\"http:\/\/theawards.uepa.com\"><strong>UEPA Tickets<\/strong><\/a><strong><u><\/u><\/strong><\/li><\/ul>\n\n\n\n<p><strong>Santo Domingo, 4 de octubre del 2023 <\/strong>&#8211;&nbsp;<a href=\"https:\/\/latinamericanfashionawards.com\/es\/\"><strong>Latin American Fashion Awards<\/strong><\/a><strong>,<\/strong> el evento de moda sin precedentes en la regi\u00f3n, fundado por dos legendarias de la moda y expertas creativas, Constanza Etro y Silvia Arg\u00fcello, anuncia a la estrella internacional&nbsp;<strong>J Balvin como \u201c\u00cdcono Latino de Moda del A\u00f1o\u201d<\/strong>. El reconocido artista internacional prender\u00e1 fuego al escenario de <strong>Altos Chav\u00f3n, el pr\u00f3ximo 4 de noviembre<\/strong>, durante el show de medio tiempo, donde deleitar\u00e1 a la audiencia y celebrar\u00e1 la vibrante cultura latinoamericana.<\/p>\n\n\n\n<p>So\u00f1ar en grande, trabajar sin cesar, honrar al talento latinoamericano son los valores compartidos entre J Balvin y Latin American Fashion Awards, convirti\u00e9ndolo, sin dudas, en el ganador de este reconocimiento \u00fanico.<\/p>\n\n\n\n<p>\u201cEs un verdadero honor compartir el escenario con J Balvin. Su inspiradora historia de vida y su talento innato para poner a bailar al mundo entero encender\u00e1 a la audiencia y empoderar\u00e1 a las generaciones futuras de talentos latinoamericanos\u00bb,&nbsp;&#8211; dicen las cofundadoras <strong>Constanza Etro<\/strong> y <strong>Silvia Arg\u00fcello<\/strong>.<\/p>\n\n\n\n<p>\u201cEstoy emocionado de estar celebrando a la pr\u00f3xima generaci\u00f3n de dise\u00f1adores latinoamericanos y de estar rodeado de mentes creativas dispuestas a traspasar nuevos l\u00edmites. Me siento honrado de ser parte de este evento que valora los m\u00e1s altos est\u00e1ndares de la creatividad y el trabajo duro.\u201d<strong>&nbsp;&#8211; J Balvin.<\/strong><\/p>\n\n\n\n<p><strong>Leslie Grace,<\/strong>&nbsp;reconocida actriz y cantante de ra\u00edces dominicanas, ser\u00e1 la anfitriona de la Ceremonia de Premiaci\u00f3n, donde se revelar\u00e1n los&nbsp;<strong>ganadores de las 14 <\/strong><strong>categor\u00edas de premios de los Latin American Fashion Awards.<\/strong><\/p>\n\n\n\n<p>El prestigioso jurado, presidido por el dise\u00f1ador franc\u00e9s<strong>&nbsp;Haider Ackermann<\/strong>, est\u00e1 compuesto por grandes referentes de la industria de la moda internacional, quienes han asumido el compromiso genuino de honrar los valores del proyecto y unirse para crear una plataforma global que pondr\u00e1 al talento latinoamericano ante los ojos del mundo. En el jurado tambi\u00e9n se encuentran el CEO del Council of Fashion Designers of America (CFDA),&nbsp;<strong>Steven Kolb;<\/strong> el presidente de la Camera Nazionale della Moda Italiana,&nbsp;<strong>Carlo Capasa;<\/strong>&nbsp; la editora en jefe de ELLE USA,&nbsp;<strong>Nina<\/strong> <strong>Garcia<\/strong>; la directora de Contenido Editorial para Vogue M\u00e9xico &amp; Latinoam\u00e9rica,&nbsp;<strong>Karla Mart\u00ednez de Salas<\/strong>;&nbsp; la periodista e \u00edcono de moda,&nbsp;<strong>Anna Dello Russo<\/strong>; el estilista y editor de moda global de i-D,&nbsp;<strong>Carlos Nazario<\/strong>; la supermodelo, actriz y activista,&nbsp;<strong>Indya Moore<\/strong>; el director creativo y experto en sostenibilidad,&nbsp;<strong>Kean Etro<\/strong>; el fot\u00f3grafo y cineasta,&nbsp;<strong>Bruno Aveillan<\/strong>; la directora creativa de la Fondazione Sozzani,&nbsp;<strong>Sara Sozzani Maino<\/strong>; la fil\u00e1ntropa, inversora estrat\u00e9gica y empresaria&nbsp;<strong>Carmen Busquets<\/strong>;&nbsp; la directora creativa <strong>Margherita Missoni<\/strong>; el fundador de Osklen y embajador de Buena Voluntad de la ONU, <strong>Oskar Metsavaht<\/strong>; la directora de moda de Vogue Brasil,&nbsp;<strong>V\u00edvian Sotoc\u00f3rno<\/strong>; y la directora global de Photo Vogue,&nbsp;<strong>Alessia Glaviano<\/strong>.<\/p>\n\n\n\n<p>La convocatoria abierta al talento latinoamericano recibi\u00f3 <strong>m\u00e1s de 1.500 candidaturas de m\u00e1s de 23 pa\u00edses<\/strong>. La lista de estrellas emergentes seleccionadas por el prestigioso jurado internacional incluye a los dise\u00f1adores <strong>Ra\u00fal Lopez, Willy Chavarr\u00eda, Johanna Ortiz, Stella Jean y Elena Velez<\/strong>; la dise\u00f1adora de accesorios <strong>Daniela Villegas<\/strong>; el proyecto responsable de <strong>Carla Fern\u00e1ndez<\/strong>; las influencers de moda <strong>Camila Coutinho <\/strong>y <strong>Marina Testino<\/strong>; los fot\u00f3grafos de moda <strong>Mar+Vin <\/strong>y <strong>Camila Falquez<\/strong>; y la modelo <strong>Hiandra Martinez<\/strong>, entre otros.<\/p>\n\n\n\n<p>El ic\u00f3nico trofeo de Latin American Fashion Awards fue dise\u00f1ado por el cotizado artista contempor\u00e1neo salvadore\u00f1o <strong>Studio Lenca<\/strong>, quien est\u00e1basado actualmente en los Estudios STK de Tracey Emin en Londres.<\/p>\n\n\n\n<p><strong>Los tickets para asistir a la ceremonia de premiaci\u00f3n de los Latin American Fashion Awards est\u00e1n disponibles a la venta en <\/strong><a href=\"http:\/\/theawards.uepa.com\"><strong>UEPA Tickets<\/strong><\/a><strong>.<\/strong><strong><\/strong><\/p>\n\n\n\n<p><strong>Sobre Latin American Fashion Awards:<\/strong><\/p>\n\n\n\n<p>Latin American Fashion Awards es un proyecto bienal sin precedentes de moda y cultura que celebra al mejor talento latinoamericano en el mundo, y provee un ecosistema de desarrollo para su crecimiento. Su misi\u00f3n es la de honrar la herencia cultural de la regi\u00f3n, celebrando la diversidad y la inclusi\u00f3n, y promoviendo el futuro del m\u00e1s destacado talento latinoamericano, marcando la diferencia en la industria de la moda.&nbsp;<\/p>\n\n\n\n<p>Del 2 al 5 de noviembre del 2023, se llevar\u00e1n a cabo las celebraciones que integran la agenda de premiaci\u00f3n iniciando con la apertura de los premios en la hist\u00f3rica villa privada del c\u00e9lebre dise\u00f1ador dominicano, Oscar de la Renta, en Puntacana Resort &amp; Club. El s\u00e1bado 4 de Noviembre, tendr\u00e1 lugar la esperada ceremonia de premiaci\u00f3n en el ic\u00f3nico Anfiteatro Altos de Chav\u00f3n en Casa de Campo.<\/p>\n\n\n\n<p>Latin American Fashion Awards ha sido posible gracias al apoyo incondicional de los Socios Fundadores provenientes del pa\u00eds anfitri\u00f3n: <a href=\"http:\/\/www.alyon.com\/\"><strong>Alyon<\/strong><\/a><strong>,<\/strong> <a href=\"http:\/\/www.kahkow.do\/\"><strong>Grupo Rizek<\/strong><\/a>, <a href=\"http:\/\/www.ronbarcelo.com\/\"><strong>Ron Barcel\u00f3<\/strong><\/a>, <a href=\"http:\/\/www.casadecampo.com.do\/\"><strong>Casa de Campo<\/strong><\/a>, <a href=\"http:\/\/www.grupopuntacana.com.do\/es\"><strong>Grupo Puntacana<\/strong><\/a>, <a href=\"http:\/\/www.casasdelxvi.net\/\"><strong>Casas del XVI<\/strong><\/a>, <a href=\"http:\/\/www.popularenlinea.com\/\"><strong>Banco Popular Dominicano<\/strong><\/a> y <a href=\"https:\/\/www.instagram.com\/gamalrd\/?hl=es\"><strong>Gamal\u2122<\/strong><\/a>; as\u00ed como el apoyo de los socios colaboradores: <a href=\"https:\/\/fashionfilmfestivalmilano.com\/\"><strong>Fashion Film Festival Milano<\/strong><\/a>, <a href=\"https:\/\/www.cameramoda.it\/en\/\"><strong>Camera Nazionale della<\/strong><\/a><a href=\"https:\/\/www.cameramoda.it\/en\/\"> <\/a><a href=\"https:\/\/www.cameramoda.it\/en\/\"><strong>Moda Italiana<\/strong><\/a>, <a href=\"https:\/\/www.whiteshow.com\/en\/\"><strong>WHITE show Milano<\/strong><\/a> y <a href=\"https:\/\/cfda.com\/\"><strong>Council of Fashion Designers of America, CFDA<\/strong><\/a>.<\/p>\n\n\n\n<p>Para m\u00e1s informaci\u00f3n, visita&nbsp;<a href=\"http:\/\/www.latinamericanfashionawards.com\"><strong>www.latinamericanfashionawards.com<\/strong><\/a><strong>&nbsp;<\/strong>y sigue a&nbsp;<a href=\"https:\/\/www.instagram.com\/latinamericanfashionawards\/\"><strong>@latinamericanfashionawards<\/strong><\/a><strong><\/strong><\/p>\n\n\n\n<p><strong>Acerca de las Cofundadoras de Latin American Fashion Awards:<\/strong><strong><\/strong><\/p>\n\n\n\n<p><strong>Constanza Etro<\/strong><\/p>\n\n\n\n<h6 class=\"wp-block-heading\">Considerada \u00abuna de las mujeres m\u00e1s influyentes de Italia\u00bb por Forbes Italia en 2020, Constanza es una empresaria de \u00e9xito apasionada por promover el talento joven, la sostenibilidad y el empoderamiento de la mujer dentro de la moda y el cine. Naci\u00f3 en Buenos Aires antes de trasladarse a Ciudad de M\u00e9xico, donde fund\u00f3 la prestigiosa agencia Cavalli Comunicaci\u00f3n, tuvo su propio programa de televisi\u00f3n, trabaj\u00f3 como modelo con los dise\u00f1adores de moda latinoamericanos m\u00e1s relevantes y fue editora de moda de la entonces reci\u00e9n nacida Fashion Week M\u00e9xico. Se mud\u00f3 a Mil\u00e1n casada con el dise\u00f1ador de moda italiano Kean Etro, donde es fundadora y CEO del Fashion Film Festival Milano desde 2014. El festival es el primer y m\u00e1s destacado Fashion Film Festival del mundo. Ha atra\u00eddo a prestigiosos jurados como Giorgio Armani, Pierpaolo Piccioli, Franca Sozzani, Luca Guadagnino, Laura Brown, Nadia Lee Cohen y Harris Reed, entre otros. Ha comisariado varias exposiciones en la Triennale di Milano, en el MIAC de Roma y en el Museo de Artes Orientales MAO de Tur\u00edn. Constanza es miembro del Consejo Asesor de la Camera Nazionale della Moda Italiana Fashion Trust. Constanza recibi\u00f3 el Premio de la Moda MCFW otorgado por la C\u00e1mara de la Moda de M\u00f3naco y el Primer Ministro de M\u00f3naco, y fue fotografiada en el libro \u00abCircle of Love \u00abcreado por Sheikha Intisar Al-Sabah de Kuwait. Constanza participa ahora en \u00abMentorship Milano 2023\u00bb, un proyecto del Ayuntamiento de Mil\u00e1n para apoyar y empoderar a las mujeres j\u00f3venes.<\/h6>\n\n\n\n<p><strong>Silvia Arg\u00fcello<\/strong><\/p>\n\n\n\n<h6 class=\"wp-block-heading\">El arte contempor\u00e1neo, la moda, la emancipaci\u00f3n de las mujeres y Latinoam\u00e9rica son sin duda las grandes pasiones de la dise\u00f1adora de ra\u00edces cubano-nicarag\u00fcenses. Con m\u00e1s de 20 a\u00f1os de experiencia en la industria de la moda entre Par\u00eds y Mil\u00e1n, Silvia es fundadora y ex-directora creativa de la marca Rosa Clandestino, cuenta con numerosos reconocimientos por sus consultor\u00edas de moda, proyectos sociales&nbsp;y dise\u00f1os de alta costura. Entre otros, el prestigioso premio \u201cWho\u2019s on Next\u201d de Vogue Italia, el proyecto \u201cFashion Freedom for Africa\u201d de las Naciones Unidas para la emancipaci\u00f3n de las mujeres africanas en Kenia\u201c, La exhibici\u00f3n \u201cPelle Italiana\u201d en el famoso museo de dise\u00f1o Triennale de Mil\u00e1n y \u201cEl Mundo de Alc\u00e1ntara\u201d en la ciudad de Los \u00c1ngeles.<\/h6>\n\n\n\n<p>Elizabeth Mar\u00ednez |&nbsp;elizabeth.martinez<a href=\"mailto:kirsty.coleman@purplepr.com\">@caribbean<\/a><a href=\"mailto:kirsty.coleman@purplepr.com\">pn.com<\/a>&nbsp;<\/p>\n\n\n\n<p><a href=\"http:\/\/www.latinamericanfashionawards.com\"><strong>www.latinamericanfashionawards.com<\/strong><\/a><strong>&nbsp;<\/strong><\/p>\n\n\n\n<p><a href=\"https:\/\/www.instagram.com\/latinamericanfashionawards\/\"><strong>@latinamericanfashionawards<\/strong><\/a><strong><\/strong><\/p>\n","protected":false},"excerpt":{"rendered":"<p>J BALVIN x Latin American Fashion Awards Las entradas est\u00e1n disponibles a la venta enUEPA Tickets Santo Domingo, 4 de octubre del 2023 &#8211;&nbsp;Latin American Fashion Awards, el evento de moda sin precedentes en la regi\u00f3n, fundado por dos legendarias de la moda y expertas creativas, Constanza Etro y Silvia Arg\u00fcello, anuncia a la estrella [&hellip;]<\/p>\n","protected":false},"author":28,"featured_media":477259,"comment_status":"closed","ping_status":"","sticky":false,"template":"","format":"standard","meta":{"footnotes":""},"categories":[25,32],"tags":[],"class_list":["post-477258","post","type-post","status-publish","format-standard","has-post-thumbnail","hentry","category-gente","category-turismo"],"_links":{"self":[{"href":"https:\/\/diariodominicano.com\/index.php?rest_route=\/wp\/v2\/posts\/477258","targetHints":{"allow":["GET"]}}],"collection":[{"href":"https:\/\/diariodominicano.com\/index.php?rest_route=\/wp\/v2\/posts"}],"about":[{"href":"https:\/\/diariodominicano.com\/index.php?rest_route=\/wp\/v2\/types\/post"}],"author":[{"embeddable":true,"href":"https:\/\/diariodominicano.com\/index.php?rest_route=\/wp\/v2\/users\/28"}],"replies":[{"embeddable":true,"href":"https:\/\/diariodominicano.com\/index.php?rest_route=%2Fwp%2Fv2%2Fcomments&post=477258"}],"version-history":[{"count":4,"href":"https:\/\/diariodominicano.com\/index.php?rest_route=\/wp\/v2\/posts\/477258\/revisions"}],"predecessor-version":[{"id":477263,"href":"https:\/\/diariodominicano.com\/index.php?rest_route=\/wp\/v2\/posts\/477258\/revisions\/477263"}],"wp:featuredmedia":[{"embeddable":true,"href":"https:\/\/diariodominicano.com\/index.php?rest_route=\/wp\/v2\/media\/477259"}],"wp:attachment":[{"href":"https:\/\/diariodominicano.com\/index.php?rest_route=%2Fwp%2Fv2%2Fmedia&parent=477258"}],"wp:term":[{"taxonomy":"category","embeddable":true,"href":"https:\/\/diariodominicano.com\/index.php?rest_route=%2Fwp%2Fv2%2Fcategories&post=477258"},{"taxonomy":"post_tag","embeddable":true,"href":"https:\/\/diariodominicano.com\/index.php?rest_route=%2Fwp%2Fv2%2Ftags&post=477258"}],"curies":[{"name":"wp","href":"https:\/\/api.w.org\/{rel}","templated":true}]}}