{"id":477080,"date":"2023-10-04T01:31:44","date_gmt":"2023-10-04T05:31:44","guid":{"rendered":"http:\/\/diariodominicano.com\/?p=477080"},"modified":"2023-10-04T01:35:16","modified_gmt":"2023-10-04T05:35:16","slug":"club-fenix-reclama-al-miderec-habilitacion-derogada-y-recursos-prometidos","status":"publish","type":"post","link":"https:\/\/diariodominicano.com\/?p=477080","title":{"rendered":"Club F\u00e9nix reclama al MIDEREC habilitaci\u00f3n derogada y recursos prometidos"},"content":{"rendered":"\n<p>Mart\u00edn Olivo<\/p>\n\n\n\n<p> <strong>Mart\u00edn Olivo, presidente del Club Deportivo y Cultural F\u00e9nix, quiere una explicaci\u00f3n por la que esa instituci\u00f3n fue deshabilitada y por qu\u00e9 no le entregaron los trofeos prometidos para su cl\u00e1sico conmemorativo. (Foto: Ivelisse Valenzuela Hilario).<\/strong> <\/p>\n\n\n\n<p><em>La instituci\u00f3n sin fines de lucro dijo estar muy desconcertada con la gesti\u00f3n del ministro deportivo, ya que los han puesto a dar vueltas como trompo y tampoco les entregan los recursos prometidos<\/em><\/p>\n\n\n\n<p>SANTO DOMINGO, RD.- El Club Deportivo y Cultural F\u00e9nix reclam\u00f3 este martes, por tercera ocasi\u00f3n, al Ministro de Deportes y Recreaci\u00f3n (MIDEREC), ingeniero Francisco Camacho Rivas, la raz\u00f3n por la cual fue derogada la habilitaci\u00f3n como instituci\u00f3n sin fines de lucro (ONG) que fue asignada en 2019 por la pasada administraci\u00f3n.<\/p>\n\n\n\n<p>En cartas enviadas al ministro Camacho Rivas y al director de Clubes y Ligas de MIDEREC, Dany Perozo, el periodista Mart\u00edn Olivo, en representaci\u00f3n de la directiva y atletas que forman parte de ese organismo comunitario, solicit\u00f3 la rehabilitaci\u00f3n de su condici\u00f3n porque es una instituci\u00f3n que nunca ha recibido ayuda econ\u00f3mica del Estado.<\/p>\n\n\n\n<p>\u201cEstamos pidiendo la raz\u00f3n por cual la certificaci\u00f3n, firmada el 5 de febrero de 2019 que habilita al Club F\u00e9nix con el n\u00famero 0003\/0208\/2019, fue derogada y echada al zafac\u00f3n, como me dijeron cuando fuimos en 2020 para ponernos a la disposici\u00f3n\u201d, sostuvo Olivo.<\/p>\n\n\n\n<figure class=\"wp-block-image size-full\"><img loading=\"lazy\" decoding=\"async\" width=\"760\" height=\"498\" src=\"https:\/\/diariodominicano.com\/wp-content\/uploads\/2023\/10\/Fenix-reconocimientos-1.jpg\" alt=\"\" class=\"wp-image-477086\" srcset=\"https:\/\/diariodominicano.com\/wp-content\/uploads\/2023\/10\/Fenix-reconocimientos-1.jpg 760w, https:\/\/diariodominicano.com\/wp-content\/uploads\/2023\/10\/Fenix-reconocimientos-1-300x197.jpg 300w\" sizes=\"auto, (max-width: 760px) 100vw, 760px\" \/><figcaption> <strong>El Club Deportivo y Cultural F\u00e9nix tiene un equipo de ciclismo que para poder mantenerse debe contar con los aportes de los directivos y de algunos aficionados. (Foto: Ivelisse Valenzuela Hilario).<\/strong> <\/figcaption><\/figure>\n\n\n\n<figure class=\"wp-block-image size-large\"><img loading=\"lazy\" decoding=\"async\" width=\"1024\" height=\"731\" src=\"https:\/\/diariodominicano.com\/wp-content\/uploads\/2023\/10\/Fenix-reconocimientos-2-a-Picachu-1024x731.jpg\" alt=\"\" class=\"wp-image-477087\" srcset=\"https:\/\/diariodominicano.com\/wp-content\/uploads\/2023\/10\/Fenix-reconocimientos-2-a-Picachu-1024x731.jpg 1024w, https:\/\/diariodominicano.com\/wp-content\/uploads\/2023\/10\/Fenix-reconocimientos-2-a-Picachu-300x214.jpg 300w, https:\/\/diariodominicano.com\/wp-content\/uploads\/2023\/10\/Fenix-reconocimientos-2-a-Picachu-768x548.jpg 768w, https:\/\/diariodominicano.com\/wp-content\/uploads\/2023\/10\/Fenix-reconocimientos-2-a-Picachu-1536x1096.jpg 1536w, https:\/\/diariodominicano.com\/wp-content\/uploads\/2023\/10\/Fenix-reconocimientos-2-a-Picachu-816x582.jpg 816w, https:\/\/diariodominicano.com\/wp-content\/uploads\/2023\/10\/Fenix-reconocimientos-2-a-Picachu.jpg 1596w\" sizes=\"auto, (max-width: 1024px) 100vw, 1024px\" \/><figcaption> <strong>El Club F\u00e9nix reconoce la labor de varios dirigentes y ciclistas veteranos como se aprecia en la foto a Jos\u00e9 Genao (Chino), Juan Luis Rodr\u00edguez Fern\u00e1ndez, Rafael Tejada Mart\u00ednez, Mart\u00edn Olivo y Miguel Angel Marmolejos. <\/strong> <\/figcaption><\/figure>\n\n\n\n<p>Tambi\u00e9n se quej\u00f3 porque para realizar el Cl\u00e1sico Aniversario de Ciclismo F\u00e9nix, la direcci\u00f3n de Clubes y Ligas le dijo que iba a colaborar con los premios, lo cual no ha sido as\u00ed, y en cambio, le hicieron solicitar 38 trofeos para el 24 de septiembre, pero \u201cnunca nos llamaron para retirarlos\u201d.<\/p>\n\n\n\n<p>En las correspondencias, Olivo destaca que desde el 3 de mayo de 1992, el Club F\u00e9nix viene realizando una esforzada labor, especialmente con los atletas de ciclismo, \u201csin recibir una ayuda mensual como acontece con otras instituciones sin fines de lucro que no hacen nada por el deporte\u201d.<\/p>\n\n\n\n<p>\u201cAntes del 2020, el Club F\u00e9nix recib\u00eda del MIDEREC utiler\u00edas deportivas, mas no aportes econ\u00f3micos. Nos entregaron la certificaci\u00f3n, pero luego nos enteramos que la presente administraci\u00f3n realiz\u00f3 un borr\u00f3n y cuenta nueva, sin tomar en cuenta los clubes que de verdad estamos haciendo el trabajo con ni\u00f1os y adolescentes del pa\u00eds\u201d, resalt\u00f3.<\/p>\n\n\n\n<p>Adem\u00e1s de ciclismo, el Club F\u00e9nix realiza competencias de ajedrez, atletismo callejero, baloncesto, tenis de mesa, softbol y voleibol, as\u00ed como actividades recreativas como carrera de sacos, tiro de la soga y el pa\u00f1uelo, pero donde m\u00e1s requiere ayuda es para el deporte del aro y el pedal, ya que hay que comprar piezas, bicicletas, vitaminas y prote\u00ednas para sus atletas.<\/p>\n\n\n\n<p>&nbsp;\u201cAntes que finalice el a\u00f1o tenemos que gestionar urgentemente recursos para poder participar en la Vuelta Ciclista Independencia Nacional 2024, justa en la que los equipos deben buscar no menos de 400 mil pesos para accionar en buena lid en la ronda patri\u00f3tica\u201d, resalt\u00f3.<\/p>\n\n\n\n<p>Olivo, miembro del Colegio Dominicano de Periodistas (CDP) y de la Asociaci\u00f3n de Cronistas Deportivos de Santo Domingo (ACD), resalt\u00f3 que en la Vuelta Independencia el F\u00e9nix ha sido ganador de etapas y de clasificaciones como la general, metas volantes y de monta\u00f1as\u201d. (Molivo Press).<\/p>\n\n\n\n<p>Ramonmart\u00edn Olivo<a target=\"_blank\" href=\"mailto:ramonmartinolivo@yahoo.es\" rel=\"noreferrer noopener\">ramonmartinolivo@yahoo.es<\/a><\/p>\n\n\n\n<p><strong>PIE DE FOTO:<\/strong><\/p>\n\n\n\n<p><strong>Mart\u00edn Olivo, presidente del Club Deportivo y Cultural F\u00e9nix, quiere una explicaci\u00f3n por la que esa instituci\u00f3n fue deshabilitada y por qu\u00e9 no le entregaron los trofeos prometidos para su cl\u00e1sico conmemorativo. (Foto: Ivelisse Valenzuela Hilario).<\/strong><\/p>\n\n\n\n<p><strong>PIE DE FOTO:<\/strong><strong>El Club Deportivo y Cultural F\u00e9nix tiene un equipo de ciclismo que para poder mantenerse debe contar con los aportes de los directivos y de algunos aficionados. (Foto: Ivelisse Valenzuela Hilario).<\/strong><strong><br><\/strong><strong>PIE DE FOTO F\u00c9NIX RECONOC:<\/strong><strong>El Club F\u00e9nix reconoce la labor de varios dirigentes y ciclistas veteranos como se aprecia en la foto a Jos\u00e9 Genao (Chino), Juan Luis Rodr\u00edguez Fern\u00e1ndez, Rafael Tejada Mart\u00ednez, Mart\u00edn Olivo y Miguel Angel Marmolejos. (Foto: Ivelisse Valenzuela Hilario).<\/strong><strong>PIE DE FOTO <\/strong><strong>F\u00c9NIX<\/strong><strong> RECONO..:<\/strong><strong>El Club F\u00e9nix integran ciclistas de todas las edades como aparece Jos\u00e9 Genao, Mart\u00edn Olivo, Franklin Rodr\u00edguez, John Andr\u00e9s P\u00e9rez, Mart\u00edn Ismael Olivo Valenzuela, Juan Luis Rodr\u00edguez Fern\u00e1ndez, Marcos Olivo Valenzuela y Raymond Hern\u00e1ndez. (Foto: Ivelisse Valenzuela Hilario)<\/strong><\/p>\n","protected":false},"excerpt":{"rendered":"<p>Mart\u00edn Olivo Mart\u00edn Olivo, presidente del Club Deportivo y Cultural F\u00e9nix, quiere una explicaci\u00f3n por la que esa instituci\u00f3n fue deshabilitada y por qu\u00e9 no le entregaron los trofeos prometidos para su cl\u00e1sico conmemorativo. (Foto: Ivelisse Valenzuela Hilario). La instituci\u00f3n sin fines de lucro dijo estar muy desconcertada con la gesti\u00f3n del ministro deportivo, ya [&hellip;]<\/p>\n","protected":false},"author":28,"featured_media":477082,"comment_status":"closed","ping_status":"","sticky":true,"template":"","format":"standard","meta":{"footnotes":""},"categories":[17,27,32],"tags":[],"class_list":["post-477080","post","type-post","status-publish","format-standard","has-post-thumbnail","hentry","category-deportes","category-portada","category-turismo"],"_links":{"self":[{"href":"https:\/\/diariodominicano.com\/index.php?rest_route=\/wp\/v2\/posts\/477080","targetHints":{"allow":["GET"]}}],"collection":[{"href":"https:\/\/diariodominicano.com\/index.php?rest_route=\/wp\/v2\/posts"}],"about":[{"href":"https:\/\/diariodominicano.com\/index.php?rest_route=\/wp\/v2\/types\/post"}],"author":[{"embeddable":true,"href":"https:\/\/diariodominicano.com\/index.php?rest_route=\/wp\/v2\/users\/28"}],"replies":[{"embeddable":true,"href":"https:\/\/diariodominicano.com\/index.php?rest_route=%2Fwp%2Fv2%2Fcomments&post=477080"}],"version-history":[{"count":6,"href":"https:\/\/diariodominicano.com\/index.php?rest_route=\/wp\/v2\/posts\/477080\/revisions"}],"predecessor-version":[{"id":477090,"href":"https:\/\/diariodominicano.com\/index.php?rest_route=\/wp\/v2\/posts\/477080\/revisions\/477090"}],"wp:featuredmedia":[{"embeddable":true,"href":"https:\/\/diariodominicano.com\/index.php?rest_route=\/wp\/v2\/media\/477082"}],"wp:attachment":[{"href":"https:\/\/diariodominicano.com\/index.php?rest_route=%2Fwp%2Fv2%2Fmedia&parent=477080"}],"wp:term":[{"taxonomy":"category","embeddable":true,"href":"https:\/\/diariodominicano.com\/index.php?rest_route=%2Fwp%2Fv2%2Fcategories&post=477080"},{"taxonomy":"post_tag","embeddable":true,"href":"https:\/\/diariodominicano.com\/index.php?rest_route=%2Fwp%2Fv2%2Ftags&post=477080"}],"curies":[{"name":"wp","href":"https:\/\/api.w.org\/{rel}","templated":true}]}}