{"id":477014,"date":"2023-10-04T00:28:44","date_gmt":"2023-10-04T04:28:44","guid":{"rendered":"http:\/\/diariodominicano.com\/?p=477014"},"modified":"2023-10-04T00:32:42","modified_gmt":"2023-10-04T04:32:42","slug":"uasd-inaugura-la-cuarta-exposicion-fotografica-bajo-el-mar-caribe-el-manati-antillano","status":"publish","type":"post","link":"https:\/\/diariodominicano.com\/?p=477014","title":{"rendered":"UASD inaugura la cuarta exposici\u00f3n fotogr\u00e1fica \u201cBajo el Mar Caribe, el Manat\u00ed Antillano\u201d"},"content":{"rendered":"\n<p>  Rosal\u00eda Sosa P\u00e9rez,\u00a0 Vicerrector\u00eda de Extensi\u00f3n de la UASD, mientras se dirig\u00eda a los presentes. <\/p>\n\n\n\n<figure class=\"wp-block-image size-full\"><img loading=\"lazy\" decoding=\"async\" width=\"640\" height=\"426\" src=\"https:\/\/diariodominicano.com\/wp-content\/uploads\/2023\/10\/PHOTO-2023-10-03-17-48-50.jpg\" alt=\"\" class=\"wp-image-477017\" srcset=\"https:\/\/diariodominicano.com\/wp-content\/uploads\/2023\/10\/PHOTO-2023-10-03-17-48-50.jpg 640w, https:\/\/diariodominicano.com\/wp-content\/uploads\/2023\/10\/PHOTO-2023-10-03-17-48-50-300x200.jpg 300w\" sizes=\"auto, (max-width: 640px) 100vw, 640px\" \/><\/figure>\n\n\n\n<p>  Luis Carvajal, coordinador de la Comisi\u00f3n de Medio Ambiente de la UASD <\/p>\n\n\n\n<p>La Universidad Aut\u00f3noma de Santo Domingo (UASD) inaugur\u00f3 la cuarta exposici\u00f3n fotogr\u00e1fica \u201cBajo el Mar Caribe, el Manat\u00ed Antillano\u201d, en el marco de la celebraci\u00f3n del 485 aniversario de la fundaci\u00f3n de esta Academia.<\/p>\n\n\n\n<figure class=\"wp-block-image size-full is-resized\"><img loading=\"lazy\" decoding=\"async\" src=\"https:\/\/diariodominicano.com\/wp-content\/uploads\/2023\/10\/PHOTO-2023-10-03-17-47-12-1.jpg\" alt=\"\" class=\"wp-image-477019\" width=\"604\" height=\"402\" srcset=\"https:\/\/diariodominicano.com\/wp-content\/uploads\/2023\/10\/PHOTO-2023-10-03-17-47-12-1.jpg 640w, https:\/\/diariodominicano.com\/wp-content\/uploads\/2023\/10\/PHOTO-2023-10-03-17-47-12-1-300x200.jpg 300w\" sizes=\"auto, (max-width: 604px) 100vw, 604px\" \/><figcaption> La actividad realizada en el Lobby de la Biblioteca Pedro Mir, fue organizada a trav\u00e9s de la Vicerrector\u00eda de Extensi\u00f3n, en coordinaci\u00f3n con la Fundaci\u00f3n Dominicana de Estudios Marinos (FUNDEMAR). <\/figcaption><\/figure>\n\n\n\n<p>La actividad realizada en el Lobby de la Biblioteca Pedro Mir, fue organizada a trav\u00e9s de la Vicerrector\u00eda de Extensi\u00f3n, en coordinaci\u00f3n con la Fundaci\u00f3n Dominicana de Estudios Marinos (FUNDEMAR).<\/p>\n\n\n\n<p>La vicerrectora de Extensi\u00f3n, maestra Rosal\u00eda Sosa P\u00e9rez, tras encabezar la actividad, indic\u00f3 que la Rep\u00fablica Dominicana es una isla rodeada de agua, por tal raz\u00f3n tenemos que proteger los recursos naturales y la vida marina.<\/p>\n\n\n\n<figure class=\"wp-block-image size-large\"><img loading=\"lazy\" decoding=\"async\" width=\"1024\" height=\"682\" src=\"https:\/\/diariodominicano.com\/wp-content\/uploads\/2023\/10\/PHOTO-2023-10-03-17-47-11-1024x682.jpg\" alt=\"\" class=\"wp-image-477021\" srcset=\"https:\/\/diariodominicano.com\/wp-content\/uploads\/2023\/10\/PHOTO-2023-10-03-17-47-11-1024x682.jpg 1024w, https:\/\/diariodominicano.com\/wp-content\/uploads\/2023\/10\/PHOTO-2023-10-03-17-47-11-300x200.jpg 300w, https:\/\/diariodominicano.com\/wp-content\/uploads\/2023\/10\/PHOTO-2023-10-03-17-47-11-768x512.jpg 768w, https:\/\/diariodominicano.com\/wp-content\/uploads\/2023\/10\/PHOTO-2023-10-03-17-47-11-1536x1023.jpg 1536w, https:\/\/diariodominicano.com\/wp-content\/uploads\/2023\/10\/PHOTO-2023-10-03-17-47-11-816x544.jpg 816w, https:\/\/diariodominicano.com\/wp-content\/uploads\/2023\/10\/PHOTO-2023-10-03-17-47-11.jpg 1600w\" sizes=\"auto, (max-width: 1024px) 100vw, 1024px\" \/><\/figure>\n\n\n\n<p>Agradeci\u00f3 el apoyo de las organizaciones y personas que hicieron realidad esta presentaci\u00f3n de fotograf\u00eda marina y a los especialistas en biolog\u00eda marina que se dieron cita al evento.<\/p>\n\n\n\n<p>Por su lado, de FUNDEMAR, la bi\u00f3loga marina Julissa Reyes, explic\u00f3 que para la exposici\u00f3n fotogr\u00e1fica sobre el proceso de la primera reintroducci\u00f3n, cuidado, seguimiento y protecci\u00f3n de manat\u00edes antillanos en el pa\u00eds, se cre\u00f3 un espacio en el mar para su adaptaci\u00f3n antes de ser liberados a la vida salvaje.<\/p>\n\n\n\n<p>Indic\u00f3 que en septiembre del 2020, se iniciaron los preparativos junto al Misterio de Medio Ambiente y el Acuario Nacional, donde se tomaron algunas medidas, por lo riesgoso del proceso de reintroducci\u00f3n de los manat\u00edes: Pepe, Juanita y Lupita.&nbsp;&nbsp;<\/p>\n\n\n\n<p>Se\u00f1al\u00f3 que la exposici\u00f3n fotogr\u00e1fica es una recopilaci\u00f3n documentada&nbsp; del proceso de adaptaci\u00f3n en la bah\u00eda de Bayahibe, donde pasaron 6 meses aprendiendo todo sobre el mar, para su posterior&nbsp; liberaci\u00f3n y seguimiento en la vida salvaje. &nbsp;<\/p>\n\n\n\n<p>En la actividad estuvieron presentes adem\u00e1s, los maestros Julio C\u00e9sar Marmolejos, director de los Servicios Bibliogr\u00e1ficos, de la Biblioteca Pedro Mir; Luis Carvajal, coordinador de la Comisi\u00f3n de Medio Ambiente de la UASD; Fel<a><\/a>icita Heredia, presidenta de FUNDEMAR, as\u00ed como docentes y estudiantes.<\/p>\n\n\n\n<p><strong><u>Pies de fotos: &nbsp;&nbsp;&nbsp;&nbsp;&nbsp;&nbsp;&nbsp;&nbsp;&nbsp;&nbsp;&nbsp;<\/u><\/strong><\/p>\n\n\n\n<p>1-La muestra Rosal\u00eda Sosa P\u00e9rez,&nbsp; Vicerrector\u00eda de Extensi\u00f3n de la UASD, mientras se dirig\u00eda a los presentes.<\/p>\n\n\n\n<p>&nbsp;2- Luis Carvajal, coordinador de la Comisi\u00f3n de Medio Ambiente de la UASD<\/p>\n\n\n\n<p>3- La actividad realizada en el Lobby de la Biblioteca Pedro Mir, fue organizada a trav\u00e9s de la Vicerrector\u00eda de Extensi\u00f3n, en coordinaci\u00f3n con la Fundaci\u00f3n Dominicana de Estudios Marinos (FUNDEMAR).<\/p>\n\n\n\n<p>4- Exposici\u00f3n&nbsp;<\/p>\n","protected":false},"excerpt":{"rendered":"<p>Rosal\u00eda Sosa P\u00e9rez,\u00a0 Vicerrector\u00eda de Extensi\u00f3n de la UASD, mientras se dirig\u00eda a los presentes. Luis Carvajal, coordinador de la Comisi\u00f3n de Medio Ambiente de la UASD La Universidad Aut\u00f3noma de Santo Domingo (UASD) inaugur\u00f3 la cuarta exposici\u00f3n fotogr\u00e1fica \u201cBajo el Mar Caribe, el Manat\u00ed Antillano\u201d, en el marco de la celebraci\u00f3n del 485 aniversario [&hellip;]<\/p>\n","protected":false},"author":28,"featured_media":477015,"comment_status":"closed","ping_status":"","sticky":false,"template":"","format":"standard","meta":{"footnotes":""},"categories":[21,36,32],"tags":[],"class_list":["post-477014","post","type-post","status-publish","format-standard","has-post-thumbnail","hentry","category-cultura","category-hombresmujeresycosas","category-turismo"],"_links":{"self":[{"href":"https:\/\/diariodominicano.com\/index.php?rest_route=\/wp\/v2\/posts\/477014","targetHints":{"allow":["GET"]}}],"collection":[{"href":"https:\/\/diariodominicano.com\/index.php?rest_route=\/wp\/v2\/posts"}],"about":[{"href":"https:\/\/diariodominicano.com\/index.php?rest_route=\/wp\/v2\/types\/post"}],"author":[{"embeddable":true,"href":"https:\/\/diariodominicano.com\/index.php?rest_route=\/wp\/v2\/users\/28"}],"replies":[{"embeddable":true,"href":"https:\/\/diariodominicano.com\/index.php?rest_route=%2Fwp%2Fv2%2Fcomments&post=477014"}],"version-history":[{"count":5,"href":"https:\/\/diariodominicano.com\/index.php?rest_route=\/wp\/v2\/posts\/477014\/revisions"}],"predecessor-version":[{"id":477023,"href":"https:\/\/diariodominicano.com\/index.php?rest_route=\/wp\/v2\/posts\/477014\/revisions\/477023"}],"wp:featuredmedia":[{"embeddable":true,"href":"https:\/\/diariodominicano.com\/index.php?rest_route=\/wp\/v2\/media\/477015"}],"wp:attachment":[{"href":"https:\/\/diariodominicano.com\/index.php?rest_route=%2Fwp%2Fv2%2Fmedia&parent=477014"}],"wp:term":[{"taxonomy":"category","embeddable":true,"href":"https:\/\/diariodominicano.com\/index.php?rest_route=%2Fwp%2Fv2%2Fcategories&post=477014"},{"taxonomy":"post_tag","embeddable":true,"href":"https:\/\/diariodominicano.com\/index.php?rest_route=%2Fwp%2Fv2%2Ftags&post=477014"}],"curies":[{"name":"wp","href":"https:\/\/api.w.org\/{rel}","templated":true}]}}