{"id":476917,"date":"2023-10-03T14:57:57","date_gmt":"2023-10-03T18:57:57","guid":{"rendered":"http:\/\/diariodominicano.com\/?p=476917"},"modified":"2023-10-03T14:57:57","modified_gmt":"2023-10-03T18:57:57","slug":"melanie-joly-dice-ottawa-siempre-ha-estado-involucrada-en-cuestiones-relacionadas-con-haiti-ofrece-ayuda-a-contingente-armado-de-la-onu","status":"publish","type":"post","link":"https:\/\/diariodominicano.com\/?p=476917","title":{"rendered":"Melanie Joly dice Ottawa siempre ha estado involucrada en cuestiones relacionadas con Hait\u00ed, ofrece ayuda a contingente armado de la ONU"},"content":{"rendered":"\n<p>diariodominicano.com<\/p>\n\n\n\n<p>Ottawa, 3 oct (Prensa Latina) La Ministra de Asuntos Exteriores de Canad\u00e1, Melanie Joly, expres\u00f3 hoy la determinaci\u00f3n de su pa\u00eds a ayudar al contingente armado multinacional aprobado por el Consejo de Seguridad de la ONU para combatir la violencia en Hait\u00ed.<\/p>\n\n\n\n<p>Joly manifest\u00f3 que habl\u00f3 con su hom\u00f3logo de Kenya, pa\u00eds que liderar\u00e1 la fuerza multinacional as\u00ed como con el embajador de Canad\u00e1 ante las Naciones Unidas, Bob Rae.<\/p>\n\n\n\n<div class=\"wp-block-image\"><figure class=\"alignleft size-full\"><img loading=\"lazy\" decoding=\"async\" width=\"286\" height=\"176\" src=\"https:\/\/diariodominicano.com\/wp-content\/uploads\/2023\/10\/Banderas-haiti-canada.jpg\" alt=\"\" class=\"wp-image-476923\"\/><\/figure><\/div>\n\n\n\n<p>La canciller canadiense se\u00f1al\u00f3 que Ottawa siempre ha estado involucrada en cuestiones relacionadas con Hait\u00ed pero no esclareci\u00f3 si esto implicar\u00e1 un papel militar por parte de Canad\u00e1.<\/p>\n\n\n\n<p>\u00abQueremos hacer m\u00e1s. As\u00ed que continuaremos estas conversaciones diplom\u00e1ticas y yo dir\u00eda que tambi\u00e9n continuaremos apoyando soluciones que sean por y para los haitianos\u00bb, agreg\u00f3.<\/p>\n\n\n\n<p>El Consejo de Seguridad de las Naciones Unidas aprob\u00f3 el lunes el despliegue de un contingente armado para ayudar a combatir a las pandillas criminales en el pa\u00eds caribe\u00f1o.<\/p>\n\n\n\n<p>Hait\u00ed enfrenta una profunda crisis de seguridad exacerbada por bandas criminales desde mediados de 2021, lo que ha provocado una violencia desenfrenada, brotes de c\u00f3lera y un acceso restringido al agua, los alimentos y la atenci\u00f3n m\u00e9dica.<\/p>\n\n\n\n<p>ro\/adr<\/p>\n","protected":false},"excerpt":{"rendered":"<p>diariodominicano.com Ottawa, 3 oct (Prensa Latina) La Ministra de Asuntos Exteriores de Canad\u00e1, Melanie Joly, expres\u00f3 hoy la determinaci\u00f3n de su pa\u00eds a ayudar al contingente armado multinacional aprobado por el Consejo de Seguridad de la ONU para combatir la violencia en Hait\u00ed. Joly manifest\u00f3 que habl\u00f3 con su hom\u00f3logo de Kenya, pa\u00eds que liderar\u00e1 [&hellip;]<\/p>\n","protected":false},"author":5,"featured_media":476922,"comment_status":"closed","ping_status":"","sticky":true,"template":"","format":"standard","meta":{"footnotes":""},"categories":[112,23,27],"tags":[],"class_list":["post-476917","post","type-post","status-publish","format-standard","has-post-thumbnail","hentry","category-haiti","category-internacional","category-portada"],"_links":{"self":[{"href":"https:\/\/diariodominicano.com\/index.php?rest_route=\/wp\/v2\/posts\/476917","targetHints":{"allow":["GET"]}}],"collection":[{"href":"https:\/\/diariodominicano.com\/index.php?rest_route=\/wp\/v2\/posts"}],"about":[{"href":"https:\/\/diariodominicano.com\/index.php?rest_route=\/wp\/v2\/types\/post"}],"author":[{"embeddable":true,"href":"https:\/\/diariodominicano.com\/index.php?rest_route=\/wp\/v2\/users\/5"}],"replies":[{"embeddable":true,"href":"https:\/\/diariodominicano.com\/index.php?rest_route=%2Fwp%2Fv2%2Fcomments&post=476917"}],"version-history":[{"count":1,"href":"https:\/\/diariodominicano.com\/index.php?rest_route=\/wp\/v2\/posts\/476917\/revisions"}],"predecessor-version":[{"id":476924,"href":"https:\/\/diariodominicano.com\/index.php?rest_route=\/wp\/v2\/posts\/476917\/revisions\/476924"}],"wp:featuredmedia":[{"embeddable":true,"href":"https:\/\/diariodominicano.com\/index.php?rest_route=\/wp\/v2\/media\/476922"}],"wp:attachment":[{"href":"https:\/\/diariodominicano.com\/index.php?rest_route=%2Fwp%2Fv2%2Fmedia&parent=476917"}],"wp:term":[{"taxonomy":"category","embeddable":true,"href":"https:\/\/diariodominicano.com\/index.php?rest_route=%2Fwp%2Fv2%2Fcategories&post=476917"},{"taxonomy":"post_tag","embeddable":true,"href":"https:\/\/diariodominicano.com\/index.php?rest_route=%2Fwp%2Fv2%2Ftags&post=476917"}],"curies":[{"name":"wp","href":"https:\/\/api.w.org\/{rel}","templated":true}]}}