{"id":476853,"date":"2023-10-03T01:32:33","date_gmt":"2023-10-03T05:32:33","guid":{"rendered":"http:\/\/diariodominicano.com\/?p=476853"},"modified":"2023-10-03T01:32:33","modified_gmt":"2023-10-03T05:32:33","slug":"la-onu-autoriza-mision-de-seguridad-para-hacer-frente-a-las-pandillas-en-haiti","status":"publish","type":"post","link":"https:\/\/diariodominicano.com\/?p=476853","title":{"rendered":"La ONU autoriza misi\u00f3n de seguridad para hacer frente a las pandillas en Hait\u00ed"},"content":{"rendered":"\n<p>octubre 02, 2023<\/p>\n\n\n\n<ul class=\"wp-block-list\"><li><a href=\"https:\/\/www.vozdeamerica.com\/author\/luis-felipe-rojas\/rguyp\">Luis Felipe Rojas<\/a><\/li><\/ul>\n\n\n\n<figure class=\"wp-block-image\"><img decoding=\"async\" src=\"https:\/\/gdb.voanews.com\/2cb3b6a3-bc80-436b-947c-cd6533636cc9_w650_r1_s.jpg\" alt=\"Agentes de polic\u00eda lanzan gases lacrim\u00f3genos a los manifestantes durante una protesta contra la inseguridad en Carrefour-Feuilles, un distrito de Puerto Pr\u00edncipe, capital de Hait\u00ed, el 14 de agosto de 2023.\"\/><figcaption>Agentes de polic\u00eda lanzan gases lacrim\u00f3genos a los manifestantes durante una protesta contra la inseguridad en Carrefour-Feuilles, un distrito de Puerto Pr\u00edncipe, capital de Hait\u00ed, el 14 de agosto de 2023.<\/figcaption><\/figure>\n\n\n\n<ul class=\"wp-block-list\"><li><a href=\"https:\/\/facebook.com\/sharer.php?u=https%3a%2f%2fwww.vozdeamerica.com%2fa%2fonu-autoriza-mision-seguridad-haiti-%2f7293814.html\" target=\"_blank\" rel=\"noreferrer noopener\"><\/a><\/li><li><a href=\"https:\/\/twitter.com\/share?url=https%3a%2f%2fwww.vozdeamerica.com%2fa%2fonu-autoriza-mision-seguridad-haiti-%2f7293814.html&amp;text=La+ONU+autoriza+misi%c3%b3n+de+seguridad+para+hacer+frente+a+las+pandillas+en+Hait%c3%ad\" target=\"_blank\" rel=\"noreferrer noopener\"><\/a><\/li><li><\/li><li><a href=\"mailto:?body=https%3a%2f%2fwww.vozdeamerica.com%2fa%2fonu-autoriza-mision-seguridad-haiti-%2f7293814.html&amp;subject=La%20ONU%20autoriza%20misi%C3%B3n%20de%20seguridad%20para%20hacer%20frente%20a%20las%20pandillas%20en%20Hait%C3%AD\"><\/a><\/li><\/ul>\n\n\n\n<p><a href=\"https:\/\/www.vozdeamerica.com\/a\/onu-autoriza-mision-seguridad-haiti-\/7293814.html#comments\">&nbsp;Vea comentarios<\/a><\/p>\n\n\n\n<p>La ONU aprob\u00f3 el lunes una misi\u00f3n para restablecer la seguridad en el Hait\u00ed asolado por las pandillas. El contingente internacional est\u00e1 encabezado por el gobierno de Kenia. Est\u00e1 por definir la fecha para el env\u00edo de la fuerza de seguridad.MIAMI, EEUU \u2014&nbsp;<\/p>\n\n\n\n<p>El Consejo de Seguridad de las Naciones Unidas aprob\u00f3 por mayor\u00eda el lunes una misi\u00f3n de seguridad para hacer frente al avance de las pandillas en Hait\u00ed.<\/p>\n\n\n\n<p>\u201cEstados Unidos continuar\u00e1 apoyando al pueblo haitiano en su momento de necesidad y est\u00e1 comprometido a aumentar la asistencia a la misi\u00f3n\u201d, dijo en un comunicado por escrito la embajadora estadounidense ante la ONU, Linda Thomas-Greenfield.<\/p>\n\n\n\n<p>La resoluci\u00f3n responde a un proyecto presentado por Ecuador y EEUU, as\u00ed como a una carta enviada el pasado 14 de agosto por el secretario general de la ONU, Antonio Guterres, para el uso de una misi\u00f3n Multinacional de Apoyo a la Seguridad de Hait\u00ed (MSS, por sus siglas en ingl\u00e9s).<\/p>\n\n\n\n<p>\u201cEsperamos que esta misi\u00f3n env\u00ede un mensaje claro y contundente a los jefes de las pandillas en Hait\u00ed\u201d, dijo el representante de Ecuador, Hern\u00e1n P\u00e9rez Loos, al hacer comentarios tras la decisi\u00f3n del lunes.<a href=\"https:\/\/www.vozdeamerica.com\/a\/guterres-describe-pesadilla-haiti-\/7170158.html\"><\/a><a href=\"https:\/\/www.vozdeamerica.com\/a\/guterres-describe-pesadilla-haiti-\/7170158.html\">TAMBI\u00c9N LEAGuterres describe la \u201cpesadilla viviente\u201d de Hait\u00ed y pide acci\u00f3n internacional urgente<\/a><\/p>\n\n\n\n<p>La votaci\u00f3n result\u00f3 en 13 votos a favor y 2 abstenciones, sin ninguno de los 15 miembros que se manifestara en contra. Est\u00e1 por definir la fecha del inicio de la misi\u00f3n.<\/p>\n\n\n\n<p><strong><em><a href=\"https:\/\/www.vozdeamerica.com\/a\/kenia-reitera-onu-compromiso-apoyo-hait%C3%AD-\/7280409.html\" target=\"_blank\" rel=\"noreferrer noopener\">La misi\u00f3n internacional<\/a><\/em><\/strong>&nbsp;de apoyo estar\u00e1 comandada por el gobierno de Kenia con un contingente de unos 1.000 efectivos policiales.<\/p>\n\n\n\n<p>Los haitianos desconf\u00edan de una presencia armada de la ONU. El pa\u00eds caribe\u00f1o estuvo libre de c\u00f3lera hasta 2010, cuando las fuerzas de paz de la organizaci\u00f3n vertieron aguas residuales infectadas en un r\u00edo. M\u00e1s de 9.000 personas murieron a causa de la enfermedad y unas 800.000 enfermaron.<\/p>\n\n\n\n<h3 class=\"wp-block-heading\">Hait\u00ed por una paz regional<\/h3>\n\n\n\n<p>En su alocuci\u00f3n el canciller de Hait\u00ed, Jean Vitor Geneus, agradeci\u00f3 a los pa\u00edses miembros del Consejo por el apoyo a la decisi\u00f3n del lunes.<\/p>\n\n\n\n<p>\u201cEs una esperanza para nuestro pueblo que sufre desde hace tiempo\u201d, dijo el canciller haitiano Geneus en referencia al dif\u00edcil ambiente en la isla caribe\u00f1a.<a href=\"https:\/\/www.vozdeamerica.com\/a\/eeuu-frontera-sur-migrantes-haiti-debate-interno-\/6243231.html\"><\/a><a href=\"https:\/\/www.vozdeamerica.com\/a\/eeuu-frontera-sur-migrantes-haiti-debate-interno-\/6243231.html\">TAMBI\u00c9N LEACrisis haitiana: la inmigraci\u00f3n irregular calienta debate interno en EE. UU.<\/a><\/p>\n\n\n\n<p>Adem\u00e1s, agradeci\u00f3 a Kenia y su gobierno por la iniciativa, as\u00ed como a los de EEUU y Ecuador por presentar el proyecto.<\/p>\n\n\n\n<p>M\u00e1s adelante, el canciller haitiano, insisti\u00f3 en la importancia de una resoluci\u00f3n as\u00ed para \u00abevitar que esta crisis se convierta en un peligro para la paz y la seguridad de la regi\u00f3n\u00bb.<\/p>\n\n\n\n<p>El canciller Geneus pidi\u00f3 al Consejo apegarse a las normas de intervenci\u00f3n establecidas por la ONU, a fin de que se respeten la soberan\u00eda haitiana y se cumpla el derecho internacional.<\/p>\n\n\n\n<h3 class=\"wp-block-heading\">Alertas de Rusia y China<\/h3>\n\n\n\n<p>Los representantes de China y Rusia, quienes se abstuvieron de votar a favor, coincidieron en que la misi\u00f3n debe de velar porque con la llegada de este contingente no ocurran abusos o incidentes que lleven a la violaci\u00f3n de los derechos humanos. Adem\u00e1s, insistieron en los pa\u00edses miembros en apoyar las acciones para cortar el suministro de armas a los grupos criminales en la isla antillana.<\/p>\n\n\n\n<p>Hait\u00ed vive un ascendente ambiente de inseguridad desde el verano de 2021 cuando comandos armados&nbsp;<em><strong><a href=\"https:\/\/www.vozdeamerica.com\/a\/episode_haiti-asesinato-presidente-330761\/6041069.html\" target=\"_blank\" rel=\"noreferrer noopener\">asesinaron al presidente haitiano Jovenel Mo\u00efse<\/a><\/strong><\/em>&nbsp;en su residencia de Puerto Pr\u00edncipe. Desde entonces no se han realizado elecciones y el mandatario interino, Ariel Henry, ha reiterado que la violencia impide la celebraci\u00f3n de comicios generales.<a href=\"https:\/\/www.vozdeamerica.com\/a\/eeuu-sanciona-jefe-senado-haiti\/6820660.html\"><\/a><a href=\"https:\/\/www.vozdeamerica.com\/a\/eeuu-sanciona-jefe-senado-haiti\/6820660.html\">TAMBI\u00c9N LEAEEUU sanciona al jefe del Senado de Hait\u00ed por tr\u00e1fico de drogas<\/a><\/p>\n\n\n\n<p>La oficina de la ONU en Hait\u00ed ha denunciado que las bandas usan la violaci\u00f3n sexual y los cr\u00edmenes violentos como armas para intimidar a la poblaci\u00f3n. La Organizaci\u00f3n Internacional para las Migraciones (OIM) tambi\u00e9n ha reportado de un alto nivel de personas desplazadas de los principales barrios de la capital debido al accionar de las pandillas.<\/p>\n\n\n\n<p>Al respecto la representante especial del Secretario General en Hait\u00ed, Mar\u00eda Isabel Salvador, aclar\u00f3 que no se trata de \u00abuna misi\u00f3n de la ONU\u00bb, como ha ocurrido en a\u00f1os recientes e hizo algunas precisiones.<\/p>\n\n\n\n<p>\u00abTambi\u00e9n sigo alentando fervientemente a todos los actores pol\u00edticos a que demuestren responsabilidad y esp\u00edritu de compromiso para salir del estancamiento. Hait\u00ed enfrenta una emergencia de seguridad, adem\u00e1s de humanitaria y socioecon\u00f3mica, y el mundo pol\u00edtico haitiano debe estar a la altura de los desaf\u00edos que enfrenta el pa\u00eds y su poblaci\u00f3n\u00bb, dijo Salvador en un comunicado por escrito poco despu\u00e9s.<\/p>\n\n\n\n<p>VOA Noticias<\/p>\n","protected":false},"excerpt":{"rendered":"<p>octubre 02, 2023 Luis Felipe Rojas &nbsp;Vea comentarios La ONU aprob\u00f3 el lunes una misi\u00f3n para restablecer la seguridad en el Hait\u00ed asolado por las pandillas. El contingente internacional est\u00e1 encabezado por el gobierno de Kenia. Est\u00e1 por definir la fecha para el env\u00edo de la fuerza de seguridad.MIAMI, EEUU \u2014&nbsp; El Consejo de Seguridad [&hellip;]<\/p>\n","protected":false},"author":28,"featured_media":0,"comment_status":"closed","ping_status":"","sticky":true,"template":"","format":"standard","meta":{"footnotes":""},"categories":[36,112,23,27],"tags":[],"class_list":["post-476853","post","type-post","status-publish","format-standard","hentry","category-hombresmujeresycosas","category-haiti","category-internacional","category-portada"],"_links":{"self":[{"href":"https:\/\/diariodominicano.com\/index.php?rest_route=\/wp\/v2\/posts\/476853","targetHints":{"allow":["GET"]}}],"collection":[{"href":"https:\/\/diariodominicano.com\/index.php?rest_route=\/wp\/v2\/posts"}],"about":[{"href":"https:\/\/diariodominicano.com\/index.php?rest_route=\/wp\/v2\/types\/post"}],"author":[{"embeddable":true,"href":"https:\/\/diariodominicano.com\/index.php?rest_route=\/wp\/v2\/users\/28"}],"replies":[{"embeddable":true,"href":"https:\/\/diariodominicano.com\/index.php?rest_route=%2Fwp%2Fv2%2Fcomments&post=476853"}],"version-history":[{"count":1,"href":"https:\/\/diariodominicano.com\/index.php?rest_route=\/wp\/v2\/posts\/476853\/revisions"}],"predecessor-version":[{"id":476854,"href":"https:\/\/diariodominicano.com\/index.php?rest_route=\/wp\/v2\/posts\/476853\/revisions\/476854"}],"wp:attachment":[{"href":"https:\/\/diariodominicano.com\/index.php?rest_route=%2Fwp%2Fv2%2Fmedia&parent=476853"}],"wp:term":[{"taxonomy":"category","embeddable":true,"href":"https:\/\/diariodominicano.com\/index.php?rest_route=%2Fwp%2Fv2%2Fcategories&post=476853"},{"taxonomy":"post_tag","embeddable":true,"href":"https:\/\/diariodominicano.com\/index.php?rest_route=%2Fwp%2Fv2%2Ftags&post=476853"}],"curies":[{"name":"wp","href":"https:\/\/api.w.org\/{rel}","templated":true}]}}