{"id":476796,"date":"2023-10-03T00:27:17","date_gmt":"2023-10-03T04:27:17","guid":{"rendered":"http:\/\/diariodominicano.com\/?p=476796"},"modified":"2023-10-03T00:31:10","modified_gmt":"2023-10-03T04:31:10","slug":"la-mentalidad-colectiva-es-clave-para-la-sostenibilidad","status":"publish","type":"post","link":"https:\/\/diariodominicano.com\/?p=476796","title":{"rendered":"La mentalidad colectiva es clave para la sostenibilidad"},"content":{"rendered":"\n<p> Panelistas y directivos de APROCOVICI. <\/p>\n\n\n\n<p>APROCOVICI organiza conversatorio con destacados arquitectos del pa\u00eds<\/p>\n\n\n\n<figure class=\"wp-block-image size-large\"><img loading=\"lazy\" decoding=\"async\" width=\"1024\" height=\"714\" src=\"https:\/\/diariodominicano.com\/wp-content\/uploads\/2023\/10\/Panel-2-Gustavo-Valdez--1024x714.jpg\" alt=\"\" class=\"wp-image-476798\" srcset=\"https:\/\/diariodominicano.com\/wp-content\/uploads\/2023\/10\/Panel-2-Gustavo-Valdez--1024x714.jpg 1024w, https:\/\/diariodominicano.com\/wp-content\/uploads\/2023\/10\/Panel-2-Gustavo-Valdez--300x209.jpg 300w, https:\/\/diariodominicano.com\/wp-content\/uploads\/2023\/10\/Panel-2-Gustavo-Valdez--768x536.jpg 768w, https:\/\/diariodominicano.com\/wp-content\/uploads\/2023\/10\/Panel-2-Gustavo-Valdez--816x569.jpg 816w, https:\/\/diariodominicano.com\/wp-content\/uploads\/2023\/10\/Panel-2-Gustavo-Valdez-.jpg 1386w\" sizes=\"auto, (max-width: 1024px) 100vw, 1024px\" \/><figcaption> Otniel De Moya llam\u00f3 a crear con mentalidad colectiva.\u00a0 <\/figcaption><\/figure>\n\n\n\n<p><strong>Santiago de los Caballeros. -lunes 2 de octubre 2023.-<\/strong>Alertando sobre la importancia de dise\u00f1ar y construir con mentalidad colectiva, como herramienta de la sostenibilidad, fue realizado el conversatorio \u00a8Desarrollo sostenible, Arquitectura y Urbanismo\u00a8, iniciativa de la Asociaci\u00f3n de Promotores y Constructores de Viviendas del Cibao (APROCOVICI).<\/p>\n\n\n\n<p>Arquitectos de distintas generaciones y una promotora de viviendas armoniosas con el ambiente, abordaron el uso razonable de los suelos, el cuidado a los cursos de agua y el clima. Adem\u00e1s, trataron el atinado uso de los recursos naturales en la misi\u00f3n de crear espacios habitables y el dise\u00f1o de ciudades para uso de las presentes generaciones sin comprometer el derecho de las futuras.<\/p>\n\n\n\n<p>Fungieron como panelistas: Otniel De Moya, Gustavo Valdez, Alejandro Fr\u00edas, Carlos Encarnaci\u00f3n y Elia Brice\u00f1o. Y como patrocinadores principales Banco Popular y Cementos Cibao.<\/p>\n\n\n\n<p><strong>Posturas<\/strong><\/p>\n\n\n\n<p>Otniel De Moya, docente de arquitectura en UTESA y PUCMM, mostr\u00f3 el dise\u00f1o del planeta que se\u00f1ala el gasto adelantado de muchos pa\u00edses en torno a los recursos disponibles en un a\u00f1o. Expres\u00f3 que la mejor manera de ser sostenibles es crear pensando en el beneficio colectivo.<\/p>\n\n\n\n<figure class=\"wp-block-image size-large\"><img loading=\"lazy\" decoding=\"async\" width=\"769\" height=\"1024\" src=\"https:\/\/diariodominicano.com\/wp-content\/uploads\/2023\/10\/Panel-3-Otniel-De-Moya-769x1024.jpg\" alt=\"\" class=\"wp-image-476800\" srcset=\"https:\/\/diariodominicano.com\/wp-content\/uploads\/2023\/10\/Panel-3-Otniel-De-Moya-769x1024.jpg 769w, https:\/\/diariodominicano.com\/wp-content\/uploads\/2023\/10\/Panel-3-Otniel-De-Moya-225x300.jpg 225w, https:\/\/diariodominicano.com\/wp-content\/uploads\/2023\/10\/Panel-3-Otniel-De-Moya-768x1023.jpg 768w, https:\/\/diariodominicano.com\/wp-content\/uploads\/2023\/10\/Panel-3-Otniel-De-Moya-1153x1536.jpg 1153w, https:\/\/diariodominicano.com\/wp-content\/uploads\/2023\/10\/Panel-3-Otniel-De-Moya-1537x2048.jpg 1537w, https:\/\/diariodominicano.com\/wp-content\/uploads\/2023\/10\/Panel-3-Otniel-De-Moya-816x1087.jpg 816w, https:\/\/diariodominicano.com\/wp-content\/uploads\/2023\/10\/Panel-3-Otniel-De-Moya-scaled.jpg 1922w\" sizes=\"auto, (max-width: 769px) 100vw, 769px\" \/><figcaption>Gustavo Valdez dijo que los sue\u00f1os son un recurso finito.\u00a0<\/figcaption><\/figure>\n\n\n\n<p>\u00a8El suelo urbano es un recurso finito\u00a8, inform\u00f3 Gustavo Valdez, al citar las caracter\u00edsticas de las ciudades polic\u00e9ntricas y los suelos agr\u00edcolas que se urbanizan cada vez m\u00e1s en el pa\u00eds.<\/p>\n\n\n\n<p>Alejandro Fr\u00edas y Carlos Encarnaci\u00f3n, mostraron tipos de arquitecturas mod\u00e9licas, de espacios abiertos y viviendas sociales para personas de pocos recursos econ\u00f3micos.<\/p>\n\n\n\n<p>Sandy Rodr\u00edguez, vicepresidente de APROCOVICI, expuso que el conversatorio tuvo la misi\u00f3n de aportar actualizaci\u00f3n profesional, conocer otras miradas y maneras de ejercer, as\u00ed como crear comunidad en el sector.<\/p>\n\n\n\n<p>\u00a8Santiago registra una alt\u00edsima contribuci\u00f3n al Producto Interno Bruto del pa\u00eds.Por ello, apelo a mantener el compromiso de los entes involucrados en el desarrollo inmobiliario, tanto del sector privado como del p\u00fablico, en la intenci\u00f3n de impulsar la sostenibilidad desde el escenario que nos toque\u00a8, reflexion\u00f3 el ingeniero Rodr\u00edguez.<\/p>\n\n\n\n<figure class=\"wp-block-image size-large\"><img loading=\"lazy\" decoding=\"async\" width=\"1024\" height=\"684\" src=\"https:\/\/diariodominicano.com\/wp-content\/uploads\/2023\/10\/Panel-4-1024x684.jpg\" alt=\"\" class=\"wp-image-476803\" srcset=\"https:\/\/diariodominicano.com\/wp-content\/uploads\/2023\/10\/Panel-4-1024x684.jpg 1024w, https:\/\/diariodominicano.com\/wp-content\/uploads\/2023\/10\/Panel-4-300x200.jpg 300w, https:\/\/diariodominicano.com\/wp-content\/uploads\/2023\/10\/Panel-4-768x513.jpg 768w, https:\/\/diariodominicano.com\/wp-content\/uploads\/2023\/10\/Panel-4-1536x1025.jpg 1536w, https:\/\/diariodominicano.com\/wp-content\/uploads\/2023\/10\/Panel-4-816x545.jpg 816w, https:\/\/diariodominicano.com\/wp-content\/uploads\/2023\/10\/Panel-4.jpg 1600w\" sizes=\"auto, (max-width: 1024px) 100vw, 1024px\" \/><figcaption>Asistieron representantes del sector construcci\u00f3n, promotores de viviendas y entidades financieras.<\/figcaption><\/figure>\n\n\n\n<p>Respaldaron el conversatorio, las empresas: Asociaci\u00f3n Popular de Ahorros y Pr\u00e9stamos, Asociaci\u00f3n La Nacional de Ahorros y Pr\u00e9stamos, Asociaci\u00f3n La Vega Real de Ahorros y Pr\u00e9stamos, Asociaci\u00f3n Cibao de Ahorros y Pr\u00e9stamos, Ingenier\u00eda Estrella.&nbsp; Tambi\u00e9n, Tonos y Colores, Ventus, Ferreter\u00eda Ochoa y Ferreter\u00eda La Fuente.<\/p>\n\n\n\n<p><strong>Expositores<\/strong><\/p>\n\n\n\n<p>Otniel De Moya, realiz\u00f3 el dise\u00f1o de la ribera del r\u00edo Yaque del Norte y fue asesor del Jard\u00edn Bot\u00e1nico de Santiago. Gustavo Valdez tiene m\u00e1s de 23 a\u00f1os de experiencia profesional. Se ha encargado de planificaci\u00f3n territorial, dise\u00f1o urbano y arquitect\u00f3nico de edificios comerciales, institucionales, de salud. Es parte del equipo editorial de ARQUITEXTO.<\/p>\n\n\n\n<p>Alejandro Fr\u00edas y Carlos Encarnaci\u00f3n, son egresados de la UASD y pertenecen a la firma Oblicuo Arquitectura Integral, empresa que prioriza la esencia y funcionalidad. Elia Brice\u00f1o del Grupo Bricket, trabaja en mejorar la calidad de vida de las familias a trav\u00e9s de soluciones enmarcadas en el desarrollo sostenible.<\/p>\n\n\n\n<p>Johanna Benoit<a target=\"_blank\" href=\"mailto:benoit181182@gmail.com\" rel=\"noreferrer noopener\">benoit181182@gmail.com<\/a><\/p>\n\n\n\n<p><\/p>\n","protected":false},"excerpt":{"rendered":"<p>Panelistas y directivos de APROCOVICI. APROCOVICI organiza conversatorio con destacados arquitectos del pa\u00eds Santiago de los Caballeros. -lunes 2 de octubre 2023.-Alertando sobre la importancia de dise\u00f1ar y construir con mentalidad colectiva, como herramienta de la sostenibilidad, fue realizado el conversatorio \u00a8Desarrollo sostenible, Arquitectura y Urbanismo\u00a8, iniciativa de la Asociaci\u00f3n de Promotores y Constructores de [&hellip;]<\/p>\n","protected":false},"author":28,"featured_media":476797,"comment_status":"closed","ping_status":"","sticky":false,"template":"","format":"standard","meta":{"footnotes":""},"categories":[36,20,18,32],"tags":[],"class_list":["post-476796","post","type-post","status-publish","format-standard","has-post-thumbnail","hentry","category-hombresmujeresycosas","category-dominicana-hoy","category-economia","category-turismo"],"_links":{"self":[{"href":"https:\/\/diariodominicano.com\/index.php?rest_route=\/wp\/v2\/posts\/476796","targetHints":{"allow":["GET"]}}],"collection":[{"href":"https:\/\/diariodominicano.com\/index.php?rest_route=\/wp\/v2\/posts"}],"about":[{"href":"https:\/\/diariodominicano.com\/index.php?rest_route=\/wp\/v2\/types\/post"}],"author":[{"embeddable":true,"href":"https:\/\/diariodominicano.com\/index.php?rest_route=\/wp\/v2\/users\/28"}],"replies":[{"embeddable":true,"href":"https:\/\/diariodominicano.com\/index.php?rest_route=%2Fwp%2Fv2%2Fcomments&post=476796"}],"version-history":[{"count":4,"href":"https:\/\/diariodominicano.com\/index.php?rest_route=\/wp\/v2\/posts\/476796\/revisions"}],"predecessor-version":[{"id":476805,"href":"https:\/\/diariodominicano.com\/index.php?rest_route=\/wp\/v2\/posts\/476796\/revisions\/476805"}],"wp:featuredmedia":[{"embeddable":true,"href":"https:\/\/diariodominicano.com\/index.php?rest_route=\/wp\/v2\/media\/476797"}],"wp:attachment":[{"href":"https:\/\/diariodominicano.com\/index.php?rest_route=%2Fwp%2Fv2%2Fmedia&parent=476796"}],"wp:term":[{"taxonomy":"category","embeddable":true,"href":"https:\/\/diariodominicano.com\/index.php?rest_route=%2Fwp%2Fv2%2Fcategories&post=476796"},{"taxonomy":"post_tag","embeddable":true,"href":"https:\/\/diariodominicano.com\/index.php?rest_route=%2Fwp%2Fv2%2Ftags&post=476796"}],"curies":[{"name":"wp","href":"https:\/\/api.w.org\/{rel}","templated":true}]}}