{"id":476765,"date":"2023-10-02T23:53:33","date_gmt":"2023-10-03T03:53:33","guid":{"rendered":"http:\/\/diariodominicano.com\/?p=476765"},"modified":"2023-10-03T00:18:42","modified_gmt":"2023-10-03T04:18:42","slug":"2023-desde-la-produccion-televisiva","status":"publish","type":"post","link":"https:\/\/diariodominicano.com\/?p=476765","title":{"rendered":"2023 desde la producci\u00f3n televisiva"},"content":{"rendered":"\n<p> Edith Febles, productora general de telematutino El Dia (Telesistema) <\/p>\n\n\n\n<p>Hacer televisi\u00f3n es unas tareas de equipo m\u00e1s complejas y demandantes de coordinaci\u00f3n, recursos humanos, financieras y t\u00e9cnicos. &nbsp;<\/p>\n\n\n\n<figure class=\"wp-block-image size-full\"><img loading=\"lazy\" decoding=\"async\" width=\"546\" height=\"350\" src=\"https:\/\/diariodominicano.com\/wp-content\/uploads\/2023\/10\/Huchi-Loraperiodista.jpg\" alt=\"\" class=\"wp-image-476771\" srcset=\"https:\/\/diariodominicano.com\/wp-content\/uploads\/2023\/10\/Huchi-Loraperiodista.jpg 546w, https:\/\/diariodominicano.com\/wp-content\/uploads\/2023\/10\/Huchi-Loraperiodista-300x192.jpg 300w\" sizes=\"auto, (max-width: 546px) 100vw, 546px\" \/><figcaption> Luis Eduardo Lora (Huchi). Edith Febles, asumi\u00f3 liderazgo del telematutino El D\u00eda. <\/figcaption><\/figure>\n\n\n\n<p>Jos\u00e9 Rafael Sosa<\/p>\n\n\n\n<p>\u00bfQu\u00e9 aconteci\u00f3, televisivamente, en el pa\u00eds, en 2023? \u00bfCu\u00e1les acontecimientos y personalidades deb\u00edan ser enlistados comolo mejor de la televisi\u00f3n informativa, sus proyectos, sus figuras, sus procesos de relanzamiento y transformaci\u00f3n?<\/p>\n\n\n\n<p>Los premios de arte popular y comunicaci\u00f3n deben someterse a nuevas formas de apreciaci\u00f3n, aquellas m\u00e1s cercanas al proceso incesante de cambios.<\/p>\n\n\n\n<p>El an\u00e1lisis es importante para revisar los criterios de nominaciones y premiaciones, en el \u00e1rea de Comunicaci\u00f3n, dada que la tradici\u00f3n ha sido la de reconocer talentos y programas, y no los procesos desarrollados para renovaci\u00f3n, reestructuraci\u00f3n y lanzamientos, que esos talentos lideran y desarrollan, siempre con un apoyo de sus equipos. Esto, desde luego, implica una perspectiva distinta porque eval\u00faa resultado de procesos exitosos y no solo la personalidad y el carisma de sus desarrolladores.<\/p>\n\n\n\n<p>Esos premios de arte, entre ellos <strong>El Soberano<\/strong> deben fijar referencias respecto de a) informaci\u00f3n; 2) entretenimiento o 3) espect\u00e1culo, lo que comporta una perspectiva nueva de evaluaci\u00f3n, y, por tanto, de renovaci\u00f3n de criterios. No se trata de considerar solo \u201cquienes se destacaron m\u00e1s como productores.<\/p>\n\n\n\n<p>El presente reflexivo por razones de espacio, no cubre todas las expresiones program\u00e1ticas, informativas, todas las ofertas que se produjeron debido a que virtualmente es imposible recogerlo todo, de modo que, en alg\u00fan contenido posterior, puedan verse casos interesantes como las transmisiones de radio y televisi\u00f3n.<\/p>\n\n\n\n<p><strong>Viene el Soberano&nbsp;<\/strong><\/p>\n\n\n\n<p>Todav\u00eda faltan meses para que quienes deciden nominaciones y premios, se re\u00fanan 2024, a repartir la canasta. <strong>Los Premios Soberano 2024 <\/strong>se entregar\u00e1n el <strong>12 de marzo 2024<\/strong> en el Teatro Nacional, con el copatrocinio de la Cervecer\u00eda Nacional Dominicana (CND) y una nueva plataforma de copatrocinadoras.<\/p>\n\n\n\n<p>Desde el 1985, estos galardones reconocen lo mejor del arte y la cultura del pa\u00eds, convertidos en la premiaci\u00f3n art\u00edstica m\u00e1s importante para el talento nacional y el espect\u00e1culo televisado, con mayor rating de la Rep\u00fablicaDominicana.<\/p>\n\n\n\n<figure class=\"wp-block-image size-full\"><img loading=\"lazy\" decoding=\"async\" width=\"855\" height=\"470\" src=\"https:\/\/diariodominicano.com\/wp-content\/uploads\/2023\/10\/Wanda-Sanchez.png\" alt=\"\" class=\"wp-image-476789\" srcset=\"https:\/\/diariodominicano.com\/wp-content\/uploads\/2023\/10\/Wanda-Sanchez.png 855w, https:\/\/diariodominicano.com\/wp-content\/uploads\/2023\/10\/Wanda-Sanchez-300x165.png 300w, https:\/\/diariodominicano.com\/wp-content\/uploads\/2023\/10\/Wanda-Sanchez-768x422.png 768w, https:\/\/diariodominicano.com\/wp-content\/uploads\/2023\/10\/Wanda-Sanchez-816x449.png 816w\" sizes=\"auto, (max-width: 855px) 100vw, 855px\" \/><figcaption> Wanda S\u00e1nchez, presidenta Acroarte <\/figcaption><\/figure>\n\n\n\n<p><strong>Wanda S\u00e1nchez,<\/strong> presidenta Acroarte, indica que, en la asamblea general del fin de semana de sus miembros, se produjeron listados (previos a las nominaciones del Premio Soberano) para ser considerados en su momento en nominaciones, primero, y luego, premiaci\u00f3n<strong>.<\/strong><\/p>\n\n\n\n<p>Los jurados en los renglones<strong> Cl\u00e1sico, Comunicaci\u00f3n, Cine y Popular <\/strong>analizaron el fin de semana m\u00e1s de 200 propuestas art\u00edsticas del&nbsp;centenar de categor\u00edas de la premiaci\u00f3n del arte, dijo S\u00e1nchez.<strong><\/strong><\/p>\n\n\n\n<figure class=\"wp-block-image size-full\"><img loading=\"lazy\" decoding=\"async\" width=\"371\" height=\"221\" src=\"https:\/\/diariodominicano.com\/wp-content\/uploads\/2023\/10\/Ivan-Ruiz.png\" alt=\"\" class=\"wp-image-476769\" srcset=\"https:\/\/diariodominicano.com\/wp-content\/uploads\/2023\/10\/Ivan-Ruiz.png 371w, https:\/\/diariodominicano.com\/wp-content\/uploads\/2023\/10\/Ivan-Ruiz-300x179.png 300w\" sizes=\"auto, (max-width: 371px) 100vw, 371px\" \/><figcaption>  Iv\u00e1n Ruiz, <\/figcaption><\/figure>\n\n\n\n<p><strong>Lo resaltante<\/strong><\/p>\n\n\n\n<p><strong>Relanzamiento de Radio Televisi\u00f3n Dominicana,<\/strong> (4 de mayo) a la cual se le dot\u00f3 de recursos para ese objetivo, se design\u00f3 a Iv\u00e1n Ruiz, un talento creativo proveniente del sector privado de producci\u00f3n, y que ha generado un espectro amplio de producci\u00f3n de programas, entre los cuales figuran: Luna Llena, El Mang\u00fa de la Ma\u00f1ana\u00bb, \u201cTopiTok 4.0&#8243;, \u201cCentral de Noticias\u201d adem\u00e1s de espacios de temporada, (La familia Espejo), series animadas, \u201cBienvenidos a la casa\u201d, con Freddy Ginebra; \u201cLa cultura vive\u201d, de Luis\u00edn Mej\u00eda y Gamal Michel\u00e9n, entre otros espacios, involucrando acuerdos de formaci\u00f3n con la Radio Televisi\u00f3n Espa\u00f1ola.<\/p>\n\n\n\n<p>La designaci\u00f3n de Ru\u00edz se produjo el 6 de abril de 2022, pero el desarrollo pr\u00e1ctico de los nuevos programas se comenz\u00f3 a concretar desde febrero 2023.<\/p>\n\n\n\n<p><strong>Mantenimiento del liderazgo televisivo meridiano de El Show del Mediod\u00eda\/ La telerrealidad (Color Visi\u00f3n),<\/strong> como primer programa de facturaci\u00f3n nacional, superado solo por dos novelas importadas), preeminencia que es tendencia desde hace cuatro\/cinco a\u00f1os un poder absoluto en el ranking de teleaudiencia. Ru\u00edz ha logrado la coexistencia de dos agendas (una p\u00fablica y otra privada).<\/p>\n\n\n\n<p>Da la impresi\u00f3n de que se ha apoyado en disciplina, trabajo en equipo y mente clara. Ruiz, adem\u00e1s, es frecuente objeto de ataques desde las redes sociales porque su dualidad en la producci\u00f3n, su activismo, sus posiciones que parecen moverse al tono de sus ideas y no siempre de una agenda oficial preestablecida, lo transforman en un ser apropiado para el ciberbullying,<\/p>\n\n\n\n<p><strong>Entrada de un nuevo equipo, liderado por Edith Febles,<\/strong> e integrado por Indira Suero, Germ\u00e1n Marte, tras la salida emotiva de Telesistema del periodista Luis Eduardo Lora (Huchi) el primero de marzo, dando como resultado en nueva forma de transmisi\u00f3n de contenidos basados en la investigaci\u00f3n documental, las entrevistas que a nadie se les ocurr\u00eda hacer, estableciendo alianzas informativas, conectando periodistas y acad\u00e9micos entre pa\u00edses en los que van ocurriendo los hechos, validando sobre todo sus l\u00edneas informativas (lucha contra la corrupci\u00f3n, vigencia de los derechos humanos de los sectores con menos poder, descubrimiento de casos a partir de documentaci\u00f3n oficial procurada) y otros.<\/p>\n\n\n\n<figure class=\"wp-block-image size-full\"><img loading=\"lazy\" decoding=\"async\" width=\"750\" height=\"395\" src=\"https:\/\/diariodominicano.com\/wp-content\/uploads\/2023\/10\/Danny-Alcantara.jpg\" alt=\"\" class=\"wp-image-476774\" srcset=\"https:\/\/diariodominicano.com\/wp-content\/uploads\/2023\/10\/Danny-Alcantara.jpg 750w, https:\/\/diariodominicano.com\/wp-content\/uploads\/2023\/10\/Danny-Alcantara-300x158.jpg 300w\" sizes=\"auto, (max-width: 750px) 100vw, 750px\" \/><figcaption> Danny Alc\u00e1ntara, ADCD Media Cuadro de la incidencia televisiva 2023. <\/figcaption><\/figure>\n\n\n\n<p><strong>Relanzamiento del conjunto de medios <\/strong><strong>ACD<\/strong><strong> Media (Hoy Mismo\/7 d\u00edas), liderado por Danny Alc\u00e1ntara por Color Visi\u00f3n<\/strong> 107.7 FM y otras) conformando una alianza radio, televisi\u00f3n y medios web que increment\u00f3 su influencia y produjo contenidos propios que incidieron en la opini\u00f3n p\u00fablica, como sus sondeos electorales, lo cual sumado a la calidad de su equipo de talentos y sus transmisiones especiales ha dado un servicio.<\/p>\n\n\n\n<figure class=\"wp-block-image size-full\"><img loading=\"lazy\" decoding=\"async\" width=\"740\" height=\"400\" src=\"https:\/\/diariodominicano.com\/wp-content\/uploads\/2023\/10\/Alberto-Caminero-y-Lorenny-Solano-740x400-1.jpg\" alt=\"\" class=\"wp-image-476776\" srcset=\"https:\/\/diariodominicano.com\/wp-content\/uploads\/2023\/10\/Alberto-Caminero-y-Lorenny-Solano-740x400-1.jpg 740w, https:\/\/diariodominicano.com\/wp-content\/uploads\/2023\/10\/Alberto-Caminero-y-Lorenny-Solano-740x400-1-300x162.jpg 300w\" sizes=\"auto, (max-width: 740px) 100vw, 740px\" \/><\/figure>\n\n\n\n<p><strong>La gesti\u00f3n renovada gesti\u00f3n de medios informativos de Grupo <\/strong><strong>Telemicro<\/strong><strong>, a cargo de Alberto Caminero,<\/strong> quien se consolid\u00f3 como director de prensa, creando espacios nuevos y fortaleciendo el perfil de los tradicionalmente desarrollados (<strong>Matutino <\/strong><strong>Telemicro<\/strong><strong>, Despierta <\/strong><strong>RD<\/strong>, y otros).<\/p>\n\n\n\n<figure class=\"wp-block-image size-full\"><img loading=\"lazy\" decoding=\"async\" width=\"404\" height=\"300\" src=\"https:\/\/diariodominicano.com\/wp-content\/uploads\/2023\/10\/Grupo-Telemicro.jpg\" alt=\"\" class=\"wp-image-476787\" srcset=\"https:\/\/diariodominicano.com\/wp-content\/uploads\/2023\/10\/Grupo-Telemicro.jpg 404w, https:\/\/diariodominicano.com\/wp-content\/uploads\/2023\/10\/Grupo-Telemicro-300x223.jpg 300w\" sizes=\"auto, (max-width: 404px) 100vw, 404px\" \/><\/figure>\n\n\n\n<p>En <strong>Grupo <\/strong><strong>Telemicro<\/strong>, que tienen la ventaja de contar con un productor general de alta calidad, Ren\u00e9 Brea y la limitaci\u00f3n de los conceptos en sus contenidos de humor que persisten en ser limitados por valores restrictivos como el machismo y la propalaci\u00f3n de prejuicios sobre determinados c\u00edrculos poblacionales. Dar un giro tem\u00e1tico a esa parte, podr\u00eda completar el avance en la tecnolog\u00eda y sus adelantos informativos.<\/p>\n\n\n\n<figure class=\"wp-block-image size-full\"><img loading=\"lazy\" decoding=\"async\" width=\"1024\" height=\"576\" src=\"https:\/\/diariodominicano.com\/wp-content\/uploads\/2023\/10\/Roberto-Cavada.jpg\" alt=\"\" class=\"wp-image-476777\" srcset=\"https:\/\/diariodominicano.com\/wp-content\/uploads\/2023\/10\/Roberto-Cavada.jpg 1024w, https:\/\/diariodominicano.com\/wp-content\/uploads\/2023\/10\/Roberto-Cavada-300x169.jpg 300w, https:\/\/diariodominicano.com\/wp-content\/uploads\/2023\/10\/Roberto-Cavada-768x432.jpg 768w, https:\/\/diariodominicano.com\/wp-content\/uploads\/2023\/10\/Roberto-Cavada-816x459.jpg 816w\" sizes=\"auto, (max-width: 1024px) 100vw, 1024px\" \/><\/figure>\n\n\n\n<p><strong>El relanzamiento<\/strong><strong> <\/strong><strong>servicio informativo de Roberto Cavada, (<\/strong><strong>Telesistema<\/strong><strong>),<\/strong> un espacio informativo l\u00edder en las noches, al cual se insertaron nuevos segmentos e introduciendo mejoras en un estilo expositivo de noticias que es muy \u00fanico del productor y periodista cubano\/dominicano.<\/p>\n\n\n\n<figure class=\"wp-block-image size-full\"><img loading=\"lazy\" decoding=\"async\" width=\"755\" height=\"455\" src=\"https:\/\/diariodominicano.com\/wp-content\/uploads\/2023\/10\/Nuria-Pieraperiodista.png\" alt=\"\" class=\"wp-image-476783\" srcset=\"https:\/\/diariodominicano.com\/wp-content\/uploads\/2023\/10\/Nuria-Pieraperiodista.png 755w, https:\/\/diariodominicano.com\/wp-content\/uploads\/2023\/10\/Nuria-Pieraperiodista-300x181.png 300w\" sizes=\"auto, (max-width: 755px) 100vw, 755px\" \/><figcaption>Nuria Piera <\/figcaption><\/figure>\n\n\n\n<p><strong>Incidencia social en 2023 de Nuria Piera.<\/strong><\/p>\n\n\n\n<p>Desde su espacio <strong>Nuria (Investigaci\u00f3n),<\/strong> por Color Visi\u00f3n, la comunicadora ha tenido en 2023 el tiempo de mayor incidencia social por la cantidad y gravedad de anomal\u00edas, fraudes, (sobre todo en materia de intrusismo profesional por parte de m\u00e9dicos) y\u00e9ndosele por delante a las autoridades de Salud P\u00fablica.<\/p>\n\n\n\n<p>Lo expresado no implica subvaloraci\u00f3n para <strong>Alicia Ortega<\/strong> <strong>(Grupo SIN, Color visi\u00f3n<\/strong>), que mantuvo la calidad de su oferta, pero sin dudas que 2023 tiene un nombre: Nuria Piera. No es entendible que a\u00fan no sea designada Premio Nacional de Periodismo. En esa decisi\u00f3n, hay que reflexionar.<\/p>\n\n\n\n<figure class=\"wp-block-image size-full\"><img loading=\"lazy\" decoding=\"async\" width=\"700\" height=\"400\" src=\"https:\/\/diariodominicano.com\/wp-content\/uploads\/2023\/10\/viernes_sol_maNana_sol.jpg\" alt=\"\" class=\"wp-image-476780\" srcset=\"https:\/\/diariodominicano.com\/wp-content\/uploads\/2023\/10\/viernes_sol_maNana_sol.jpg 700w, https:\/\/diariodominicano.com\/wp-content\/uploads\/2023\/10\/viernes_sol_maNana_sol-300x171.jpg 300w\" sizes=\"auto, (max-width: 700px) 100vw, 700px\" \/><figcaption> Julio Mart\u00ednez Pozo, RCC Media <\/figcaption><\/figure>\n\n\n\n<p><strong>Fortalecimiento de los espacios de RCC Media, en radio y televisi\u00f3n, con la visi\u00f3n de Antonio <\/strong><strong>Espaillat<\/strong>, que ha avanzado sin dudas a un sitial de preferencia y liderazgo, ofreciendo un medio abierto a las expresiones pol\u00edticas y partidarias, invirtiendo proyectos propios, como las encuestas (RD Elige), que ciertamente pesan en el \u00e1nimo de la gente. El equipo, que tiene de l\u00edder a <strong>Julio Mart\u00ednez Pozo<\/strong>, se ha lucido con una oferta de contenidos que no excluye expresiones todas las pol\u00edticas, pero se debe resaltar que es una labor sustentada por sus telendos, entre los cuales destacan Mar\u00eda Elena N\u00fa\u00f1ez, <strong>Jos\u00e9 <\/strong><strong>Laluz<\/strong><strong>, <\/strong><strong>Euri<\/strong><strong> <\/strong><strong>Cabral<\/strong><strong> y otros<\/strong>.<\/p>\n\n\n\n<p><strong>Acento TV y \u00bfY t\u00fa <\/strong><strong>qu\u00e9<\/strong><strong> dices?, <\/strong>proyecto de televisi\u00f3n producci\u00f3n de<strong> Fausto Rosario <\/strong><strong>Adames<\/strong>, director de <strong>Acento.com.do, <\/strong>con una primera edici\u00f3n que sali\u00f3 al aire en agosto 2016, centrado en el testimonio hist\u00f3rico de los a\u00f1os recientes y que &nbsp;permitido ofrecer abundante informaci\u00f3n in\u00e9dita por parte de testigos que probablemente por ninguna otra v\u00eda ofrecer\u00edan&nbsp; sus versiones, adem\u00e1s de &nbsp;investigadores cubriendo un per\u00edodo&nbsp; de los primeros avances democr\u00e1tica tras la ca\u00edda de Trujillo y &nbsp;los hechos relacionados con la Revoluci\u00f3n Constitucionalista.<\/p>\n\n\n\n<p><strong>Oferta informativa de Grupo Telemicro, <\/strong>haincrementado su incidencia, ofrecido espacios a comunicadores j\u00f3venes de enorme capacidad: (<strong>Cristian Cabrera y Miguel <\/strong><strong>Ot\u00e1\u00f1ez<\/strong><strong>, A la Misma hora) <\/strong>en Telecentro, caracterizado por informaci\u00f3n y comentarios originales de gran trascendencia y seguidos por Despierta RD, en que se destaca <strong>Lorenny<\/strong><strong> Solano,<\/strong> es adem\u00e1s de sus espacios informativos l\u00edderes como el <strong>Matutino del Canal 5<\/strong> en que cuenta con un conjunto de talentos de alto nivel: <strong>Persio<\/strong><strong> Maldonado, Alberto Caminero y Laura Castellanos<\/strong>. Hay espacios de informaci\u00f3n nuevos, pero no alcanzamos a registrarlos todos.<\/p>\n\n\n\n<p><strong>Fuera de an\u00e1lisis<\/strong><\/p>\n\n\n\n<p><strong>La Z 101<\/strong> procede de haber perdido dos de sus figuras fundamentales <strong>Willy<\/strong><strong> Rodr\u00edguez<\/strong> (2021) y <strong>Alvarito<\/strong><strong> Arvelo<\/strong>, (2023) y vio aparecer un liderazgo sorprendente de <strong>Jos\u00e9 Luis Mendoza)<\/strong>, en un fen\u00f3meno de comunicaci\u00f3n originario de radio, pero que ha derivado \u2013 por la masificaci\u00f3n de la imagen virtual por redes sociales y la ampliaci\u00f3n de su capacidad tecnolog\u00eda para transformarse en estudio de TV, que debe ser reubicado en su incidencia.<\/p>\n\n\n\n<p>No abarcamos contemplado lo acontecido con el servicio informativamente de <strong>Antena Latina<\/strong> y ni tiempo para estudiar ni el &nbsp;caso del noticiario Uno m\u00e1s Uno (<strong>Teleantillas<\/strong>), ahora a cargo de <strong>Adalberto Grull\u00f3n Morillo<\/strong> y de <strong>Millizen Uribe<\/strong>. Veremos si hay chance luego\u2026es un compromiso.<\/p>\n\n\n\n<p>Jose Rafael Paula Sosa<a target=\"_blank\" href=\"mailto:joserafael.sosa@gmail.com\" rel=\"noreferrer noopener\">joserafael.sosa@gmail.com<\/a><\/p>\n","protected":false},"excerpt":{"rendered":"<p>Edith Febles, productora general de telematutino El Dia (Telesistema) Hacer televisi\u00f3n es unas tareas de equipo m\u00e1s complejas y demandantes de coordinaci\u00f3n, recursos humanos, financieras y t\u00e9cnicos. &nbsp; Jos\u00e9 Rafael Sosa \u00bfQu\u00e9 aconteci\u00f3, televisivamente, en el pa\u00eds, en 2023? \u00bfCu\u00e1les acontecimientos y personalidades deb\u00edan ser enlistados comolo mejor de la televisi\u00f3n informativa, sus proyectos, sus [&hellip;]<\/p>\n","protected":false},"author":28,"featured_media":476766,"comment_status":"closed","ping_status":"","sticky":false,"template":"","format":"standard","meta":{"footnotes":""},"categories":[36,25,32],"tags":[],"class_list":["post-476765","post","type-post","status-publish","format-standard","has-post-thumbnail","hentry","category-hombresmujeresycosas","category-gente","category-turismo"],"_links":{"self":[{"href":"https:\/\/diariodominicano.com\/index.php?rest_route=\/wp\/v2\/posts\/476765","targetHints":{"allow":["GET"]}}],"collection":[{"href":"https:\/\/diariodominicano.com\/index.php?rest_route=\/wp\/v2\/posts"}],"about":[{"href":"https:\/\/diariodominicano.com\/index.php?rest_route=\/wp\/v2\/types\/post"}],"author":[{"embeddable":true,"href":"https:\/\/diariodominicano.com\/index.php?rest_route=\/wp\/v2\/users\/28"}],"replies":[{"embeddable":true,"href":"https:\/\/diariodominicano.com\/index.php?rest_route=%2Fwp%2Fv2%2Fcomments&post=476765"}],"version-history":[{"count":15,"href":"https:\/\/diariodominicano.com\/index.php?rest_route=\/wp\/v2\/posts\/476765\/revisions"}],"predecessor-version":[{"id":476792,"href":"https:\/\/diariodominicano.com\/index.php?rest_route=\/wp\/v2\/posts\/476765\/revisions\/476792"}],"wp:featuredmedia":[{"embeddable":true,"href":"https:\/\/diariodominicano.com\/index.php?rest_route=\/wp\/v2\/media\/476766"}],"wp:attachment":[{"href":"https:\/\/diariodominicano.com\/index.php?rest_route=%2Fwp%2Fv2%2Fmedia&parent=476765"}],"wp:term":[{"taxonomy":"category","embeddable":true,"href":"https:\/\/diariodominicano.com\/index.php?rest_route=%2Fwp%2Fv2%2Fcategories&post=476765"},{"taxonomy":"post_tag","embeddable":true,"href":"https:\/\/diariodominicano.com\/index.php?rest_route=%2Fwp%2Fv2%2Ftags&post=476765"}],"curies":[{"name":"wp","href":"https:\/\/api.w.org\/{rel}","templated":true}]}}