{"id":476720,"date":"2023-10-02T22:57:24","date_gmt":"2023-10-03T02:57:24","guid":{"rendered":"http:\/\/diariodominicano.com\/?p=476720"},"modified":"2023-10-02T23:01:17","modified_gmt":"2023-10-03T03:01:17","slug":"carlos-cedeno-medallista-en-natacion-y-futuro-abogado","status":"publish","type":"post","link":"https:\/\/diariodominicano.com\/?p=476720","title":{"rendered":"Carlos Cede\u00f1o, medallista en nataci\u00f3n y futuro abogado\u00a0"},"content":{"rendered":"\n<p>Carlos Cede\u00f1o<\/p>\n\n\n\n<figure class=\"wp-block-image size-large\"><img loading=\"lazy\" decoding=\"async\" width=\"1024\" height=\"889\" src=\"https:\/\/diariodominicano.com\/wp-content\/uploads\/2023\/10\/unnamed-9-1024x889.jpg\" alt=\"\" class=\"wp-image-476727\" srcset=\"https:\/\/diariodominicano.com\/wp-content\/uploads\/2023\/10\/unnamed-9-1024x889.jpg 1024w, https:\/\/diariodominicano.com\/wp-content\/uploads\/2023\/10\/unnamed-9-300x260.jpg 300w, https:\/\/diariodominicano.com\/wp-content\/uploads\/2023\/10\/unnamed-9-768x666.jpg 768w, https:\/\/diariodominicano.com\/wp-content\/uploads\/2023\/10\/unnamed-9-1536x1333.jpg 1536w, https:\/\/diariodominicano.com\/wp-content\/uploads\/2023\/10\/unnamed-9-816x708.jpg 816w, https:\/\/diariodominicano.com\/wp-content\/uploads\/2023\/10\/unnamed-9.jpg 1800w\" sizes=\"auto, (max-width: 1024px) 100vw, 1024px\" \/><figcaption> <strong>El alumno de la UAG gan\u00f3 dos medallas en los Campeonatos Centroamericanos y del Caribe de Nataci\u00f3n 2023 en El Salvador, adem\u00e1s es un apasionado del Derecho<\/strong>\u00a0 <\/figcaption><\/figure>\n\n\n\n<figure class=\"wp-block-table\"><table><tbody><tr><td><\/td><\/tr><\/tbody><\/table><\/figure>\n\n\n\n<figure class=\"wp-block-table\"><table><tbody><tr><td><br>Carlos Daniel Cede\u00f1o \u00c1vila, estudia el quinto semestre de la carrera de Derecho en la Universidad Aut\u00f3noma de Guadalajara (UAG), recientemente gan\u00f3 dos medallas, una de oro en relevos por equipo y otra de plata en la categor\u00eda 5 kil\u00f3metros en la prueba de Aguas Abiertas en los Campeonatos Centroamericanos y del Caribe de Nataci\u00f3n 2023 (CCCAN), realizado en El Salvador.<br>\u201cMi experiencia en esta competencia fue algo \u00fanica, logr\u00e9 colgarme estas dos preseas, anteriormente ya hab\u00eda participado en otras competencias, pero esta fue muy diferente en todos los aspectos; primero por mi seguridad al momento de competir, aunque los rivales eran muy fuertes, yo estuve muy confiado en lograr excelentes resultados y segundo, porque sufr\u00ed algunas lesiones f\u00edsicas previas al evento\u201d, comparti\u00f3 el alumno.<br>\u201cFue algo muy padre, me sent\u00ed muy orgulloso de m\u00ed y con estas medallas ahora tengo m\u00e1s motivaci\u00f3n para seguir adelante en el deporte\u201d.<br>Horas de arduo entrenamiento f\u00edsico, entrenamiento mental y una buena alimentaci\u00f3n, fueron claves de su \u00e9xito para alcanzar esos logros.<br>Ahora se alista para el Campeonato Nacional de Invierno de Curso Corto y para el selectivo mexicano rumbo al mundial.<br>De acuerdo con Carlos Cede\u00f1o, la nataci\u00f3n es un deporte muy complejo y dif\u00edcil, ya que se requiere de mucho esfuerzo f\u00edsico y mental para estar en el agua, adem\u00e1s de que casi todo el tiempo se expone a lesiones de hombro, espalda y tendones superiores, por lo que requiere disciplina.<br>\u201cEn M\u00e9xico solo se enfocan en f\u00fatbol, boxeo y b\u00e1squetbol y muy poco a la nataci\u00f3n, pero es importante reconocer que los mexicanos est\u00e1n sobresaliendo \u00faltimamente, porque hay un gran trabajo detr\u00e1s y muchos entrenan desde chiquitos, como es mi caso\u201d, resalt\u00f3.<br>\u00a0<br><strong>Vida acad\u00e9mica<\/strong><br>Carlos Daniel Cede\u00f1o \u00c1vila coment\u00f3 que su experiencia como estudiante y deportista ha sido muy dif\u00edcil debido a los horarios de sus clases y sus entrenamientos, pues muchas veces se cruzan.<br>\u201cPero, si te administras con tus tiempos todo se puede, hay que tener determinaci\u00f3n para levantarse temprano, tener la motivaci\u00f3n para poder lograr todo lo que quieres y aprender de todo\u201d, dijo.<br>\u201cLlevar el balance de mi vida como nadador y como estudiante ha sido adem\u00e1s muy desafiante, porque a veces tengo que entrenar doble sesi\u00f3n y tengo que llevar un estilo de vida muy disciplinado. En cuanto a la escuela tengo mucho enfoque y compromiso, tengo buen promedio e intento titularme por esta modalidad\u201d.<br>Por otra parte, coment\u00f3 que eligi\u00f3 estudiar Derecho porque su abuelito fue magistrado y ahora su pap\u00e1 lo es; su mam\u00e1 y sus hermanos tambi\u00e9n son abogados y le interes\u00f3 todo lo que ellos sab\u00edan.<br>Actualmente, el alumno UAG est\u00e1 trabajando en el Tribunal del Estado de Jalisco y quiere seguirse preparando para llegar muy lejos al igual que su familia. En un futuro quiere llegar a ser un gran magistrado de renombre en M\u00e9xico.<br>Por \u00faltimo, agradeci\u00f3 a la Aut\u00f3noma por todo el soporte y el \u00e1nimo que le dan para continuar con sus estudios sin dejar de practicar la nataci\u00f3n.<br><br>Comunicados UAG<br><a rel=\"noreferrer noopener\" target=\"_blank\" href=\"mailto:prensa@edu.uag.mx\">prensa@edu.uag.mx<\/a><\/td><\/tr><\/tbody><\/table><\/figure>\n","protected":false},"excerpt":{"rendered":"<p>Carlos Cede\u00f1o Carlos Daniel Cede\u00f1o \u00c1vila, estudia el quinto semestre de la carrera de Derecho en la Universidad Aut\u00f3noma de Guadalajara (UAG), recientemente gan\u00f3 dos medallas, una de oro en relevos por equipo y otra de plata en la categor\u00eda 5 kil\u00f3metros en la prueba de Aguas Abiertas en los Campeonatos Centroamericanos y del Caribe [&hellip;]<\/p>\n","protected":false},"author":28,"featured_media":476723,"comment_status":"closed","ping_status":"","sticky":false,"template":"","format":"standard","meta":{"footnotes":""},"categories":[36,17,32],"tags":[],"class_list":["post-476720","post","type-post","status-publish","format-standard","has-post-thumbnail","hentry","category-hombresmujeresycosas","category-deportes","category-turismo"],"_links":{"self":[{"href":"https:\/\/diariodominicano.com\/index.php?rest_route=\/wp\/v2\/posts\/476720","targetHints":{"allow":["GET"]}}],"collection":[{"href":"https:\/\/diariodominicano.com\/index.php?rest_route=\/wp\/v2\/posts"}],"about":[{"href":"https:\/\/diariodominicano.com\/index.php?rest_route=\/wp\/v2\/types\/post"}],"author":[{"embeddable":true,"href":"https:\/\/diariodominicano.com\/index.php?rest_route=\/wp\/v2\/users\/28"}],"replies":[{"embeddable":true,"href":"https:\/\/diariodominicano.com\/index.php?rest_route=%2Fwp%2Fv2%2Fcomments&post=476720"}],"version-history":[{"count":4,"href":"https:\/\/diariodominicano.com\/index.php?rest_route=\/wp\/v2\/posts\/476720\/revisions"}],"predecessor-version":[{"id":476728,"href":"https:\/\/diariodominicano.com\/index.php?rest_route=\/wp\/v2\/posts\/476720\/revisions\/476728"}],"wp:featuredmedia":[{"embeddable":true,"href":"https:\/\/diariodominicano.com\/index.php?rest_route=\/wp\/v2\/media\/476723"}],"wp:attachment":[{"href":"https:\/\/diariodominicano.com\/index.php?rest_route=%2Fwp%2Fv2%2Fmedia&parent=476720"}],"wp:term":[{"taxonomy":"category","embeddable":true,"href":"https:\/\/diariodominicano.com\/index.php?rest_route=%2Fwp%2Fv2%2Fcategories&post=476720"},{"taxonomy":"post_tag","embeddable":true,"href":"https:\/\/diariodominicano.com\/index.php?rest_route=%2Fwp%2Fv2%2Ftags&post=476720"}],"curies":[{"name":"wp","href":"https:\/\/api.w.org\/{rel}","templated":true}]}}