{"id":476674,"date":"2023-10-02T18:14:38","date_gmt":"2023-10-02T22:14:38","guid":{"rendered":"http:\/\/diariodominicano.com\/?p=476674"},"modified":"2023-10-02T18:17:36","modified_gmt":"2023-10-02T22:17:36","slug":"unapec-y-el-banco-popular-dominicano-inauguran-laboratorio-de-finanzas","status":"publish","type":"post","link":"https:\/\/diariodominicano.com\/?p=476674","title":{"rendered":"UNAPEC y el Banco Popular Dominicano inauguran Laboratorio de Finanzas"},"content":{"rendered":"\n<p><em>Actuar\u00e1 como un observatorio del sistema financiero nacional e internacional propiciando investigaciones sobre la eficiencia de los mercados financieros, as\u00ed &nbsp;&nbsp;como un espacio para desarrollar competencias de emprendimiento.<\/em><\/p>\n\n\n\n<figure class=\"wp-block-image size-full\"><img loading=\"lazy\" decoding=\"async\" width=\"898\" height=\"598\" src=\"https:\/\/diariodominicano.com\/wp-content\/uploads\/2023\/10\/10bac1de-957b-4a9c-a428-3646fca60ce5.png\" alt=\"\" class=\"wp-image-476677\" srcset=\"https:\/\/diariodominicano.com\/wp-content\/uploads\/2023\/10\/10bac1de-957b-4a9c-a428-3646fca60ce5.png 898w, https:\/\/diariodominicano.com\/wp-content\/uploads\/2023\/10\/10bac1de-957b-4a9c-a428-3646fca60ce5-300x200.png 300w, https:\/\/diariodominicano.com\/wp-content\/uploads\/2023\/10\/10bac1de-957b-4a9c-a428-3646fca60ce5-768x511.png 768w, https:\/\/diariodominicano.com\/wp-content\/uploads\/2023\/10\/10bac1de-957b-4a9c-a428-3646fca60ce5-816x543.png 816w\" sizes=\"auto, (max-width: 898px) 100vw, 898px\" \/><figcaption> El acto de inauguraci\u00f3n estuvo encabezado por el Dr. Franklyn Holgu\u00edn Hach\u00e9, rector de Unapec, el Licdo. Francisco Ram\u00edrez, vicepresidente ejecutivo de Negocios Personales y Sucursales\u00a0del Grupo Popular, y el Licdo. Jos\u00e9 M\u00e1rmol, vicepresidente ejecutivo de\u00a0Comunicaci\u00f3n Corporativas, Reputaci\u00f3n y Banca Responsable;\u00a0cont\u00f3 con la participaci\u00f3n de altos ejecutivos del Grupo APEC, el Banco Popular y Unapec, as\u00ed como de relevantes personalidades del \u00e1mbito empresarial, bancario y acad\u00e9mico nacional. <\/figcaption><\/figure>\n\n\n\n<p><strong>S<\/strong><strong>anto Domingo, D.N<\/strong>. La Universidad APEC y el Banco Popular Dominicano inauguraron el&nbsp;<em>Laboratorio de Finanzas Popular<\/em>, para que los estudiantes&nbsp;de&nbsp;las carreras de negocios y ciencias empresariales aprendan y practiquen las t\u00e9cnicas m\u00e1s innovadoras en materia financiera universal.<\/p>\n\n\n\n<figure class=\"wp-block-image size-full\"><img loading=\"lazy\" decoding=\"async\" width=\"898\" height=\"598\" src=\"https:\/\/diariodominicano.com\/wp-content\/uploads\/2023\/10\/2a438030-d05b-4919-a344-9a653195fcd6.png\" alt=\"\" class=\"wp-image-476679\" srcset=\"https:\/\/diariodominicano.com\/wp-content\/uploads\/2023\/10\/2a438030-d05b-4919-a344-9a653195fcd6.png 898w, https:\/\/diariodominicano.com\/wp-content\/uploads\/2023\/10\/2a438030-d05b-4919-a344-9a653195fcd6-300x200.png 300w, https:\/\/diariodominicano.com\/wp-content\/uploads\/2023\/10\/2a438030-d05b-4919-a344-9a653195fcd6-768x511.png 768w, https:\/\/diariodominicano.com\/wp-content\/uploads\/2023\/10\/2a438030-d05b-4919-a344-9a653195fcd6-816x543.png 816w\" sizes=\"auto, (max-width: 898px) 100vw, 898px\" \/><\/figure>\n\n\n\n<p>En el Laboratorio de Finanzas Popular, los estudiantes, de forma f\u00edsica y virtual, desarrollar\u00e1n habilidades para la toma de decisiones financieras, aprender\u00e1n sobre la gesti\u00f3n de riesgos en los portafolios de inversi\u00f3n, y cursar\u00e1n investigaciones en torno al mercado financiero.<\/p>\n\n\n\n<figure class=\"wp-block-image size-full\"><img loading=\"lazy\" decoding=\"async\" width=\"898\" height=\"598\" src=\"https:\/\/diariodominicano.com\/wp-content\/uploads\/2023\/10\/64735d89-436e-44f7-bac3-8c4de7e80717.png\" alt=\"\" class=\"wp-image-476680\" srcset=\"https:\/\/diariodominicano.com\/wp-content\/uploads\/2023\/10\/64735d89-436e-44f7-bac3-8c4de7e80717.png 898w, https:\/\/diariodominicano.com\/wp-content\/uploads\/2023\/10\/64735d89-436e-44f7-bac3-8c4de7e80717-300x200.png 300w, https:\/\/diariodominicano.com\/wp-content\/uploads\/2023\/10\/64735d89-436e-44f7-bac3-8c4de7e80717-768x511.png 768w, https:\/\/diariodominicano.com\/wp-content\/uploads\/2023\/10\/64735d89-436e-44f7-bac3-8c4de7e80717-816x543.png 816w\" sizes=\"auto, (max-width: 898px) 100vw, 898px\" \/><\/figure>\n\n\n\n<p>La unidad servir\u00e1 tambi\u00e9n como un espacio de enriquecimiento multidisciplinario, donde adquirir conocimientos sobre emprendimiento y simulaciones de c\u00f3mo operan los mercados financieros. Asimismo, puede potenciar la participaci\u00f3n de los estudiantes en competiciones internacionales.<\/p>\n\n\n\n<p>Posterior a la ceremonia del corte de cinta, fue suscrito un convenio con el objetivo de sellar lo compromisos asumidos entre las partes, que a juicio de sus art\u00edfices redundar\u00e1 en el fomento de ventajas competitivas de cada instituci\u00f3n.<\/p>\n\n\n\n<p>El evento se enmarca en la celebraci\u00f3n del D\u00eda de la Educaci\u00f3n Financiera<em>,<\/em>&nbsp;establecida en el a\u00f1o 2015 para cada primer lunes de octubre. Seg\u00fan la Organizaci\u00f3n para la Cooperaci\u00f3n y Desarrollo Econ\u00f3mico (OCDE), la educaci\u00f3n financiera es el proceso por el cual los individuos mejoran su comprensi\u00f3n de los conceptos y los productos financieros y desarrollan habilidades y confianza para ser m\u00e1s conscientes de los riesgos y oportunidades de las diferentes opciones financieras.<\/p>\n\n\n\n<p>El acto de inauguraci\u00f3n estuvo encabezado por el Dr. Franklyn Holgu\u00edn Hach\u00e9, rector de Unapec, el Licdo. Francisco Ram\u00edrez, vicepresidente ejecutivo de Negocios Personales y Sucursales&nbsp;del Grupo Popular, y el Licdo. Jos\u00e9 M\u00e1rmol, vicepresidente ejecutivo de&nbsp;Comunicaci\u00f3n Corporativas, Reputaci\u00f3n y Banca Responsable;&nbsp;cont\u00f3 con la participaci\u00f3n de altos ejecutivos del Grupo APEC, el Banco Popular y Unapec, as\u00ed como de relevantes personalidades del \u00e1mbito empresarial, bancario y acad\u00e9mico nacional.<\/p>\n\n\n\n<p><strong>Mayor uni\u00f3n del mercado laboral y la academia<\/strong><\/p>\n\n\n\n<p>Durante el acto de inauguraci\u00f3n, el se\u00f1or Francisco Ram\u00edrez, vicepresidente ejecutivo de Negocios Personales y Sucursales del Banco Popular, indic\u00f3 que esta iniciativa \u201cser\u00e1 tambi\u00e9n un aporte a la mejora continua del sistema educativo de la Rep\u00fablica Dominicana, desde un ejercicio pr\u00e1ctico\u201d.<\/p>\n\n\n\n<p>\u201cEl laboratorio es una herramienta y a su m\u00e1xima capacidad brindar\u00e1 a los estudiantes la oportunidad de desarrollar las habilidades que necesitan para tener \u00e9xito en sus carreras\u201d, indic\u00f3 el se\u00f1or Ram\u00edrez.<\/p>\n\n\n\n<p>Agreg\u00f3 que, como parte del acuerdo que ha dado cabida a este proyecto, el Popular realizar\u00e1 clases magistrales en la universidad sobre diversos t\u00f3picos financieros. Adem\u00e1s, ejecutivos del banco participar\u00e1n en el Comit\u00e9 Consultivo de la Carrera de Finanzas, a los fines de contar con una revisi\u00f3n curricular que garantice que el plan de estudios responda a las necesidades y tendencias del sector financiero en la actualidad.<\/p>\n\n\n\n<p>En tanto, el rector de Unapec, Franklyn Holgu\u00edn Hach\u00e9, destac\u00f3 el camino recorrido por el Banco Popular y el Grupo APEC en los cincuenta y nueve a\u00f1os que comparten de fundaci\u00f3n, teniendo como v\u00e9rtice al ya fallecido Alejandro Grull\u00f3n, fundador de dicha entidad bancaria, y quien form\u00f3 parte de los fundadores de Acci\u00f3n Pro Educaci\u00f3n y Cultura, APEC.<\/p>\n\n\n\n<p>\u201cLa intenci\u00f3n es mancomunar esfuerzos, experiencias y conocimientos.&nbsp; Promover la educaci\u00f3n financiera en todos los segmentos de la poblaci\u00f3n es un aspecto clave para lograr una mayor inclusi\u00f3n y que \u00e9sta sea a su vez justa, informada, segura y responsable\u201d, apunt\u00f3.<\/p>\n\n\n\n<p>El Ing. Jos\u00e9 Antonio Gil, decano de la Facultad de Ciencias Econ\u00f3micas y Empresariales de Unapec, present\u00f3 los aspectos t\u00e9cnicos propios del Laboratorio, se\u00f1alando&nbsp;que este permitir\u00e1 a los estudiantes y profesores acceder a datos en tiempo real, noticias e investigaciones sobre los mercados financieros nacional y global, lo que les ayudar\u00e1 a desarrollar las habilidades necesarias para una carrera en finanzas.<\/p>\n\n\n\n<p><strong>Semana de las Finanzas Popular<\/strong><\/p>\n\n\n\n<p>La inauguraci\u00f3n del\u00a0Laboratorio de Finanzas Popular sirvi\u00f3 tambi\u00e9n para informar sobre el lanzamiento de la\u00a0Semana de las Finanzas Popular, una jornada de actividades de educaci\u00f3n financiera a realizarse hasta el viernes 6 de octubre en colegios y universidades como Unapec, Universidad O&amp;M, UNIBE, ABC School, Instituto Superior de Estudios Especializados en Ciencias Sociales y Humanidades Luis Heredia Bonetti (IES-LHB), y\u00a0cerrando la semana con un evento abierto a todo el p\u00fablico, el s\u00e1bado 7, en el centro comercial, \u00c1gora Mall.<\/p>\n\n\n\n<p>rosa maria jimenez sosa<a target=\"_blank\" href=\"mailto:rmj.comunicaciones@gmail.com\" rel=\"noreferrer noopener\">rmj.comunicaciones@gmail.com<\/a><\/p>\n\n\n\n<p><strong>Rosa Mar\u00eda Jim\u00e9nez<\/strong><\/p>\n","protected":false},"excerpt":{"rendered":"<p>Actuar\u00e1 como un observatorio del sistema financiero nacional e internacional propiciando investigaciones sobre la eficiencia de los mercados financieros, as\u00ed &nbsp;&nbsp;como un espacio para desarrollar competencias de emprendimiento. Santo Domingo, D.N. La Universidad APEC y el Banco Popular Dominicano inauguraron el&nbsp;Laboratorio de Finanzas Popular, para que los estudiantes&nbsp;de&nbsp;las carreras de negocios y ciencias empresariales aprendan [&hellip;]<\/p>\n","protected":false},"author":28,"featured_media":476675,"comment_status":"closed","ping_status":"","sticky":true,"template":"","format":"standard","meta":{"footnotes":""},"categories":[18,27,32],"tags":[],"class_list":["post-476674","post","type-post","status-publish","format-standard","has-post-thumbnail","hentry","category-economia","category-portada","category-turismo"],"_links":{"self":[{"href":"https:\/\/diariodominicano.com\/index.php?rest_route=\/wp\/v2\/posts\/476674","targetHints":{"allow":["GET"]}}],"collection":[{"href":"https:\/\/diariodominicano.com\/index.php?rest_route=\/wp\/v2\/posts"}],"about":[{"href":"https:\/\/diariodominicano.com\/index.php?rest_route=\/wp\/v2\/types\/post"}],"author":[{"embeddable":true,"href":"https:\/\/diariodominicano.com\/index.php?rest_route=\/wp\/v2\/users\/28"}],"replies":[{"embeddable":true,"href":"https:\/\/diariodominicano.com\/index.php?rest_route=%2Fwp%2Fv2%2Fcomments&post=476674"}],"version-history":[{"count":4,"href":"https:\/\/diariodominicano.com\/index.php?rest_route=\/wp\/v2\/posts\/476674\/revisions"}],"predecessor-version":[{"id":476682,"href":"https:\/\/diariodominicano.com\/index.php?rest_route=\/wp\/v2\/posts\/476674\/revisions\/476682"}],"wp:featuredmedia":[{"embeddable":true,"href":"https:\/\/diariodominicano.com\/index.php?rest_route=\/wp\/v2\/media\/476675"}],"wp:attachment":[{"href":"https:\/\/diariodominicano.com\/index.php?rest_route=%2Fwp%2Fv2%2Fmedia&parent=476674"}],"wp:term":[{"taxonomy":"category","embeddable":true,"href":"https:\/\/diariodominicano.com\/index.php?rest_route=%2Fwp%2Fv2%2Fcategories&post=476674"},{"taxonomy":"post_tag","embeddable":true,"href":"https:\/\/diariodominicano.com\/index.php?rest_route=%2Fwp%2Fv2%2Ftags&post=476674"}],"curies":[{"name":"wp","href":"https:\/\/api.w.org\/{rel}","templated":true}]}}