{"id":476521,"date":"2023-10-01T21:41:17","date_gmt":"2023-10-02T01:41:17","guid":{"rendered":"http:\/\/diariodominicano.com\/?p=476521"},"modified":"2023-10-01T21:48:23","modified_gmt":"2023-10-02T01:48:23","slug":"centro-cultural-banreservas-ofrece-en-octubre-cinco-peliculas-clasicas-imperdibles","status":"publish","type":"post","link":"https:\/\/diariodominicano.com\/?p=476521","title":{"rendered":"Centro Cultural Banreservas ofrece en Octubre cinco pel\u00edculas cl\u00e1sicas imperdibles"},"content":{"rendered":"\n<p> Los ni\u00f1os del cielo, de\u00a01997,\u00a0del director iran\u00ed\u00a0Majid\u00a0Majidi. <\/p>\n\n\n\n<p>Ser\u00e1n proyectadas&nbsp; gratis Los dioses deben de estar locos, Un rostro en la multitud, Los ni\u00f1os del cielo, Muerte de un ciclista y Cinema&nbsp;Paradiso.<\/p>\n\n\n\n<figure class=\"wp-block-image size-full\"><img loading=\"lazy\" decoding=\"async\" width=\"320\" height=\"450\" src=\"https:\/\/diariodominicano.com\/wp-content\/uploads\/2023\/10\/muerteposter.jpeg\" alt=\"\" class=\"wp-image-476527\" srcset=\"https:\/\/diariodominicano.com\/wp-content\/uploads\/2023\/10\/muerteposter.jpeg 320w, https:\/\/diariodominicano.com\/wp-content\/uploads\/2023\/10\/muerteposter-213x300.jpeg 213w\" sizes=\"auto, (max-width: 320px) 100vw, 320px\" \/><figcaption>Muerte de un ciclista<\/figcaption><\/figure>\n\n\n\n<p>Servicio de Prensa<\/p>\n\n\n\n<p>El Centro Cultural&nbsp;Banreservas&nbsp;anunci\u00f3 que exhibir\u00e1 los martes de octubre pel\u00edculas cl\u00e1sicas internacionales, en funciones gratuitas, consideradas por la cr\u00edtica internacional como \u201cimperdibles\u201d por la calidad y los esquemas novedosos y creativos que establecieron.<\/p>\n\n\n\n<p>Las pel\u00edculas &nbsp;a ser exhibidas en el auditorio del CCBR, son: Los dioses deben de estar locos, Un rostro en la multitud, Los ni\u00f1os del cielo, Muerte de un ciclista y Cinema&nbsp;Paradiso, con la moderaci\u00f3n posterior del asesor en cine del CCBR, Rienzie Pared P\u00e9rez.<\/p>\n\n\n\n<p>Mijail Peralta Rodr\u00edguez, gerente de Cultura del Banreservas, inform\u00f3 que las funciones inician a las siete de la noche en el auditorio (que tiene n\u00famero limitado de asientos), por lo que recomienda al p\u00fablico reservar llamando por tel\u00e9fono 809-960-2121 o por el correo electr\u00f3nico&nbsp;<a href=\"mailto:centroculturalbanreservas@banreservas.com\" target=\"_blank\" rel=\"noreferrer noopener\">centroculturalbanreservas@banreservas.com<\/a>.<\/p>\n\n\n\n<p>El Centro Cultural Banreservas est\u00e1 ubicado en la calle Isabel La Cat\u00f3lica # 202 de Ciudad Colonial, con facilidad de parqueo gratuito al lado de la instituci\u00f3n.<\/p>\n\n\n\n<figure class=\"wp-block-image size-full\"><img loading=\"lazy\" decoding=\"async\" width=\"834\" height=\"557\" src=\"https:\/\/diariodominicano.com\/wp-content\/uploads\/2023\/10\/Los-dioses-deben-estar-locos.png\" alt=\"\" class=\"wp-image-476529\" srcset=\"https:\/\/diariodominicano.com\/wp-content\/uploads\/2023\/10\/Los-dioses-deben-estar-locos.png 834w, https:\/\/diariodominicano.com\/wp-content\/uploads\/2023\/10\/Los-dioses-deben-estar-locos-300x200.png 300w, https:\/\/diariodominicano.com\/wp-content\/uploads\/2023\/10\/Los-dioses-deben-estar-locos-768x513.png 768w, https:\/\/diariodominicano.com\/wp-content\/uploads\/2023\/10\/Los-dioses-deben-estar-locos-816x545.png 816w\" sizes=\"auto, (max-width: 834px) 100vw, 834px\" \/><figcaption> <strong> Los dioses deben estar locos es la primera de las cinco producciones que ofrece este mes de octubre, el Centro Cultural Banreservas. <\/strong><\/figcaption><\/figure>\n\n\n\n<p>Las proyecciones inician el martes 3 con&nbsp;<strong>Los dioses deben de estar locos<\/strong>&nbsp;(The&nbsp;gods&nbsp;must&nbsp;be&nbsp;crazy), del director&nbsp;Jamie&nbsp;Uys, (1980) con la historia de Xi, su familia y su tribu de&nbsp;bosquimanos, viendo felices en&nbsp;el desierto del&nbsp;Kalahari, hasta que un d\u00eda una botella de vidrio cl\u00e1sica de Coca-Cola cae desde una avioneta que sobrevolaba el lugar y cree que cree que este extra\u00f1o artefacto es otro&nbsp;\u201cregalo\u201d&nbsp;de los dioses y le dan m\u00faltiples usos. &nbsp;<\/p>\n\n\n\n<figure class=\"wp-block-image size-full\"><img loading=\"lazy\" decoding=\"async\" width=\"707\" height=\"398\" src=\"https:\/\/diariodominicano.com\/wp-content\/uploads\/2023\/10\/Un-rostro.webp\" alt=\"\" class=\"wp-image-476531\" srcset=\"https:\/\/diariodominicano.com\/wp-content\/uploads\/2023\/10\/Un-rostro.webp 707w, https:\/\/diariodominicano.com\/wp-content\/uploads\/2023\/10\/Un-rostro-300x169.webp 300w\" sizes=\"auto, (max-width: 707px) 100vw, 707px\" \/><figcaption> <strong>Un rostro en la multitud<\/strong>\u00a0 <\/figcaption><\/figure>\n\n\n\n<p>El martes 10 se proyecta el drama norteamericano de&nbsp;1957,&nbsp;<strong>Un rostro en la multitud<\/strong>&nbsp;(A&nbsp;face&nbsp;in&nbsp;the&nbsp;crowd), del director El\u00edas&nbsp;Kaz\u00e1n, que se adelant\u00f3 a su tiempo, al plantear la transformaci\u00f3n en figura medi\u00e1tica de un vagabundo que fue entrevistado de casualidad en una radio local y se transform\u00f3 \u2013 por su estilo inusual y la singularidad de su voz- en una figura de la televisi\u00f3n de su tiempo. Fue el precedente de muchas pel\u00edculas de hoy d\u00eda, basadas en ese esquema.<\/p>\n\n\n\n<p>El&nbsp;martes 17, se proyecta&nbsp;<strong>Los ni\u00f1os del cielo<\/strong>&nbsp;del director iran\u00ed&nbsp;Majid&nbsp;Majidi, una historia cotidiana tan simple centrada en dos hermanitos, que un buen d\u00eda pierden un zapato escolar. Ese hecho es manejado como es referencia en las escuelas de cine sobre tem\u00e1tica con un grado extremo de gesti\u00f3n audiovisual.<\/p>\n\n\n\n<p>Las proyecciones siguen el martes 24, con&nbsp;<strong>Muerte de una ciclista<\/strong>, producci\u00f3n espa\u00f1ola de 1955, a cargo del director Juan Antonio&nbsp;Bardem.<\/p>\n\n\n\n<p>La cr\u00edtica internacional califica este singular drama de incomunicaci\u00f3n, en el cual una joven dama de la burgues\u00eda madrile\u00f1a, y su&nbsp;amante,&nbsp;Juan, atropellan accidentalmente a un ciclista y cuando se detienen para comprobar su estado. Juan se acerca al moribundo, se agacha y dice:&nbsp;\u201cEst\u00e1 vivo\u201d, pero lo abandonan.<\/p>\n\n\n\n<p>Atormentados por el remordimiento y el miedo, que les perseguir\u00e1 a cada momento hasta que descubren que nadie sabe nada de lo sucedido. Es un reflejo del enfrentamiento entre lo \u00e9tico, los protocolos sociales y la conciencia que manda al buen actuar.<\/p>\n\n\n\n<figure class=\"wp-block-image size-full\"><img loading=\"lazy\" decoding=\"async\" width=\"334\" height=\"424\" src=\"https:\/\/diariodominicano.com\/wp-content\/uploads\/2023\/10\/Cinema-paradiso-cartel-oficial.png\" alt=\"\" class=\"wp-image-476534\" srcset=\"https:\/\/diariodominicano.com\/wp-content\/uploads\/2023\/10\/Cinema-paradiso-cartel-oficial.png 334w, https:\/\/diariodominicano.com\/wp-content\/uploads\/2023\/10\/Cinema-paradiso-cartel-oficial-236x300.png 236w\" sizes=\"auto, (max-width: 334px) 100vw, 334px\" \/><figcaption> <strong> Cinema\u00a0Paradiso\u00a0es una joya del cine italiano. <\/strong><\/figcaption><\/figure>\n\n\n\n<p>Finalmente,&nbsp;el martes 31, se presenta&nbsp;<strong>Cinema<\/strong><strong>&nbsp;<\/strong><strong>paraddiso<\/strong>,&nbsp;de&nbsp;Giusseppe&nbsp;Tornatore, evocaci\u00f3n po\u00e9tica y m\u00e1gica de la fuerza del cine en un ni\u00f1o.<\/p>\n\n\n\n<p>Se trata de una de las odas f\u00edlmicas mejor logradas al seducir con sonidos e im\u00e1genes en la fuerza que solo el cine puede lograr en almas sensibles y el impacto de este arte en la imaginaci\u00f3n, el recuerdo y la magia del vivir muchas vidas.<\/p>\n\n\n\n<p>Jose Rafael Paula Sosa<a target=\"_blank\" href=\"mailto:joserafael.sosa@gmail.com\" rel=\"noreferrer noopener\">joserafael.sosa@gmail.com<\/a><\/p>\n","protected":false},"excerpt":{"rendered":"<p>Los ni\u00f1os del cielo, de\u00a01997,\u00a0del director iran\u00ed\u00a0Majid\u00a0Majidi. Ser\u00e1n proyectadas&nbsp; gratis Los dioses deben de estar locos, Un rostro en la multitud, Los ni\u00f1os del cielo, Muerte de un ciclista y Cinema&nbsp;Paradiso. Servicio de Prensa El Centro Cultural&nbsp;Banreservas&nbsp;anunci\u00f3 que exhibir\u00e1 los martes de octubre pel\u00edculas cl\u00e1sicas internacionales, en funciones gratuitas, consideradas por la cr\u00edtica internacional como [&hellip;]<\/p>\n","protected":false},"author":28,"featured_media":476522,"comment_status":"closed","ping_status":"","sticky":true,"template":"","format":"standard","meta":{"footnotes":""},"categories":[21,36,25,32],"tags":[],"class_list":["post-476521","post","type-post","status-publish","format-standard","has-post-thumbnail","hentry","category-cultura","category-hombresmujeresycosas","category-gente","category-turismo"],"_links":{"self":[{"href":"https:\/\/diariodominicano.com\/index.php?rest_route=\/wp\/v2\/posts\/476521","targetHints":{"allow":["GET"]}}],"collection":[{"href":"https:\/\/diariodominicano.com\/index.php?rest_route=\/wp\/v2\/posts"}],"about":[{"href":"https:\/\/diariodominicano.com\/index.php?rest_route=\/wp\/v2\/types\/post"}],"author":[{"embeddable":true,"href":"https:\/\/diariodominicano.com\/index.php?rest_route=\/wp\/v2\/users\/28"}],"replies":[{"embeddable":true,"href":"https:\/\/diariodominicano.com\/index.php?rest_route=%2Fwp%2Fv2%2Fcomments&post=476521"}],"version-history":[{"count":11,"href":"https:\/\/diariodominicano.com\/index.php?rest_route=\/wp\/v2\/posts\/476521\/revisions"}],"predecessor-version":[{"id":476539,"href":"https:\/\/diariodominicano.com\/index.php?rest_route=\/wp\/v2\/posts\/476521\/revisions\/476539"}],"wp:featuredmedia":[{"embeddable":true,"href":"https:\/\/diariodominicano.com\/index.php?rest_route=\/wp\/v2\/media\/476522"}],"wp:attachment":[{"href":"https:\/\/diariodominicano.com\/index.php?rest_route=%2Fwp%2Fv2%2Fmedia&parent=476521"}],"wp:term":[{"taxonomy":"category","embeddable":true,"href":"https:\/\/diariodominicano.com\/index.php?rest_route=%2Fwp%2Fv2%2Fcategories&post=476521"},{"taxonomy":"post_tag","embeddable":true,"href":"https:\/\/diariodominicano.com\/index.php?rest_route=%2Fwp%2Fv2%2Ftags&post=476521"}],"curies":[{"name":"wp","href":"https:\/\/api.w.org\/{rel}","templated":true}]}}