{"id":476475,"date":"2023-10-01T21:08:45","date_gmt":"2023-10-02T01:08:45","guid":{"rendered":"http:\/\/diariodominicano.com\/?p=476475"},"modified":"2023-10-01T21:09:35","modified_gmt":"2023-10-02T01:09:35","slug":"la-paciencia-de-dios","status":"publish","type":"post","link":"https:\/\/diariodominicano.com\/?p=476475","title":{"rendered":"LA PACIENCIA DE DIOS"},"content":{"rendered":"\n<p> <strong>V\u00edctor CORCOBA HERRERO<\/strong> <\/p>\n\n\n\n<p><strong><u>COMPARTIENDO DI\u00c1LOGOS CONMIGO MISMO<\/u><\/strong><\/p>\n\n\n\n<p><strong>LA PACIENCIA DE DIOS<\/strong><\/p>\n\n\n\n<p><strong><em>(El Se\u00f1or toma su estaci\u00f3n, lo hace en silencio y soledad, con todo el tiempo del verso y la palabra, camina siempre a nuestro lado, leyendo los signos de los tiempos, marcha con nosotros y, adem\u00e1s, nos aguarda en su reino celeste hasta el final del itinerario viviente, forjando historia con nosotros. \u00a1Santa paciencia!)<\/em><\/strong><\/p>\n\n\n\n<p><strong>I.- EL AGUANTE COMO HERALDO C\u00d3SMICO<\/strong><\/p>\n\n\n\n<p>Hay que volverse manso y revolverse,<\/p>\n\n\n\n<p>para ser m\u00e1s de coraz\u00f3n que de coraza,<\/p>\n\n\n\n<p>para ser m\u00e1s de esp\u00edritu que de cuerpo,<\/p>\n\n\n\n<p>para ser m\u00e1s del poema que de la pena;<\/p>\n\n\n\n<p>pues, donde hay amor, vive lo armon\u00eda.<\/p>\n\n\n\n<p>Atesoremos pausas y traguemos saliva,<\/p>\n\n\n\n<p>acumulemos pulsos y esparzamos luz,<\/p>\n\n\n\n<p>depositemos sue\u00f1os y reservemos sol;<\/p>\n\n\n\n<p>que no hay mejor aurora que la sonrisa<\/p>\n\n\n\n<p>de la certeza y el gozo de la esperanza.<\/p>\n\n\n\n<p>El soporte de la fe nos sostiene vivos,<\/p>\n\n\n\n<p>nos concilia y reconcilia con humildad;<\/p>\n\n\n\n<p>nos evidencia sus caminos liberadores,<\/p>\n\n\n\n<p>los sentimientos propios del Redentor,<\/p>\n\n\n\n<p>adquiriendo la constituci\u00f3n de cautivo.<\/p>\n\n\n\n<p><strong>II.- EL SALVADOR COMO ENVIADO DIVINO<\/strong><\/p>\n\n\n\n<p>Acogerse a la cruz y recogerse en \u00c9l,<\/p>\n\n\n\n<p>como lo hizo Mar\u00eda en todo instante,<\/p>\n\n\n\n<p>Madre de Cristo y protectora nuestra;<\/p>\n\n\n\n<p>anuncia a sus hijos que es admirable,<\/p>\n\n\n\n<p>reconstruir la cr\u00f3nica del afecto n\u00edveo. &nbsp;<\/p>\n\n\n\n<p>Abrigados bajo el aliento del esp\u00edritu,<\/p>\n\n\n\n<p>nos fundimos con Jes\u00fas en su pasi\u00f3n;<\/p>\n\n\n\n<p>pues todo lo brota y se rebrota en paz.<\/p>\n\n\n\n<p>Con calma lo recrea y no se desespera,<\/p>\n\n\n\n<p>en instaurar el orbe del verso y la voz.<\/p>\n\n\n\n<p>Su palabra es un naciente de libertad,<\/p>\n\n\n\n<p>nos despoja de mundo y nos devuelve.<\/p>\n\n\n\n<p>Solamente hay que optar por seguirle,&nbsp;<\/p>\n\n\n\n<p>tan s\u00f3lo hay que anhelar reconocerle,<\/p>\n\n\n\n<p>amar siempre, hasta abandonarse uno. &nbsp;<\/p>\n\n\n\n<p><strong>III.- EL TIEMPO COMO MENSAJERO CELESTE<\/strong><\/p>\n\n\n\n<p>Como due\u00f1os del preciso y precioso<\/p>\n\n\n\n<p>instante, hemos de serlo con estima,<\/p>\n\n\n\n<p>porque el tiempo es del Supremo ser,<\/p>\n\n\n\n<p>que nos insta al reencuentro entre s\u00ed,<\/p>\n\n\n\n<p>pues hallados en el momento somos.<\/p>\n\n\n\n<p>Estamos en el arco de este itinerario,<\/p>\n\n\n\n<p>un per\u00edodo en el que la providencia,<\/p>\n\n\n\n<p>nos enhebra en su verbo encarnado,<\/p>\n\n\n\n<p>a trav\u00e9s de la t\u00fanica de su existencia,<\/p>\n\n\n\n<p>tan penetrante como contemplativa.<\/p>\n\n\n\n<p>As\u00ed, por mandato del Padre, el turno<\/p>\n\n\n\n<p>se trasciende como un requerimiento,<\/p>\n\n\n\n<p>conocido y reconocido en Jesucristo,<\/p>\n\n\n\n<p>que nos tutela hasta la verdad \u00faltima,<\/p>\n\n\n\n<p>el principio de toda punto culminante.<\/p>\n\n\n\n<p><strong>V\u00edctor CORCOBA HERRERO<\/strong><\/p>\n\n\n\n<p><a href=\"mailto:corcoba@telefonica.net\"><strong>corcoba@telefonica.net<\/strong><\/a><\/p>\n\n\n\n<p><strong>30 de septiembre de 2023.-<\/strong><\/p>\n","protected":false},"excerpt":{"rendered":"<p>V\u00edctor CORCOBA HERRERO COMPARTIENDO DI\u00c1LOGOS CONMIGO MISMO LA PACIENCIA DE DIOS (El Se\u00f1or toma su estaci\u00f3n, lo hace en silencio y soledad, con todo el tiempo del verso y la palabra, camina siempre a nuestro lado, leyendo los signos de los tiempos, marcha con nosotros y, adem\u00e1s, nos aguarda en su reino celeste hasta el [&hellip;]<\/p>\n","protected":false},"author":28,"featured_media":476477,"comment_status":"closed","ping_status":"","sticky":false,"template":"","format":"standard","meta":{"footnotes":""},"categories":[36,19,32],"tags":[],"class_list":["post-476475","post","type-post","status-publish","format-standard","has-post-thumbnail","hentry","category-hombresmujeresycosas","category-mi-voz","category-turismo"],"_links":{"self":[{"href":"https:\/\/diariodominicano.com\/index.php?rest_route=\/wp\/v2\/posts\/476475","targetHints":{"allow":["GET"]}}],"collection":[{"href":"https:\/\/diariodominicano.com\/index.php?rest_route=\/wp\/v2\/posts"}],"about":[{"href":"https:\/\/diariodominicano.com\/index.php?rest_route=\/wp\/v2\/types\/post"}],"author":[{"embeddable":true,"href":"https:\/\/diariodominicano.com\/index.php?rest_route=\/wp\/v2\/users\/28"}],"replies":[{"embeddable":true,"href":"https:\/\/diariodominicano.com\/index.php?rest_route=%2Fwp%2Fv2%2Fcomments&post=476475"}],"version-history":[{"count":3,"href":"https:\/\/diariodominicano.com\/index.php?rest_route=\/wp\/v2\/posts\/476475\/revisions"}],"predecessor-version":[{"id":476480,"href":"https:\/\/diariodominicano.com\/index.php?rest_route=\/wp\/v2\/posts\/476475\/revisions\/476480"}],"wp:featuredmedia":[{"embeddable":true,"href":"https:\/\/diariodominicano.com\/index.php?rest_route=\/wp\/v2\/media\/476477"}],"wp:attachment":[{"href":"https:\/\/diariodominicano.com\/index.php?rest_route=%2Fwp%2Fv2%2Fmedia&parent=476475"}],"wp:term":[{"taxonomy":"category","embeddable":true,"href":"https:\/\/diariodominicano.com\/index.php?rest_route=%2Fwp%2Fv2%2Fcategories&post=476475"},{"taxonomy":"post_tag","embeddable":true,"href":"https:\/\/diariodominicano.com\/index.php?rest_route=%2Fwp%2Fv2%2Ftags&post=476475"}],"curies":[{"name":"wp","href":"https:\/\/api.w.org\/{rel}","templated":true}]}}