{"id":476352,"date":"2023-10-01T01:49:17","date_gmt":"2023-10-01T05:49:17","guid":{"rendered":"http:\/\/diariodominicano.com\/?p=476352"},"modified":"2023-10-01T01:49:17","modified_gmt":"2023-10-01T05:49:17","slug":"china-celebra-dia-nacional-enfocada-en-su-gran-revitalizacion","status":"publish","type":"post","link":"https:\/\/diariodominicano.com\/?p=476352","title":{"rendered":"China celebra D\u00eda Nacional enfocada en su gran revitalizaci\u00f3n"},"content":{"rendered":"\n<p>Beijing, 1 oct (Prensa Latina) China celebra hoy su D\u00eda Nacional y los 74 a\u00f1os de creada la Rep\u00fablica Popular bajo el liderazgo de Mao Zedong, enfocada en la b\u00fasqueda de la gran revitalizaci\u00f3n nacional.&nbsp;&nbsp;&nbsp;&nbsp;<\/p>\n\n\n\n<ul class=\"wp-block-list\"><li>octubre 1, 2023<\/li><li>CDT01:11 (GMT) -0400<\/li><\/ul>\n\n\n\n<p>Para conmemorar la efem\u00e9ride, lugares p\u00fablicos y edificios de viviendas han colocado banderas y otros adornos aleg\u00f3ricos.<\/p>\n\n\n\n<p>Anteriormente el presidente chino, Xi Jinping, y otros l\u00edderes del pa\u00eds rindieron homenaje a los m\u00e1rtires del gigante asi\u00e1tico en el monumento dedicado a ellos en la plaza de Tiananmen, centro pol\u00edtico en esta capital.<\/p>\n\n\n\n<p>Adem\u00e1s, el mandatario ofreci\u00f3 un banquete en el que repas\u00f3 los \u00e9xitos de China, as\u00ed como los retos que enfrenta.<\/p>\n\n\n\n<p>Ante el cuerpo diplom\u00e1tico acreditado aqu\u00ed y otros altos cargos del gobierno y el Partido Comunista, Xi abog\u00f3 por una nueva concepci\u00f3n de desarrollo nacional que permita la modernizaci\u00f3n del pa\u00eds y cumplir el objetivo de gran revitalizaci\u00f3n de la naci\u00f3n.<\/p>\n\n\n\n<p>Alert\u00f3 sobre los retos que enfrenta el gigante asi\u00e1tico en un contexto internacional de intensas transformaciones.<\/p>\n\n\n\n<p>\u00abHay q prevenir los grandes riesgos, promover la apertura al exterior de alto nivel, profundizar la reforma, promover el desarrollo de alta calidad de la Iniciativa de la Franja y la Ruta y forjar una econom\u00eda m\u00e1s resiliente\u00bb, enfatiz\u00f3.<\/p>\n\n\n\n<p>Xi inst\u00f3 a aumentar el empleo, consolidar la lucha contra la pobreza y resolver otros problemas que preocupan al pueblo.<\/p>\n\n\n\n<p>\u00abContemplamos horizontes promisorios, la uni\u00f3n hace la fuerza y la confianza vale m\u00e1s que oro, hay que levantar el \u00e1nimo para superar dificultades y avanzar juntos hacia la grandiosa meta de construir un pa\u00eds poderoso y la revitalizaci\u00f3n de la naci\u00f3n\u00bb, dijo.<\/p>\n\n\n\n<p>El presidente insisti\u00f3 en aplicar la directriz de un pa\u00eds dos sistemas y en este sentido, apoyar a Hong Kong y Macao en el desarrollo de su econom\u00eda.<\/p>\n\n\n\n<p>Adem\u00e1s, subray\u00f3 el apego al principio de Una Sola China y sobre este particular destac\u00f3 que la reunificaci\u00f3n de la patria es la aspiraci\u00f3n mayor del pueblo: \u00abconstituye una necesidad hist\u00f3rica y ninguna fuerza la podr\u00e1 detener\u00bb.<\/p>\n\n\n\n<p>Xi Jinping asegur\u00f3 que en estos 74 a\u00f1os China pas\u00f3 de ser un pa\u00eds pobre a uno acomodado en todos los aspectos y que persigue la modernizaci\u00f3n.<\/p>\n\n\n\n<p>Seg\u00fan confirm\u00f3, la econom\u00eda china muestra \u00abbuen \u00edmpetu de crecimiento\u00bb y la situaci\u00f3n de la sociedad se mantiene estable en general.<\/p>\n\n\n\n<p>El 1 de octubre China celebra su fiesta nacional porque en esa fecha de 1949 el pueblo, bajo la direcci\u00f3n del Partido Comunista, declar\u00f3 la victoria en la Guerra de Liberaci\u00f3n, ceremonia que tuvo lugar en la plaza de Tiananmen.<\/p>\n\n\n\n<p>A prop\u00f3sito de la efm\u00e9ride se celebra tambi\u00e9n la llamada Semana de Oro, una iniciativa del Gobierno para ampliar los feriados, ayudar as\u00ed a expandir el mercado de turismo interno y concederles m\u00e1s tiempo a las personas para las visitas familiares distantes.<\/p>\n\n\n\n<p>mem\/idm<\/p>\n","protected":false},"excerpt":{"rendered":"<p>Beijing, 1 oct (Prensa Latina) China celebra hoy su D\u00eda Nacional y los 74 a\u00f1os de creada la Rep\u00fablica Popular bajo el liderazgo de Mao Zedong, enfocada en la b\u00fasqueda de la gran revitalizaci\u00f3n nacional.&nbsp;&nbsp;&nbsp;&nbsp; octubre 1, 2023 CDT01:11 (GMT) -0400 Para conmemorar la efem\u00e9ride, lugares p\u00fablicos y edificios de viviendas han colocado banderas y [&hellip;]<\/p>\n","protected":false},"author":28,"featured_media":0,"comment_status":"closed","ping_status":"","sticky":false,"template":"","format":"standard","meta":{"footnotes":""},"categories":[26],"tags":[],"class_list":["post-476352","post","type-post","status-publish","format-standard","hentry","category-efemerides"],"_links":{"self":[{"href":"https:\/\/diariodominicano.com\/index.php?rest_route=\/wp\/v2\/posts\/476352","targetHints":{"allow":["GET"]}}],"collection":[{"href":"https:\/\/diariodominicano.com\/index.php?rest_route=\/wp\/v2\/posts"}],"about":[{"href":"https:\/\/diariodominicano.com\/index.php?rest_route=\/wp\/v2\/types\/post"}],"author":[{"embeddable":true,"href":"https:\/\/diariodominicano.com\/index.php?rest_route=\/wp\/v2\/users\/28"}],"replies":[{"embeddable":true,"href":"https:\/\/diariodominicano.com\/index.php?rest_route=%2Fwp%2Fv2%2Fcomments&post=476352"}],"version-history":[{"count":1,"href":"https:\/\/diariodominicano.com\/index.php?rest_route=\/wp\/v2\/posts\/476352\/revisions"}],"predecessor-version":[{"id":476353,"href":"https:\/\/diariodominicano.com\/index.php?rest_route=\/wp\/v2\/posts\/476352\/revisions\/476353"}],"wp:attachment":[{"href":"https:\/\/diariodominicano.com\/index.php?rest_route=%2Fwp%2Fv2%2Fmedia&parent=476352"}],"wp:term":[{"taxonomy":"category","embeddable":true,"href":"https:\/\/diariodominicano.com\/index.php?rest_route=%2Fwp%2Fv2%2Fcategories&post=476352"},{"taxonomy":"post_tag","embeddable":true,"href":"https:\/\/diariodominicano.com\/index.php?rest_route=%2Fwp%2Fv2%2Ftags&post=476352"}],"curies":[{"name":"wp","href":"https:\/\/api.w.org\/{rel}","templated":true}]}}