{"id":476269,"date":"2023-10-01T00:02:05","date_gmt":"2023-10-01T04:02:05","guid":{"rendered":"http:\/\/diariodominicano.com\/?p=476269"},"modified":"2023-10-01T00:07:07","modified_gmt":"2023-10-01T04:07:07","slug":"cibao-fc-campeon-del-tnc-infantil-2023","status":"publish","type":"post","link":"https:\/\/diariodominicano.com\/?p=476269","title":{"rendered":"Cibao FC campe\u00f3n del TNC Infantil 2023"},"content":{"rendered":"\n<p><\/p>\n\n\n\n<p>SANTIAGO, RD- Cibao FC se coron\u00f3 campe\u00f3n del Torneo Nacional de Clubes Infantil 2023 tras vencer dos por cero en la gran final a Santa Fe FC, en partido celebrado este s\u00e1bado 30 de septiembre en el Estadio Cibao FC de la ciudad de Santiago de los Caballeros ante una gran cantidad de p\u00fablico.<\/p>\n\n\n\n<figure class=\"wp-block-image size-large\"><img loading=\"lazy\" decoding=\"async\" width=\"1024\" height=\"682\" src=\"https:\/\/diariodominicano.com\/wp-content\/uploads\/2023\/10\/photo1696111481-1024x682.jpeg\" alt=\"\" class=\"wp-image-476272\" srcset=\"https:\/\/diariodominicano.com\/wp-content\/uploads\/2023\/10\/photo1696111481-1024x682.jpeg 1024w, https:\/\/diariodominicano.com\/wp-content\/uploads\/2023\/10\/photo1696111481-300x200.jpeg 300w, https:\/\/diariodominicano.com\/wp-content\/uploads\/2023\/10\/photo1696111481-768x512.jpeg 768w, https:\/\/diariodominicano.com\/wp-content\/uploads\/2023\/10\/photo1696111481-816x544.jpeg 816w, https:\/\/diariodominicano.com\/wp-content\/uploads\/2023\/10\/photo1696111481.jpeg 1280w\" sizes=\"auto, (max-width: 1024px) 100vw, 1024px\" \/><\/figure>\n\n\n\n<figure class=\"wp-block-image size-large\"><img loading=\"lazy\" decoding=\"async\" width=\"1024\" height=\"682\" src=\"https:\/\/diariodominicano.com\/wp-content\/uploads\/2023\/10\/photo1696111481-6-1024x682.jpeg\" alt=\"\" class=\"wp-image-476274\" srcset=\"https:\/\/diariodominicano.com\/wp-content\/uploads\/2023\/10\/photo1696111481-6-1024x682.jpeg 1024w, https:\/\/diariodominicano.com\/wp-content\/uploads\/2023\/10\/photo1696111481-6-300x200.jpeg 300w, https:\/\/diariodominicano.com\/wp-content\/uploads\/2023\/10\/photo1696111481-6-768x512.jpeg 768w, https:\/\/diariodominicano.com\/wp-content\/uploads\/2023\/10\/photo1696111481-6-816x544.jpeg 816w, https:\/\/diariodominicano.com\/wp-content\/uploads\/2023\/10\/photo1696111481-6.jpeg 1280w\" sizes=\"auto, (max-width: 1024px) 100vw, 1024px\" \/><\/figure>\n\n\n\n<figure class=\"wp-block-image size-large\"><img loading=\"lazy\" decoding=\"async\" width=\"1024\" height=\"682\" src=\"https:\/\/diariodominicano.com\/wp-content\/uploads\/2023\/10\/photo1696111481-3-1024x682.jpeg\" alt=\"\" class=\"wp-image-476277\" srcset=\"https:\/\/diariodominicano.com\/wp-content\/uploads\/2023\/10\/photo1696111481-3-1024x682.jpeg 1024w, https:\/\/diariodominicano.com\/wp-content\/uploads\/2023\/10\/photo1696111481-3-300x200.jpeg 300w, https:\/\/diariodominicano.com\/wp-content\/uploads\/2023\/10\/photo1696111481-3-768x512.jpeg 768w, https:\/\/diariodominicano.com\/wp-content\/uploads\/2023\/10\/photo1696111481-3-816x544.jpeg 816w, https:\/\/diariodominicano.com\/wp-content\/uploads\/2023\/10\/photo1696111481-3.jpeg 1280w\" sizes=\"auto, (max-width: 1024px) 100vw, 1024px\" \/><\/figure>\n\n\n\n<p>Esta competici\u00f3n que forma parte del plan de desarrollo de la Federaci\u00f3n Dominicana de F\u00fatbol y es coordinada por el Departamento de Competencias Nacionales cont\u00f3 con la participaci\u00f3n de 37 clubes de todo el pa\u00eds.<\/p>\n\n\n\n<p>El evento final estuvo encabezado por Rub\u00e9n Garc\u00eda Cipri\u00e1n y Arturo Heinsen, presidente y secretario general respectivamente de la Fedof\u00fatbol.<\/p>\n\n\n\n<figure class=\"wp-block-image size-large\"><img loading=\"lazy\" decoding=\"async\" width=\"1024\" height=\"682\" src=\"https:\/\/diariodominicano.com\/wp-content\/uploads\/2023\/10\/photo1696111481-1-1024x682.jpeg\" alt=\"\" class=\"wp-image-476278\" srcset=\"https:\/\/diariodominicano.com\/wp-content\/uploads\/2023\/10\/photo1696111481-1-1024x682.jpeg 1024w, https:\/\/diariodominicano.com\/wp-content\/uploads\/2023\/10\/photo1696111481-1-300x200.jpeg 300w, https:\/\/diariodominicano.com\/wp-content\/uploads\/2023\/10\/photo1696111481-1-768x511.jpeg 768w, https:\/\/diariodominicano.com\/wp-content\/uploads\/2023\/10\/photo1696111481-1-816x543.jpeg 816w, https:\/\/diariodominicano.com\/wp-content\/uploads\/2023\/10\/photo1696111481-1.jpeg 1280w\" sizes=\"auto, (max-width: 1024px) 100vw, 1024px\" \/><\/figure>\n\n\n\n<p>El duelo fue muy disputado de principio a fin, sobre todo en la primera mitad en la que no pudieron sacar ventaja.<\/p>\n\n\n\n<p>Al minuto 45\u2019 Daniel Fern\u00e1ndez abri\u00f3 la pizarra en favor de los locales tras conectar de cabeza con gran t\u00e9cnica una pelota de tiro de esquina.<\/p>\n\n\n\n<p>Santa Fe busc\u00f3 la paridad de diversas maneras, pero no pudo romper la valla naranja y fue Lu\u00eds L\u00f3pez quien aprovech\u00f3 una gran habilitaci\u00f3n de Francisco Polanco para poner el tanto definitivo al 70\u2019+1\u2019.<\/p>\n\n\n\n<p>En la ceremonia de premiaci\u00f3n fueron galardonados Real Deportivo FC (equipo fair play), Lucas Vicioso (Santa Fe FC &#8211; mejor guardameta), Lu\u00eds L\u00f3pez (Cibao FC \u2013 l\u00edder goleador) con 18 dianas y Daniel Fern\u00e1ndez (Cibao FC \u2013 jugador m\u00e1s valioso).<\/p>\n\n\n\n<p>El grupo arbitral de la gran final estuvo conformado por: Jos\u00e9 Corpor\u00e1n (\u00e1rbitro), George Santana (asistente 1), Junior Fajardo (asistente 2) y Jorge Zapata (cuarto \u00e1rbitro).<\/p>\n\n\n\n<p><br>PRENSA FEDOFUTBOL\u00a0<\/p>\n","protected":false},"excerpt":{"rendered":"<p>SANTIAGO, RD- Cibao FC se coron\u00f3 campe\u00f3n del Torneo Nacional de Clubes Infantil 2023 tras vencer dos por cero en la gran final a Santa Fe FC, en partido celebrado este s\u00e1bado 30 de septiembre en el Estadio Cibao FC de la ciudad de Santiago de los Caballeros ante una gran cantidad de p\u00fablico. Esta [&hellip;]<\/p>\n","protected":false},"author":28,"featured_media":476270,"comment_status":"closed","ping_status":"","sticky":true,"template":"","format":"standard","meta":{"footnotes":""},"categories":[17,27,32],"tags":[],"class_list":["post-476269","post","type-post","status-publish","format-standard","has-post-thumbnail","hentry","category-deportes","category-portada","category-turismo"],"_links":{"self":[{"href":"https:\/\/diariodominicano.com\/index.php?rest_route=\/wp\/v2\/posts\/476269","targetHints":{"allow":["GET"]}}],"collection":[{"href":"https:\/\/diariodominicano.com\/index.php?rest_route=\/wp\/v2\/posts"}],"about":[{"href":"https:\/\/diariodominicano.com\/index.php?rest_route=\/wp\/v2\/types\/post"}],"author":[{"embeddable":true,"href":"https:\/\/diariodominicano.com\/index.php?rest_route=\/wp\/v2\/users\/28"}],"replies":[{"embeddable":true,"href":"https:\/\/diariodominicano.com\/index.php?rest_route=%2Fwp%2Fv2%2Fcomments&post=476269"}],"version-history":[{"count":7,"href":"https:\/\/diariodominicano.com\/index.php?rest_route=\/wp\/v2\/posts\/476269\/revisions"}],"predecessor-version":[{"id":476281,"href":"https:\/\/diariodominicano.com\/index.php?rest_route=\/wp\/v2\/posts\/476269\/revisions\/476281"}],"wp:featuredmedia":[{"embeddable":true,"href":"https:\/\/diariodominicano.com\/index.php?rest_route=\/wp\/v2\/media\/476270"}],"wp:attachment":[{"href":"https:\/\/diariodominicano.com\/index.php?rest_route=%2Fwp%2Fv2%2Fmedia&parent=476269"}],"wp:term":[{"taxonomy":"category","embeddable":true,"href":"https:\/\/diariodominicano.com\/index.php?rest_route=%2Fwp%2Fv2%2Fcategories&post=476269"},{"taxonomy":"post_tag","embeddable":true,"href":"https:\/\/diariodominicano.com\/index.php?rest_route=%2Fwp%2Fv2%2Ftags&post=476269"}],"curies":[{"name":"wp","href":"https:\/\/api.w.org\/{rel}","templated":true}]}}