{"id":476216,"date":"2023-09-30T22:21:13","date_gmt":"2023-10-01T02:21:13","guid":{"rendered":"http:\/\/diariodominicano.com\/?p=476216"},"modified":"2023-09-30T22:22:56","modified_gmt":"2023-10-01T02:22:56","slug":"cuba-presenta-propuestas-y-novedades-en-feria-argentina-de-turismo","status":"publish","type":"post","link":"https:\/\/diariodominicano.com\/?p=476216","title":{"rendered":"Cuba presenta propuestas y novedades en Feria argentina de Turismo"},"content":{"rendered":"\n<h1 class=\"wp-block-heading\"><\/h1>\n\n\n\n<p>Buenos Aires, 30 sep (Prensa Latina) La directora comercial del Ministerio de Turismo de Cuba (Mintur), Gihana Galindo, resalt\u00f3 hoy en Argentina la importancia de la 27 Feria Internacional de Am\u00e9rica Latina (FIT) para la promoci\u00f3n de los atractivos y novedades de la isla.&nbsp;&nbsp;&nbsp;&nbsp;<\/p>\n\n\n\n<ul class=\"wp-block-list\"><li>septiembre 30, 2023<\/li><li>CDT22:08 (GMT) -0400<\/li><\/ul>\n\n\n\n<p>Con sede en el capitalino centro La Rural, la cita se extender\u00e1 hasta el martes y re\u00fane a expositores de m\u00e1s de 40 naciones.<\/p>\n\n\n\n<p>En declaraciones a Prensa Latina, la representante de la delegaci\u00f3n del pa\u00eds caribe\u00f1o se\u00f1al\u00f3 que el evento es una oportunidad para presentar las propuestas de la mayor de las Antillas para la temporada 2023-2024.<\/p>\n\n\n\n<p>Adem\u00e1s, precis\u00f3 que en la FIT participan miembros del Mintur, grupos hoteleros propios, cadenas asociadas y empresas receptivas.<\/p>\n\n\n\n<p>Entre los mismos se encuentran Cubanac\u00e1n, Gran Caribe, Islazul, Gaviota, Iberostar, Blue Diamond, Meli\u00e1, Valent\u00edn, Barcel\u00f3 y las agencias especializadas en turismo cultural y patrimonial San Crist\u00f3bal y Paradiso.<\/p>\n\n\n\n<p>Estamos bien representados y tenemos una amplia agenda de trabajo que desarrollar con nuestros principales turoperadores, afirm\u00f3, y destac\u00f3 que en estos momentos ambos pa\u00edses cuentan con una importante conectividad a\u00e9rea mediante Cubana de Aviaci\u00f3n (con un vuelo directo a Cayo Coco) y otras compa\u00f1\u00edas como Aerol\u00edneas Argentinas.<\/p>\n\n\n\n<p>Tambi\u00e9n est\u00e1 Copa Airlines y el 24 de octubre se incorporar\u00e1 Latam con su centro de conexi\u00f3n en Per\u00fa. Cuba sigue siendo un destino de preferencia para Argentina que se ubica entre los 11 principales emisores hacia la isla y dentro de Am\u00e9rica del Sur es el mercado m\u00e1s importante, apunt\u00f3.<\/p>\n\n\n\n<p>Entre las novedades promovidas en FIT, Galindo mencion\u00f3 la inauguraci\u00f3n del primer resort de la cadena portuguesa Vila Gal\u00e9 en Cayo Pared\u00f3n, al norte de la provincia de Camag\u00fcey.<\/p>\n\n\n\n<p>Adem\u00e1s, anunci\u00f3 que del 18 al 22 del mes pr\u00f3ximo se desarrollar\u00e1 Destinos Gaviota, evento en el cual participar\u00e1n m\u00e1s de 60 agentes de viaje de Argentina.<\/p>\n\n\n\n<p>Tambi\u00e9n resalt\u00f3 que en 2024 la Feria Internacional de Turismo de Cuba estar\u00e1 dedicada a Am\u00e9rica Latina y el Caribe y esta naci\u00f3n del sur tendr\u00e1 un papel protag\u00f3nico.<\/p>\n\n\n\n<p>Estos encuentros permiten a equipos comerciales y de promoci\u00f3n establecer alianzas e impulsar acciones para aumentar la emisi\u00f3n de turistas, indic\u00f3.<\/p>\n\n\n\n<p>Por otra parte, resalt\u00f3 las relaciones hist\u00f3ricas y de amistad entre los pueblos de ambos Estados y el gran inter\u00e9s de los argentinos por conocer y disfrutar de las propuestas cubanas.<\/p>\n\n\n\n<p>lam\/gas<\/p>\n","protected":false},"excerpt":{"rendered":"<p>Buenos Aires, 30 sep (Prensa Latina) La directora comercial del Ministerio de Turismo de Cuba (Mintur), Gihana Galindo, resalt\u00f3 hoy en Argentina la importancia de la 27 Feria Internacional de Am\u00e9rica Latina (FIT) para la promoci\u00f3n de los atractivos y novedades de la isla.&nbsp;&nbsp;&nbsp;&nbsp; septiembre 30, 2023 CDT22:08 (GMT) -0400 Con sede en el capitalino [&hellip;]<\/p>\n","protected":false},"author":28,"featured_media":476218,"comment_status":"closed","ping_status":"","sticky":false,"template":"","format":"standard","meta":{"footnotes":""},"categories":[32],"tags":[],"class_list":["post-476216","post","type-post","status-publish","format-standard","has-post-thumbnail","hentry","category-turismo"],"_links":{"self":[{"href":"https:\/\/diariodominicano.com\/index.php?rest_route=\/wp\/v2\/posts\/476216","targetHints":{"allow":["GET"]}}],"collection":[{"href":"https:\/\/diariodominicano.com\/index.php?rest_route=\/wp\/v2\/posts"}],"about":[{"href":"https:\/\/diariodominicano.com\/index.php?rest_route=\/wp\/v2\/types\/post"}],"author":[{"embeddable":true,"href":"https:\/\/diariodominicano.com\/index.php?rest_route=\/wp\/v2\/users\/28"}],"replies":[{"embeddable":true,"href":"https:\/\/diariodominicano.com\/index.php?rest_route=%2Fwp%2Fv2%2Fcomments&post=476216"}],"version-history":[{"count":1,"href":"https:\/\/diariodominicano.com\/index.php?rest_route=\/wp\/v2\/posts\/476216\/revisions"}],"predecessor-version":[{"id":476217,"href":"https:\/\/diariodominicano.com\/index.php?rest_route=\/wp\/v2\/posts\/476216\/revisions\/476217"}],"wp:featuredmedia":[{"embeddable":true,"href":"https:\/\/diariodominicano.com\/index.php?rest_route=\/wp\/v2\/media\/476218"}],"wp:attachment":[{"href":"https:\/\/diariodominicano.com\/index.php?rest_route=%2Fwp%2Fv2%2Fmedia&parent=476216"}],"wp:term":[{"taxonomy":"category","embeddable":true,"href":"https:\/\/diariodominicano.com\/index.php?rest_route=%2Fwp%2Fv2%2Fcategories&post=476216"},{"taxonomy":"post_tag","embeddable":true,"href":"https:\/\/diariodominicano.com\/index.php?rest_route=%2Fwp%2Fv2%2Ftags&post=476216"}],"curies":[{"name":"wp","href":"https:\/\/api.w.org\/{rel}","templated":true}]}}