{"id":476210,"date":"2023-09-30T22:00:29","date_gmt":"2023-10-01T02:00:29","guid":{"rendered":"http:\/\/diariodominicano.com\/?p=476210"},"modified":"2023-09-30T22:09:25","modified_gmt":"2023-10-01T02:09:25","slug":"el-caribe-apuesta-a-una-inversion-turistica-sostenible-y-saludable","status":"publish","type":"post","link":"https:\/\/diariodominicano.com\/?p=476210","title":{"rendered":"El Caribe apuesta a una inversi\u00f3n tur\u00edstica sostenible y saludable"},"content":{"rendered":"\n<p>Bridgetown, 30 sep (Prensa Latina) El Caribe apuesta hoy a liderar la inversi\u00f3n tur\u00edstica en un futuro saludable, sostenible y productivo para la prosperidad de las poblaciones y el planeta.&nbsp;&nbsp;&nbsp;&nbsp;<\/p>\n\n\n\n<ul class=\"wp-block-list\"><li>septiembre 30, 2023<\/li><li>CDT18:15 (GMT) -0400<\/li><\/ul>\n\n\n\n<p>La estrategia la dio a conocer Dona Regis-Prosper, Secretaria General y Directora Ejecutiva de la Organizaci\u00f3n de Turismo del Caribe (OTC), quien a prop\u00f3sito del reciente D\u00eda Mundial del sector adelant\u00f3 en un foro virtual que la idea consiste en m\u00e1s inversiones, pero mejor orientadas a las personas, el medio ambiente y la prosperidad.<\/p>\n\n\n\n<p>Estos pilares incluyen el empoderamiento de la comunidad, el crecimiento verde y la creaci\u00f3n de riqueza equitativa respaldada por la resiliencia, de acuerdo con el comunicado final del foro publicado en el sitio www.onecaribbean.org<\/p>\n\n\n\n<p>Igualmente hacen falta inversiones, tecnolog\u00edas y pr\u00e1cticas comerciales verdes, enfatiz\u00f3 la jefa regional de turismo al esbozar su visi\u00f3n.<\/p>\n\n\n\n<p>Regis-Prosper plante\u00f3 tres preguntas dirigidas a c\u00f3mo va a responder el Caribe, la regi\u00f3n m\u00e1s dependiente del turismo del mundo, al debate sobre cuestiones como la energ\u00eda renovable, el cambio clim\u00e1tico y la neutralidad de carbono, as\u00ed como la inclusi\u00f3n y la necesidad de econom\u00edas de escala para aumentar los v\u00ednculos locales y reducir las fugas.<\/p>\n\n\n\n<p>\u00ab\u00bfC\u00f3mo traducir\u00e1n nuestros l\u00edderes de los sectores p\u00fablico, privado y sin fines de lucro las teor\u00edas en pol\u00edticas y aplicaciones pr\u00e1cticas que permitan a nuestras comunidades y nuestra industria desarrollarse de manera m\u00e1s sostenible y equitativa?\u00bb, cuestion\u00f3.<\/p>\n\n\n\n<p>Enfatiz\u00f3, asimismo, en la necesidad de abordar la brecha de conocimientos y habilidades del Caribe, propiciar colaboraciones del sector p\u00fablico-privado y de la comunidad, as\u00ed como la urgencia de buscar inversiones verdes y pr\u00e1cticas ambientalmente conscientes.<\/p>\n\n\n\n<p>En ese sentido, cit\u00f3 iniciativas como el Proyecto de Acci\u00f3n de Eficiencia Energ\u00e9tica de Hoteles del Caribe.<\/p>\n\n\n\n<p>\u00abComo marca global, el turismo caribe\u00f1o debe continuar adoptando las mejores pr\u00e1cticas en actividades ambientales, sociales y de gobernanza que demuestren nuestro compromiso con las generaciones futuras\u00bb, subray\u00f3 la Directora Ejecutiva de la OTC.<\/p>\n\n\n\n<p>Cuando nuestra gente, nuestras comunidades y nuestro planeta prosperan, afirm\u00f3, nuestra industria y nuestros destinos prosperan, uno de los prop\u00f3sitos del organismo intergubernamental en su prop\u00f3sito de liderar el Turismo Sostenible: Un Mar, Una Voz, Un Caribe.<\/p>\n\n\n\n<p>lam\/mmc<\/p>\n","protected":false},"excerpt":{"rendered":"<p>Bridgetown, 30 sep (Prensa Latina) El Caribe apuesta hoy a liderar la inversi\u00f3n tur\u00edstica en un futuro saludable, sostenible y productivo para la prosperidad de las poblaciones y el planeta.&nbsp;&nbsp;&nbsp;&nbsp; septiembre 30, 2023 CDT18:15 (GMT) -0400 La estrategia la dio a conocer Dona Regis-Prosper, Secretaria General y Directora Ejecutiva de la Organizaci\u00f3n de Turismo del [&hellip;]<\/p>\n","protected":false},"author":28,"featured_media":476200,"comment_status":"closed","ping_status":"","sticky":false,"template":"","format":"standard","meta":{"footnotes":""},"categories":[23,32],"tags":[],"class_list":["post-476210","post","type-post","status-publish","format-standard","has-post-thumbnail","hentry","category-internacional","category-turismo"],"_links":{"self":[{"href":"https:\/\/diariodominicano.com\/index.php?rest_route=\/wp\/v2\/posts\/476210","targetHints":{"allow":["GET"]}}],"collection":[{"href":"https:\/\/diariodominicano.com\/index.php?rest_route=\/wp\/v2\/posts"}],"about":[{"href":"https:\/\/diariodominicano.com\/index.php?rest_route=\/wp\/v2\/types\/post"}],"author":[{"embeddable":true,"href":"https:\/\/diariodominicano.com\/index.php?rest_route=\/wp\/v2\/users\/28"}],"replies":[{"embeddable":true,"href":"https:\/\/diariodominicano.com\/index.php?rest_route=%2Fwp%2Fv2%2Fcomments&post=476210"}],"version-history":[{"count":1,"href":"https:\/\/diariodominicano.com\/index.php?rest_route=\/wp\/v2\/posts\/476210\/revisions"}],"predecessor-version":[{"id":476211,"href":"https:\/\/diariodominicano.com\/index.php?rest_route=\/wp\/v2\/posts\/476210\/revisions\/476211"}],"wp:featuredmedia":[{"embeddable":true,"href":"https:\/\/diariodominicano.com\/index.php?rest_route=\/wp\/v2\/media\/476200"}],"wp:attachment":[{"href":"https:\/\/diariodominicano.com\/index.php?rest_route=%2Fwp%2Fv2%2Fmedia&parent=476210"}],"wp:term":[{"taxonomy":"category","embeddable":true,"href":"https:\/\/diariodominicano.com\/index.php?rest_route=%2Fwp%2Fv2%2Fcategories&post=476210"},{"taxonomy":"post_tag","embeddable":true,"href":"https:\/\/diariodominicano.com\/index.php?rest_route=%2Fwp%2Fv2%2Ftags&post=476210"}],"curies":[{"name":"wp","href":"https:\/\/api.w.org\/{rel}","templated":true}]}}