{"id":476150,"date":"2023-09-30T16:28:28","date_gmt":"2023-09-30T20:28:28","guid":{"rendered":"http:\/\/diariodominicano.com\/?p=476150"},"modified":"2023-09-30T16:50:47","modified_gmt":"2023-09-30T20:50:47","slug":"madrid-celebra-la-hispanidad-con-republica-dominicana-como-pais-invitado","status":"publish","type":"post","link":"https:\/\/diariodominicano.com\/?p=476150","title":{"rendered":"Madrid celebra la Hispanidad con Rep\u00fablica Dominicana como pa\u00eds invitado"},"content":{"rendered":"\n<p><\/p>\n\n\n\n<p><strong>La Comunidad de Madrid vuelve a celebrar la Semana de la Hispanidad que organiz\u00f3 por primera vez en 2021.<\/strong><\/p>\n\n\n\n<figure class=\"wp-block-image size-full\"><img loading=\"lazy\" decoding=\"async\" width=\"730\" height=\"480\" src=\"https:\/\/diariodominicano.com\/wp-content\/uploads\/2023\/09\/Chef-Omar-Martin.jpeg\" alt=\"\" class=\"wp-image-476153\" srcset=\"https:\/\/diariodominicano.com\/wp-content\/uploads\/2023\/09\/Chef-Omar-Martin.jpeg 730w, https:\/\/diariodominicano.com\/wp-content\/uploads\/2023\/09\/Chef-Omar-Martin-300x197.jpeg 300w\" sizes=\"auto, (max-width: 730px) 100vw, 730px\" \/><figcaption>Chef Omar Mart\u00edn <\/figcaption><\/figure>\n\n\n\n<p>Rep\u00fablica Dominicana es el pa\u00eds invitado en la tercera edici\u00f3n del festival de la Hispanidad, un ciclo de actividades culturales para conmemorar la lengua y la cultura hispana, y que organiza la Comunidad de Madrid, del 6 al 15 de octubre, con la participaci\u00f3n de un centenar de artistas dominicanos, de los cuales 41 proviene de Santo Domingo.<\/p>\n\n\n\n<p>Este a\u00f1o, el evento de referencia de Espa\u00f1a para la conmemoraci\u00f3n de la Hispanidad, se desarrollar\u00e1 en presencia de artistas y compa\u00f1\u00edas procedentes de diversos pa\u00edses de Hispanoam\u00e9rica y espa\u00f1oles, con 120 eventos.<\/p>\n\n\n\n<p>El Sr. David Collado, ministro de Turismo de la Rep\u00fablica Dominicana y la Sra. Carolina Mej\u00eda, alcaldesa de Santo Domingo, han sido invitados a participar de esta fiesta de la Hispanidad.<\/p>\n\n\n\n<figure class=\"wp-block-image size-full\"><img loading=\"lazy\" decoding=\"async\" width=\"975\" height=\"502\" src=\"https:\/\/diariodominicano.com\/wp-content\/uploads\/2023\/09\/Grupo-Bonye.jpeg\" alt=\"\" class=\"wp-image-476155\" srcset=\"https:\/\/diariodominicano.com\/wp-content\/uploads\/2023\/09\/Grupo-Bonye.jpeg 975w, https:\/\/diariodominicano.com\/wp-content\/uploads\/2023\/09\/Grupo-Bonye-300x154.jpeg 300w, https:\/\/diariodominicano.com\/wp-content\/uploads\/2023\/09\/Grupo-Bonye-768x395.jpeg 768w, https:\/\/diariodominicano.com\/wp-content\/uploads\/2023\/09\/Grupo-Bonye-816x420.jpeg 816w\" sizes=\"auto, (max-width: 975px) 100vw, 975px\" \/><figcaption>Grupo Bony\u00e9 <\/figcaption><\/figure>\n\n\n\n<p>A continuaci\u00f3n, les ofrecemos un adelanto de lo que pueden esperar de la programaci\u00f3n especial de Rep\u00fablica Dominicana:&nbsp;<\/p>\n\n\n\n<p><strong>Martes 3 de octubre<\/strong><strong><\/strong><\/p>\n\n\n\n<p><strong>Reflejos del Caribe: Arte Dominicano en Madrid<\/strong>&nbsp;<br>Exposici\u00f3n de arte&nbsp;(Inauguraci\u00f3n)&nbsp;<\/p>\n\n\n\n<p>19:00 h. \/ Fundaci\u00f3n AN-A, Aviador Zorita 46, Madrid<br>Artistas: &nbsp;Jeannette Alfau, Luis N\u00fa\u00f1ez, Dahianna Blanco, Manolo Romero, Ta\u00edna Almod\u00f3var, Aronis Ramos, Waner Noboa, Erickdony Turb\u00ed y Carlos Segura.<br>Hasta el 15 de octubre 2023 \/\/ Horario: 10-14 hrs. \/ 17-20 hrs.<br><\/p>\n\n\n\n<p><strong>S\u00e1bado 7 de octubre<\/strong><strong><\/strong><\/p>\n\n\n\n<p><br><strong>Degustaci\u00f3n Gastron\u00f3mica<\/strong><br>12:00h. \/ Mercado Barcel\u00f3<br>Presentaci\u00f3n programa Academia Iberoamericana de Gastronom\u00eda.&nbsp;<\/p>\n\n\n\n<p>Cooking show gastronom\u00eda dominicana a cargo del chef Omar Mart\u00edn.<br><br><strong>Cabalgata de la Hispanidad<\/strong><br>19:00 h. \/ Calle Bravo Murrillo-Fuencarral&nbsp;<\/p>\n\n\n\n<p>Con m\u00e1s de 400 participantes, esta cabalgata estar\u00e1 encabezada por la Rep\u00fablica Dominicana representada por el Ballet Dominicano en Europa y la Fundaci\u00f3n Activando Cultura. M\u00e1s de 60 artistas componen la comparsa \u201c<strong><em>A\u00f1oranzas de mi tierra\u201d<\/em><\/strong>&nbsp;cargada de elementos caracter\u00edsticos de la isla del merengue y la bachata; trajes t\u00edpicos, diferentes personajes del carnaval, m\u00fasica, danza, gastronom\u00eda y artes visuales.<br><br><strong>Obra de Teatro \u201cEvangelina\u201d<\/strong><br>19:00 h. \/ Real Coliseo Carlos III de San Lorenzo de El Escorial&nbsp;<\/p>\n\n\n\n<p>Dramaturgia de Chiqui Vicioso. Direcci\u00f3n de Ruth Alfonsina Emeterio y C\u00e1ndido Abad. Actuaci\u00f3n de Ruth Alfonsina Emeterio y Santiago Alonzo.<\/p>\n\n\n\n<p><strong>Lunes 9 de octubre<\/strong><\/p>\n\n\n\n<p><strong>Marat\u00f3n Cine Dominicano<\/strong><br>16:00 h. \/ Cines Paz<br>Proyecci\u00f3n de las pel\u00edculas \u201cDi\u00e1spora\u201d, \u201cMiriam miente\u201d, \u201cBant\u00fa mama\u201d y \u201cMalpaso\u201d.<\/p>\n\n\n\n<p><strong>\u201cLa mujer en la literatura dominicana\u201d&nbsp;<\/strong><br><strong>Encuentro literario<\/strong><br>19:00 h. \/ Librer\u00eda Antonio Machado (Las Salesas)&nbsp;<br>Encuentro literario con las escritoras dominicanas Marielys Duluc y Rosa Silverio.&nbsp;<\/p>\n\n\n\n<p><br><strong>Martes 10 de octubre<\/strong><\/p>\n\n\n\n<p><strong>\u201cLa nueva literatura dominicana en Espa\u00f1a\u201d<\/strong>&nbsp;<br><strong>Encuentro literario<\/strong><br>19:00 h. \/ Librer\u00eda Antonio Machado (C\u00edrculo Bellas Artes)&nbsp;<\/p>\n\n\n\n<p>Encuentro literario con los escritores dominicanos Daniel Tejada y Virginia Read Escobal.&nbsp;<br><\/p>\n\n\n\n<figure class=\"wp-block-image size-large\"><img loading=\"lazy\" decoding=\"async\" width=\"1024\" height=\"659\" src=\"https:\/\/diariodominicano.com\/wp-content\/uploads\/2023\/09\/Sin-zapatos-no-hay-paraiso-obra-de-teatro-1024x659.jpg\" alt=\"\" class=\"wp-image-476161\" srcset=\"https:\/\/diariodominicano.com\/wp-content\/uploads\/2023\/09\/Sin-zapatos-no-hay-paraiso-obra-de-teatro-1024x659.jpg 1024w, https:\/\/diariodominicano.com\/wp-content\/uploads\/2023\/09\/Sin-zapatos-no-hay-paraiso-obra-de-teatro-300x193.jpg 300w, https:\/\/diariodominicano.com\/wp-content\/uploads\/2023\/09\/Sin-zapatos-no-hay-paraiso-obra-de-teatro-768x495.jpg 768w, https:\/\/diariodominicano.com\/wp-content\/uploads\/2023\/09\/Sin-zapatos-no-hay-paraiso-obra-de-teatro-1536x989.jpg 1536w, https:\/\/diariodominicano.com\/wp-content\/uploads\/2023\/09\/Sin-zapatos-no-hay-paraiso-obra-de-teatro-2048x1319.jpg 2048w, https:\/\/diariodominicano.com\/wp-content\/uploads\/2023\/09\/Sin-zapatos-no-hay-paraiso-obra-de-teatro-816x525.jpg 816w\" sizes=\"auto, (max-width: 1024px) 100vw, 1024px\" \/><\/figure>\n\n\n\n<p><br><strong>Obra de teatro \u201cSin zapatos no hay para\u00edso\u201d<\/strong><br>19:00 h. \/ Centro Cultural Paco Rabal<br>Direcci\u00f3n de Pepe Sierra. Actuaci\u00f3n de Vicente Santos y Richarson D\u00edaz.<\/p>\n\n\n\n<p><strong>Mi\u00e9rcoles 11 de octubre<\/strong><\/p>\n\n\n\n<figure class=\"wp-block-image size-large\"><img loading=\"lazy\" decoding=\"async\" width=\"781\" height=\"1024\" src=\"https:\/\/diariodominicano.com\/wp-content\/uploads\/2023\/09\/Evangelina-Rodriguez-obra-de-teatro-781x1024.jpg\" alt=\"\" class=\"wp-image-476173\" srcset=\"https:\/\/diariodominicano.com\/wp-content\/uploads\/2023\/09\/Evangelina-Rodriguez-obra-de-teatro-781x1024.jpg 781w, https:\/\/diariodominicano.com\/wp-content\/uploads\/2023\/09\/Evangelina-Rodriguez-obra-de-teatro-229x300.jpg 229w, https:\/\/diariodominicano.com\/wp-content\/uploads\/2023\/09\/Evangelina-Rodriguez-obra-de-teatro-768x1007.jpg 768w, https:\/\/diariodominicano.com\/wp-content\/uploads\/2023\/09\/Evangelina-Rodriguez-obra-de-teatro-816x1070.jpg 816w, https:\/\/diariodominicano.com\/wp-content\/uploads\/2023\/09\/Evangelina-Rodriguez-obra-de-teatro.jpg 1136w\" sizes=\"auto, (max-width: 781px) 100vw, 781px\" \/><figcaption>Evangelina Rodr\u00edguez obra de teatro<\/figcaption><\/figure>\n\n\n\n<p><br><strong>Obra de Teatro \u201cEvangelina\u201d \u2013 segunda funci\u00f3n<\/strong><br>19:00 h. \/ Sala Negra de Teatros del Canal<br>Dramaturgia de Chiqui Vicioso. Direcci\u00f3n de Ruth Alfonsina Emeterio y C\u00e1ndido Abad. Actuaci\u00f3n de Ruth Alfonsina Emeterio y Santiago Alonzo.<br><\/p>\n\n\n\n<p><strong>Jueves 12 de octubre<\/strong><\/p>\n\n\n\n<figure class=\"wp-block-image size-large\"><img loading=\"lazy\" decoding=\"async\" width=\"1024\" height=\"576\" src=\"https:\/\/diariodominicano.com\/wp-content\/uploads\/2023\/09\/La-abuela-del-escorpion-obra-de-teatro-1024x576.jpg\" alt=\"\" class=\"wp-image-476175\" srcset=\"https:\/\/diariodominicano.com\/wp-content\/uploads\/2023\/09\/La-abuela-del-escorpion-obra-de-teatro-1024x576.jpg 1024w, https:\/\/diariodominicano.com\/wp-content\/uploads\/2023\/09\/La-abuela-del-escorpion-obra-de-teatro-300x169.jpg 300w, https:\/\/diariodominicano.com\/wp-content\/uploads\/2023\/09\/La-abuela-del-escorpion-obra-de-teatro-768x432.jpg 768w, https:\/\/diariodominicano.com\/wp-content\/uploads\/2023\/09\/La-abuela-del-escorpion-obra-de-teatro-1536x864.jpg 1536w, https:\/\/diariodominicano.com\/wp-content\/uploads\/2023\/09\/La-abuela-del-escorpion-obra-de-teatro-2048x1152.jpg 2048w, https:\/\/diariodominicano.com\/wp-content\/uploads\/2023\/09\/La-abuela-del-escorpion-obra-de-teatro-816x459.jpg 816w\" sizes=\"auto, (max-width: 1024px) 100vw, 1024px\" \/><figcaption>La abuela del escorpi\u00f3n &#8211; obra de teatro (1)<\/figcaption><\/figure>\n\n\n\n<p><br><strong>Obra de teatro \u201cLa abuela del escorpi\u00f3n\u201d<\/strong><br>19:00 h. \/ Centro Cultural Paco Rabal&nbsp;<br>Basada en la novela \u201cLa cuna del escorpi\u00f3n\u201d de Priscilla Vel\u00e1zquez Rivera. Dramaturgia y direcci\u00f3n de Manuel Chapuseaux. Actuaci\u00f3n de Clara Morel. Regidur\u00eda y producci\u00f3n de Canek Denis.<\/p>\n\n\n\n<p><br><\/p>\n\n\n\n<figure class=\"wp-block-image size-large\"><img loading=\"lazy\" decoding=\"async\" width=\"1024\" height=\"683\" src=\"https:\/\/diariodominicano.com\/wp-content\/uploads\/2023\/09\/Vicente-Garcia-1024x683.jpg\" alt=\"\" class=\"wp-image-476168\" srcset=\"https:\/\/diariodominicano.com\/wp-content\/uploads\/2023\/09\/Vicente-Garcia-1024x683.jpg 1024w, https:\/\/diariodominicano.com\/wp-content\/uploads\/2023\/09\/Vicente-Garcia-300x200.jpg 300w, https:\/\/diariodominicano.com\/wp-content\/uploads\/2023\/09\/Vicente-Garcia-768x512.jpg 768w, https:\/\/diariodominicano.com\/wp-content\/uploads\/2023\/09\/Vicente-Garcia-1536x1024.jpg 1536w, https:\/\/diariodominicano.com\/wp-content\/uploads\/2023\/09\/Vicente-Garcia-2048x1365.jpg 2048w, https:\/\/diariodominicano.com\/wp-content\/uploads\/2023\/09\/Vicente-Garcia-816x544.jpg 816w\" sizes=\"auto, (max-width: 1024px) 100vw, 1024px\" \/><figcaption>Vicente  Garc\u00eda<\/figcaption><\/figure>\n\n\n\n<p><br><strong>Vicente Garc\u00eda<\/strong><br>21:00 h. \/ Plaza de la Remonta, Tetu\u00e1n, Madrid<br>Concierto del cantautor Vicente Garc\u00eda.<\/p>\n\n\n\n<p><strong>Viernes 13 de octubre<\/strong><\/p>\n\n\n\n<figure class=\"wp-block-image size-full is-resized\"><img loading=\"lazy\" decoding=\"async\" src=\"https:\/\/diariodominicano.com\/wp-content\/uploads\/2023\/09\/Grupo-Bonye-1.jpeg\" alt=\"\" class=\"wp-image-476170\" width=\"604\" height=\"310\" srcset=\"https:\/\/diariodominicano.com\/wp-content\/uploads\/2023\/09\/Grupo-Bonye-1.jpeg 975w, https:\/\/diariodominicano.com\/wp-content\/uploads\/2023\/09\/Grupo-Bonye-1-300x154.jpeg 300w, https:\/\/diariodominicano.com\/wp-content\/uploads\/2023\/09\/Grupo-Bonye-1-768x395.jpeg 768w, https:\/\/diariodominicano.com\/wp-content\/uploads\/2023\/09\/Grupo-Bonye-1-816x420.jpeg 816w\" sizes=\"auto, (max-width: 604px) 100vw, 604px\" \/><figcaption>Grupo Bony\u00e9 <\/figcaption><\/figure>\n\n\n\n<p><br><strong>Grupo Bony\u00e9<\/strong><br>21:00 h. \/ Plaza de la Remonta, Tetu\u00e1n, Madrid<br>Concierto del emblem\u00e1tico Grupo Bony\u00e9.<\/p>\n\n\n\n<p><strong>S\u00e1bado 14 de octubre<\/strong><\/p>\n\n\n\n<p><br><strong>Ballet Dominicano en Europa<\/strong><\/p>\n\n\n\n<p><strong>\u201cUn accionar de identidad desde el Caribe\u201d,<\/strong><br>13:00 h. \/ Plaza de la Remonta, Tetu\u00e1n, Madrid<br>Espect\u00e1culo \u201cUn accionar de identidad desde el Caribe\u201d, un repaso a trav\u00e9s de la danza de los ritmos m\u00e1s aut\u00f3ctonos y modernos.<br><br><strong>Flashmob de bachata<\/strong><br>20:00 h. \/ Plaza de Espa\u00f1a<br>Flashmob de bachata a cargo del Ballet Dominicano en Europa.&nbsp; Masterclass de merengue y bachata, invitando a todo el p\u00fablico madrile\u00f1o a bailar.<\/p>\n\n\n\n<p><strong>Riccie Oriach<\/strong><br>21:00 h. \/ Plaza de la Remonta, Tetu\u00e1n, Madrid<\/p>\n\n\n\n<figure class=\"wp-block-image size-full\"><img loading=\"lazy\" decoding=\"async\" width=\"770\" height=\"540\" src=\"https:\/\/diariodominicano.com\/wp-content\/uploads\/2023\/09\/Riccie-Oriach-1.jpg\" alt=\"\" class=\"wp-image-476163\" srcset=\"https:\/\/diariodominicano.com\/wp-content\/uploads\/2023\/09\/Riccie-Oriach-1.jpg 770w, https:\/\/diariodominicano.com\/wp-content\/uploads\/2023\/09\/Riccie-Oriach-1-300x210.jpg 300w, https:\/\/diariodominicano.com\/wp-content\/uploads\/2023\/09\/Riccie-Oriach-1-768x539.jpg 768w\" sizes=\"auto, (max-width: 770px) 100vw, 770px\" \/><\/figure>\n\n\n\n<p>Concierto del cantautor Riccie Oriach.<\/p>\n\n\n\n<figure class=\"wp-block-image size-large is-resized\"><img loading=\"lazy\" decoding=\"async\" src=\"https:\/\/diariodominicano.com\/wp-content\/uploads\/2023\/09\/Xiomara-Fortuna-1024x683.jpg\" alt=\"\" class=\"wp-image-476165\" width=\"604\" height=\"402\" srcset=\"https:\/\/diariodominicano.com\/wp-content\/uploads\/2023\/09\/Xiomara-Fortuna-1024x683.jpg 1024w, https:\/\/diariodominicano.com\/wp-content\/uploads\/2023\/09\/Xiomara-Fortuna-300x200.jpg 300w, https:\/\/diariodominicano.com\/wp-content\/uploads\/2023\/09\/Xiomara-Fortuna-768x512.jpg 768w, https:\/\/diariodominicano.com\/wp-content\/uploads\/2023\/09\/Xiomara-Fortuna-1536x1024.jpg 1536w, https:\/\/diariodominicano.com\/wp-content\/uploads\/2023\/09\/Xiomara-Fortuna-2048x1365.jpg 2048w, https:\/\/diariodominicano.com\/wp-content\/uploads\/2023\/09\/Xiomara-Fortuna-816x544.jpg 816w\" sizes=\"auto, (max-width: 604px) 100vw, 604px\" \/><figcaption>Xiomara Fortuna <\/figcaption><\/figure>\n\n\n\n<p><br><br><strong>Xiomara Fortuna<\/strong><br>21:00 h. \/ Sala Cristal de Teatros del Canal a las 21 h.<br>Concierto de la reina de la fusi\u00f3n Xiomara Fortuna.<br><br><br><strong>En SEVILLA<\/strong><\/p>\n\n\n\n<p><strong>Jueves 12 de octubre<\/strong><\/p>\n\n\n\n<p><br><strong>Ballet Dominicano en Europa<\/strong><\/p>\n\n\n\n<p><strong>\u201cUn accionar de identidad desde el Caribe\u201d,<\/strong><br>13:00 h. \/ Plaza de Espa\u00f1a de Sevilla a las 13 h.<br>Espect\u00e1culo \u201cUn accionar de identidad desde el Caribe\u201d, un repaso a trav\u00e9s de la danza de los ritmos m\u00e1s aut\u00f3ctonos y modernos.<br><br><strong>Grupo Bony\u00e9<\/strong><br>20:00 h. \/ Plaza de Espa\u00f1a de Sevilla&nbsp;<br>Concierto del emblem\u00e1tico Grupo Bony\u00e9.<\/p>\n\n\n\n<p>La participaci\u00f3n de Rep\u00fablica Dominicana en la Semana de la Hispanidad 2023 es posible gracias a la colaboraci\u00f3n de la Presidencia de la Rep\u00fablica Dominicana y el Ministerio de Turismo.<\/p>\n\n\n\n<p>Esta gesti\u00f3n se enmarca en el compromiso de Rep\u00fablica Dominicana y esta misi\u00f3n diplom\u00e1tica con la difusi\u00f3n del arte, la cultura nacional y con la integraci\u00f3n de nuestra comunidad en las actividades que se realizan en Espa\u00f1a.&nbsp;Para obtener m\u00e1s informaci\u00f3n sobre la programaci\u00f3n, visite:&nbsp;<a href=\"http:\/\/www.comunidad.madrid\/cultura\" target=\"_blank\" rel=\"noreferrer noopener\">www.comunidad.madrid\/cultura<\/a><\/p>\n\n\n\n<p>\u00a1Esperamos verlos all\u00ed!<\/p>\n\n\n\n<p>Samuel Esteban<br>Encargado de Asuntos Culturales, Comunicaci\u00f3n &amp; Prensa<\/p>\n\n\n\n<p><strong>Madrid, Espa\u00f1a<\/strong><\/p>\n\n\n\n<p><strong>30 de septiembre 2023<\/strong><\/p>\n","protected":false},"excerpt":{"rendered":"<p>La Comunidad de Madrid vuelve a celebrar la Semana de la Hispanidad que organiz\u00f3 por primera vez en 2021. Rep\u00fablica Dominicana es el pa\u00eds invitado en la tercera edici\u00f3n del festival de la Hispanidad, un ciclo de actividades culturales para conmemorar la lengua y la cultura hispana, y que organiza la Comunidad de Madrid, del [&hellip;]<\/p>\n","protected":false},"author":28,"featured_media":476151,"comment_status":"closed","ping_status":"","sticky":true,"template":"","format":"standard","meta":{"footnotes":""},"categories":[21,36,27,32],"tags":[],"class_list":["post-476150","post","type-post","status-publish","format-standard","has-post-thumbnail","hentry","category-cultura","category-hombresmujeresycosas","category-portada","category-turismo"],"_links":{"self":[{"href":"https:\/\/diariodominicano.com\/index.php?rest_route=\/wp\/v2\/posts\/476150","targetHints":{"allow":["GET"]}}],"collection":[{"href":"https:\/\/diariodominicano.com\/index.php?rest_route=\/wp\/v2\/posts"}],"about":[{"href":"https:\/\/diariodominicano.com\/index.php?rest_route=\/wp\/v2\/types\/post"}],"author":[{"embeddable":true,"href":"https:\/\/diariodominicano.com\/index.php?rest_route=\/wp\/v2\/users\/28"}],"replies":[{"embeddable":true,"href":"https:\/\/diariodominicano.com\/index.php?rest_route=%2Fwp%2Fv2%2Fcomments&post=476150"}],"version-history":[{"count":18,"href":"https:\/\/diariodominicano.com\/index.php?rest_route=\/wp\/v2\/posts\/476150\/revisions"}],"predecessor-version":[{"id":476180,"href":"https:\/\/diariodominicano.com\/index.php?rest_route=\/wp\/v2\/posts\/476150\/revisions\/476180"}],"wp:featuredmedia":[{"embeddable":true,"href":"https:\/\/diariodominicano.com\/index.php?rest_route=\/wp\/v2\/media\/476151"}],"wp:attachment":[{"href":"https:\/\/diariodominicano.com\/index.php?rest_route=%2Fwp%2Fv2%2Fmedia&parent=476150"}],"wp:term":[{"taxonomy":"category","embeddable":true,"href":"https:\/\/diariodominicano.com\/index.php?rest_route=%2Fwp%2Fv2%2Fcategories&post=476150"},{"taxonomy":"post_tag","embeddable":true,"href":"https:\/\/diariodominicano.com\/index.php?rest_route=%2Fwp%2Fv2%2Ftags&post=476150"}],"curies":[{"name":"wp","href":"https:\/\/api.w.org\/{rel}","templated":true}]}}