{"id":476130,"date":"2023-09-30T16:15:12","date_gmt":"2023-09-30T20:15:12","guid":{"rendered":"http:\/\/diariodominicano.com\/?p=476130"},"modified":"2023-09-30T16:25:51","modified_gmt":"2023-09-30T20:25:51","slug":"mide-y-efemerides-patrias-conmemoran-el-160-aniversario-del-combate-arroyo-bermejo","status":"publish","type":"post","link":"https:\/\/diariodominicano.com\/?p=476130","title":{"rendered":"MIDE y Efem\u00e9rides Patrias conmemoran el 160 Aniversario del Combate Arroyo Bermejo"},"content":{"rendered":"\n<p><\/p>\n\n\n\n<figure class=\"wp-block-image size-large\"><img loading=\"lazy\" decoding=\"async\" width=\"1024\" height=\"683\" src=\"https:\/\/diariodominicano.com\/wp-content\/uploads\/2023\/09\/WhatsApp-Image-2023-09-30-at-6.03.57-AM-1024x683.jpeg\" alt=\"\" class=\"wp-image-476141\" srcset=\"https:\/\/diariodominicano.com\/wp-content\/uploads\/2023\/09\/WhatsApp-Image-2023-09-30-at-6.03.57-AM-1024x683.jpeg 1024w, https:\/\/diariodominicano.com\/wp-content\/uploads\/2023\/09\/WhatsApp-Image-2023-09-30-at-6.03.57-AM-300x200.jpeg 300w, https:\/\/diariodominicano.com\/wp-content\/uploads\/2023\/09\/WhatsApp-Image-2023-09-30-at-6.03.57-AM-768x512.jpeg 768w, https:\/\/diariodominicano.com\/wp-content\/uploads\/2023\/09\/WhatsApp-Image-2023-09-30-at-6.03.57-AM-816x544.jpeg 816w, https:\/\/diariodominicano.com\/wp-content\/uploads\/2023\/09\/WhatsApp-Image-2023-09-30-at-6.03.57-AM.jpeg 1296w\" sizes=\"auto, (max-width: 1024px) 100vw, 1024px\" \/><\/figure>\n\n\n\n<p>MONTE PLATA. \u2013 El Ministerio de Defensa (MIDE) y la Comisi\u00f3n Permanente de Efem\u00e9rides Patrias (CPEP) conmemoraron el 160 Aniversario del Combate Arroyo Bermejo, escenificado aqu\u00ed en pro de la Restauraci\u00f3n de la Rep\u00fablica.<\/p>\n\n\n\n<figure class=\"wp-block-image size-large\"><img loading=\"lazy\" decoding=\"async\" width=\"1024\" height=\"683\" src=\"https:\/\/diariodominicano.com\/wp-content\/uploads\/2023\/09\/WhatsApp-Image-2023-09-30-at-6.03.56-AM-1-1-1024x683.jpeg\" alt=\"\" class=\"wp-image-476136\" srcset=\"https:\/\/diariodominicano.com\/wp-content\/uploads\/2023\/09\/WhatsApp-Image-2023-09-30-at-6.03.56-AM-1-1-1024x683.jpeg 1024w, https:\/\/diariodominicano.com\/wp-content\/uploads\/2023\/09\/WhatsApp-Image-2023-09-30-at-6.03.56-AM-1-1-300x200.jpeg 300w, https:\/\/diariodominicano.com\/wp-content\/uploads\/2023\/09\/WhatsApp-Image-2023-09-30-at-6.03.56-AM-1-1-768x512.jpeg 768w, https:\/\/diariodominicano.com\/wp-content\/uploads\/2023\/09\/WhatsApp-Image-2023-09-30-at-6.03.56-AM-1-1-816x544.jpeg 816w, https:\/\/diariodominicano.com\/wp-content\/uploads\/2023\/09\/WhatsApp-Image-2023-09-30-at-6.03.56-AM-1-1.jpeg 1296w\" sizes=\"auto, (max-width: 1024px) 100vw, 1024px\" \/><\/figure>\n\n\n\n<figure class=\"wp-block-image size-large\"><img loading=\"lazy\" decoding=\"async\" width=\"1024\" height=\"683\" src=\"https:\/\/diariodominicano.com\/wp-content\/uploads\/2023\/09\/WhatsApp-Image-2023-09-30-at-6.03.55-AM-3-1024x683.jpeg\" alt=\"\" class=\"wp-image-476143\" srcset=\"https:\/\/diariodominicano.com\/wp-content\/uploads\/2023\/09\/WhatsApp-Image-2023-09-30-at-6.03.55-AM-3-1024x683.jpeg 1024w, https:\/\/diariodominicano.com\/wp-content\/uploads\/2023\/09\/WhatsApp-Image-2023-09-30-at-6.03.55-AM-3-300x200.jpeg 300w, https:\/\/diariodominicano.com\/wp-content\/uploads\/2023\/09\/WhatsApp-Image-2023-09-30-at-6.03.55-AM-3-768x512.jpeg 768w, https:\/\/diariodominicano.com\/wp-content\/uploads\/2023\/09\/WhatsApp-Image-2023-09-30-at-6.03.55-AM-3-816x544.jpeg 816w, https:\/\/diariodominicano.com\/wp-content\/uploads\/2023\/09\/WhatsApp-Image-2023-09-30-at-6.03.55-AM-3.jpeg 1296w\" sizes=\"auto, (max-width: 1024px) 100vw, 1024px\" \/><\/figure>\n\n\n\n<figure class=\"wp-block-image size-large\"><img loading=\"lazy\" decoding=\"async\" width=\"1024\" height=\"683\" src=\"https:\/\/diariodominicano.com\/wp-content\/uploads\/2023\/09\/WhatsApp-Image-2023-09-30-at-6.03.54-AM-1024x683.jpeg\" alt=\"\" class=\"wp-image-476145\" srcset=\"https:\/\/diariodominicano.com\/wp-content\/uploads\/2023\/09\/WhatsApp-Image-2023-09-30-at-6.03.54-AM-1024x683.jpeg 1024w, https:\/\/diariodominicano.com\/wp-content\/uploads\/2023\/09\/WhatsApp-Image-2023-09-30-at-6.03.54-AM-300x200.jpeg 300w, https:\/\/diariodominicano.com\/wp-content\/uploads\/2023\/09\/WhatsApp-Image-2023-09-30-at-6.03.54-AM-768x512.jpeg 768w, https:\/\/diariodominicano.com\/wp-content\/uploads\/2023\/09\/WhatsApp-Image-2023-09-30-at-6.03.54-AM-816x544.jpeg 816w, https:\/\/diariodominicano.com\/wp-content\/uploads\/2023\/09\/WhatsApp-Image-2023-09-30-at-6.03.54-AM.jpeg 1296w\" sizes=\"auto, (max-width: 1024px) 100vw, 1024px\" \/><\/figure>\n\n\n\n<figure class=\"wp-block-image size-large\"><img loading=\"lazy\" decoding=\"async\" width=\"1024\" height=\"683\" src=\"https:\/\/diariodominicano.com\/wp-content\/uploads\/2023\/09\/WhatsApp-Image-2023-09-30-at-6.03.54-AM-2-1024x683.jpeg\" alt=\"\" class=\"wp-image-476146\" srcset=\"https:\/\/diariodominicano.com\/wp-content\/uploads\/2023\/09\/WhatsApp-Image-2023-09-30-at-6.03.54-AM-2-1024x683.jpeg 1024w, https:\/\/diariodominicano.com\/wp-content\/uploads\/2023\/09\/WhatsApp-Image-2023-09-30-at-6.03.54-AM-2-300x200.jpeg 300w, https:\/\/diariodominicano.com\/wp-content\/uploads\/2023\/09\/WhatsApp-Image-2023-09-30-at-6.03.54-AM-2-768x512.jpeg 768w, https:\/\/diariodominicano.com\/wp-content\/uploads\/2023\/09\/WhatsApp-Image-2023-09-30-at-6.03.54-AM-2-816x544.jpeg 816w, https:\/\/diariodominicano.com\/wp-content\/uploads\/2023\/09\/WhatsApp-Image-2023-09-30-at-6.03.54-AM-2.jpeg 1296w\" sizes=\"auto, (max-width: 1024px) 100vw, 1024px\" \/><\/figure>\n\n\n\n<p>La haza\u00f1a b\u00e9lica ocurri\u00f3 en el peque\u00f1o rubic\u00f3n del r\u00edo Bermejo, el 29 de septiembre de 1863, cuando las tropas espa\u00f1olas&nbsp;fueron enfrentadas por&nbsp;patriotas militares y combatientes de la zona de Monte Plata, encabezados por el general&nbsp;Gregorio Luper\u00f3n.<\/p>\n\n\n\n<p>Los actos conmemorativos estuvieron enmarcados en la solemnidad, iniciaron con el izamiento de la Bandera tricolor, en el Parque municipal, mientras las notas del Himno Nacional eran interpretadas por la Banda&nbsp;del Ej\u00e9rcito de Rep\u00fablica Dominicana.<\/p>\n\n\n\n<figure class=\"wp-block-image size-large\"><img loading=\"lazy\" decoding=\"async\" width=\"1024\" height=\"575\" src=\"https:\/\/diariodominicano.com\/wp-content\/uploads\/2023\/09\/WhatsApp-Image-2023-09-30-at-6.03.53-AM-1-1024x575.jpeg\" alt=\"\" class=\"wp-image-476148\" srcset=\"https:\/\/diariodominicano.com\/wp-content\/uploads\/2023\/09\/WhatsApp-Image-2023-09-30-at-6.03.53-AM-1-1024x575.jpeg 1024w, https:\/\/diariodominicano.com\/wp-content\/uploads\/2023\/09\/WhatsApp-Image-2023-09-30-at-6.03.53-AM-1-300x169.jpeg 300w, https:\/\/diariodominicano.com\/wp-content\/uploads\/2023\/09\/WhatsApp-Image-2023-09-30-at-6.03.53-AM-1-768x431.jpeg 768w, https:\/\/diariodominicano.com\/wp-content\/uploads\/2023\/09\/WhatsApp-Image-2023-09-30-at-6.03.53-AM-1-816x458.jpeg 816w, https:\/\/diariodominicano.com\/wp-content\/uploads\/2023\/09\/WhatsApp-Image-2023-09-30-at-6.03.53-AM-1.jpeg 1296w\" sizes=\"auto, (max-width: 1024px) 100vw, 1024px\" \/><\/figure>\n\n\n\n<p>Durante el acto un oficial del Ej\u00e9rcito de Rep\u00fablica Dominicana dio lectura a la orden del d\u00eda, emitida por el despacho del Ministro de Defensa, teniente general Carlos Luciano D\u00edaz Morfa.&nbsp; Luego se rindieron los honores militares de estilo, al h\u00e9roe restaurador, General de Divisi\u00f3n \u201cGregorio Luper\u00f3n\u201d.<\/p>\n\n\n\n<p>As\u00ed mismo una comisi\u00f3n integrada por oficiales de las diferentes instituciones de las Fuerzas Armadas, Polic\u00eda Nacional, la Gobernaci\u00f3n Provincial y la Alcald\u00eda Municipal procedi\u00f3 a colocar las ofrendas florales en honor a esta gesta restauradora.<\/p>\n\n\n\n<p>En ese mismo orden la Gobernadora Civil de esta provincia, Sra. Rafaela Javier Gomera, pronunci\u00f3 unas palabras en tributo a los pr\u00f3ceres de la batalla.<\/p>\n\n\n\n<p>El discurso&nbsp;central de la actividad estuvo a cargo del presidente de la Comisi\u00f3n&nbsp;Permanente de la Efem\u00e9rides Patrias (CPEP), Juan Pablo Uribe, quien afirm\u00f3 que, con el esp\u00edritu patri\u00f3tico de los h\u00e9roes victoriosos de esa batalla, los dominicanos deben mantener encendida la llama de la dominicanidad.<\/p>\n\n\n\n<figure class=\"wp-block-image size-large\"><img loading=\"lazy\" decoding=\"async\" width=\"1024\" height=\"683\" src=\"https:\/\/diariodominicano.com\/wp-content\/uploads\/2023\/09\/Socrates-Suazo-coronel-ERD-1024x683.jpeg\" alt=\"\" class=\"wp-image-476138\" srcset=\"https:\/\/diariodominicano.com\/wp-content\/uploads\/2023\/09\/Socrates-Suazo-coronel-ERD-1024x683.jpeg 1024w, https:\/\/diariodominicano.com\/wp-content\/uploads\/2023\/09\/Socrates-Suazo-coronel-ERD-300x200.jpeg 300w, https:\/\/diariodominicano.com\/wp-content\/uploads\/2023\/09\/Socrates-Suazo-coronel-ERD-768x512.jpeg 768w, https:\/\/diariodominicano.com\/wp-content\/uploads\/2023\/09\/Socrates-Suazo-coronel-ERD-816x544.jpeg 816w, https:\/\/diariodominicano.com\/wp-content\/uploads\/2023\/09\/Socrates-Suazo-coronel-ERD.jpeg 1296w\" sizes=\"auto, (max-width: 1024px) 100vw, 1024px\" \/><figcaption> Coronel Historiador S\u00f3crates Suazo Ru\u00edz <\/figcaption><\/figure>\n\n\n\n<p>El cierre conmemorativo fue marcado por la rese\u00f1a hist\u00f3rica y la exaltaci\u00f3n de la batalla, a cargo del coronel Historiador S\u00f3crates Suazo Ru\u00edz, ERD., Director de Historia Militar del Ministerio de Defensa.<\/p>\n\n\n\n<p>En el acto el Ministro de Defensa, teniente general, Carlos Luciano D\u00edaz Morfa, ERD, fue representado por el coronel Omar N\u00fa\u00f1ez Santana, oficial de Operaciones del Comando Conjunto Metropolitano de las FFAA. Tambi\u00e9n participaron la alcaldesa de Monte Plata, Sra. Altagracia Herrera de Brito, Oficiales Generales, Superiores, Subalternos y Alistados de las Fuerzas Armadas y la Polic\u00eda Nacional, as\u00ed como autoridades civiles de esta provincia.<\/p>\n\n\n\n<p>Prensa Mide<a rel=\"noreferrer noopener\" target=\"_blank\" href=\"mailto:prensaj5mide@gmail.com\">prensaj5mide@gmail.com<\/a><\/p>\n\n\n\n<p><strong><em>Departamento de Prensa<\/em><\/strong><\/p>\n\n\n\n<p><em><strong>Direcci\u00f3n de Asuntos Civiles del Estado Mayor Conjunto, J5<\/strong><\/em><\/p>\n\n\n\n<p><em><strong>Ministerio de Defensa de Rep\u00fablica Dominicana<\/strong><\/em><\/p>\n","protected":false},"excerpt":{"rendered":"<p>MONTE PLATA. \u2013 El Ministerio de Defensa (MIDE) y la Comisi\u00f3n Permanente de Efem\u00e9rides Patrias (CPEP) conmemoraron el 160 Aniversario del Combate Arroyo Bermejo, escenificado aqu\u00ed en pro de la Restauraci\u00f3n de la Rep\u00fablica. La haza\u00f1a b\u00e9lica ocurri\u00f3 en el peque\u00f1o rubic\u00f3n del r\u00edo Bermejo, el 29 de septiembre de 1863, cuando las tropas espa\u00f1olas&nbsp;fueron [&hellip;]<\/p>\n","protected":false},"author":28,"featured_media":476135,"comment_status":"closed","ping_status":"","sticky":true,"template":"","format":"standard","meta":{"footnotes":""},"categories":[26,27,32],"tags":[],"class_list":["post-476130","post","type-post","status-publish","format-standard","has-post-thumbnail","hentry","category-efemerides","category-portada","category-turismo"],"_links":{"self":[{"href":"https:\/\/diariodominicano.com\/index.php?rest_route=\/wp\/v2\/posts\/476130","targetHints":{"allow":["GET"]}}],"collection":[{"href":"https:\/\/diariodominicano.com\/index.php?rest_route=\/wp\/v2\/posts"}],"about":[{"href":"https:\/\/diariodominicano.com\/index.php?rest_route=\/wp\/v2\/types\/post"}],"author":[{"embeddable":true,"href":"https:\/\/diariodominicano.com\/index.php?rest_route=\/wp\/v2\/users\/28"}],"replies":[{"embeddable":true,"href":"https:\/\/diariodominicano.com\/index.php?rest_route=%2Fwp%2Fv2%2Fcomments&post=476130"}],"version-history":[{"count":10,"href":"https:\/\/diariodominicano.com\/index.php?rest_route=\/wp\/v2\/posts\/476130\/revisions"}],"predecessor-version":[{"id":476149,"href":"https:\/\/diariodominicano.com\/index.php?rest_route=\/wp\/v2\/posts\/476130\/revisions\/476149"}],"wp:featuredmedia":[{"embeddable":true,"href":"https:\/\/diariodominicano.com\/index.php?rest_route=\/wp\/v2\/media\/476135"}],"wp:attachment":[{"href":"https:\/\/diariodominicano.com\/index.php?rest_route=%2Fwp%2Fv2%2Fmedia&parent=476130"}],"wp:term":[{"taxonomy":"category","embeddable":true,"href":"https:\/\/diariodominicano.com\/index.php?rest_route=%2Fwp%2Fv2%2Fcategories&post=476130"},{"taxonomy":"post_tag","embeddable":true,"href":"https:\/\/diariodominicano.com\/index.php?rest_route=%2Fwp%2Fv2%2Ftags&post=476130"}],"curies":[{"name":"wp","href":"https:\/\/api.w.org\/{rel}","templated":true}]}}