{"id":476078,"date":"2023-09-30T15:04:46","date_gmt":"2023-09-30T19:04:46","guid":{"rendered":"http:\/\/diariodominicano.com\/?p=476078"},"modified":"2023-09-30T15:37:19","modified_gmt":"2023-09-30T19:37:19","slug":"todo-cine-y-el-teatro-dominicanos-a-estrenarse-en-lo-que-resta-de-2023","status":"publish","type":"post","link":"https:\/\/diariodominicano.com\/?p=476078","title":{"rendered":"Todo cine y el teatro dominicanos a estrenarse en lo que resta de 2023"},"content":{"rendered":"\n<p><br>En cine nacional en pantallas se exhiben actualmente cuatro<br>proyectos que merecen atenci\u00f3n y respaldo por la calidad que<br>comportan, no por ser dominicanos<br>Jos\u00e9 Rafael Sosa<br>Se ha tenido un gran a\u00f1o teatral y cinematogr\u00e1fico de facturaci\u00f3n<br>criolla, pero 2023 tiene tres meses h\u00e1biles para seguir exponiendo<br>propuestas en pantallas y escenarios.<br>Una revisi\u00f3n por p\u00e1ginas web, blogs de instituciones art\u00edsticas y<br>auspiciadores, informaciones desde productores, directores, notas de<br>instituciones y algunas informaciones de allegados al quehacer<br>art\u00edstico y cultural, indican que a\u00fan tenemos cine y teatro criollos por<br>ver, por disfrutar (quiz\u00e1s), por valorar, probablemente.<br>En cine nacional en pantallas se exhiben actualmente proyectos que<br>merecen atenci\u00f3n y respaldo por la calidad que comportan, no porque<br>sean de facturaci\u00f3n criolla:<br>Convivencia (Drama, ficci\u00f3n) director Jes\u00fas Vargas de G\u00f3mez),<br>distribuida por Palacio del Cine, con buenas referencias, pero que no<br>hemos visto.<\/p>\n\n\n\n<figure class=\"wp-block-image size-full\"><img loading=\"lazy\" decoding=\"async\" width=\"562\" height=\"325\" src=\"https:\/\/diariodominicano.com\/wp-content\/uploads\/2023\/09\/El-Metodo-David-Maler.png\" alt=\"\" class=\"wp-image-476082\" srcset=\"https:\/\/diariodominicano.com\/wp-content\/uploads\/2023\/09\/El-Metodo-David-Maler.png 562w, https:\/\/diariodominicano.com\/wp-content\/uploads\/2023\/09\/El-Metodo-David-Maler-300x173.png 300w\" sizes=\"auto, (max-width: 562px) 100vw, 562px\" \/><\/figure>\n\n\n\n<figure class=\"wp-block-image size-large\"><img loading=\"lazy\" decoding=\"async\" width=\"691\" height=\"1024\" src=\"https:\/\/diariodominicano.com\/wp-content\/uploads\/2023\/09\/Colao-2-4-691x1024.webp\" alt=\"\" class=\"wp-image-476087\" srcset=\"https:\/\/diariodominicano.com\/wp-content\/uploads\/2023\/09\/Colao-2-4-691x1024.webp 691w, https:\/\/diariodominicano.com\/wp-content\/uploads\/2023\/09\/Colao-2-4-203x300.webp 203w, https:\/\/diariodominicano.com\/wp-content\/uploads\/2023\/09\/Colao-2-4-768x1138.webp 768w, https:\/\/diariodominicano.com\/wp-content\/uploads\/2023\/09\/Colao-2-4-1037x1536.webp 1037w, https:\/\/diariodominicano.com\/wp-content\/uploads\/2023\/09\/Colao-2-4-816x1209.webp 816w, https:\/\/diariodominicano.com\/wp-content\/uploads\/2023\/09\/Colao-2-4.webp 1080w\" sizes=\"auto, (max-width: 691px) 100vw, 691px\" \/><\/figure>\n\n\n\n<p><br>Orgullo de mi Quisqueya (documental) (Jessica Hasbun y<br>compartes). Ya la vimos y hemos externado su criterio<br>El m\u00e9todo (David Maler), distribuye Caribbean Cinemas. Yala hemos<br>visto y comentado<br>Croma Kid (Pablo Chea), distribuye Caribbean Cinemas. Vista y<br>comentada por nosostros y otros cr\u00edticos.<br>De lo nuevo en cine por estrenar en octubre:<br>El mundo que nos rodea, documental ambiental fijado para iniciar<br>sus proyecciones el jueves 5 de octubre, en Fine Arts Novo Centro,<br>que difunde el trailer. Fue una de las piezas documentales del III<br>Festival Fine Arts Hecho en Casa 2023.<\/p>\n\n\n\n<figure class=\"wp-block-image size-full\"><img loading=\"lazy\" decoding=\"async\" width=\"258\" height=\"352\" src=\"https:\/\/diariodominicano.com\/wp-content\/uploads\/2023\/09\/La-hembrita-Laura-Amelia-e-Israel-Cardenas.png\" alt=\"\" class=\"wp-image-476067\" srcset=\"https:\/\/diariodominicano.com\/wp-content\/uploads\/2023\/09\/La-hembrita-Laura-Amelia-e-Israel-Cardenas.png 258w, https:\/\/diariodominicano.com\/wp-content\/uploads\/2023\/09\/La-hembrita-Laura-Amelia-e-Israel-Cardenas-220x300.png 220w\" sizes=\"auto, (max-width: 258px) 100vw, 258px\" \/><\/figure>\n\n\n\n<p><br>La Hembrita (Laura Amelia Guzm\u00e1n). Un estreno esperado para el<br>p\u00fablico, por la consistencia de su directora y la fortaleza t\u00e9cnica y<br>art\u00edstica del equipo, en que se destaca el siempre superado Israel<br>C\u00e1rdenas.<br>En Teatro: Octubre:<\/p>\n\n\n\n<p>Pel\u00edcanos, en Teatro Las M\u00e1scaras, como teatro hu\u00e9sped de acogida.<br>Ya ha iniciado sus funciones. Es producido por Fundaci\u00f3n de Teatro<br>Tr\u00edpode, bajo la direcci\u00f3n de Rosmery Gonz\u00e1lez y asistencia de Daygi<br>Matos.<\/p>\n\n\n\n<figure class=\"wp-block-image size-full\"><img loading=\"lazy\" decoding=\"async\" width=\"908\" height=\"496\" src=\"https:\/\/diariodominicano.com\/wp-content\/uploads\/2023\/09\/Como-si-pasara-un-tren.jpg\" alt=\"\" class=\"wp-image-476085\" srcset=\"https:\/\/diariodominicano.com\/wp-content\/uploads\/2023\/09\/Como-si-pasara-un-tren.jpg 908w, https:\/\/diariodominicano.com\/wp-content\/uploads\/2023\/09\/Como-si-pasara-un-tren-300x164.jpg 300w, https:\/\/diariodominicano.com\/wp-content\/uploads\/2023\/09\/Como-si-pasara-un-tren-768x420.jpg 768w, https:\/\/diariodominicano.com\/wp-content\/uploads\/2023\/09\/Como-si-pasara-un-tren-816x446.jpg 816w\" sizes=\"auto, (max-width: 908px) 100vw, 908px\" \/><\/figure>\n\n\n\n<p><br>Como si pasara un tren, en Teatro Lope de Vega, comenzando<br>desde este fin de semana. Una pieza del perfil inclusivo, montada en<br>Teatro Lope de Vega, plataforma fundada, entre otros objetivos, de dar<br>espacio a producciones de este tipo. Gianny Paulino es el esp\u00edritu y la<br>mano, soporte tras esta perspectiva del arte realizado por artistas<br>especiales.<\/p>\n\n\n\n<figure class=\"wp-block-image size-full\"><img loading=\"lazy\" decoding=\"async\" width=\"427\" height=\"333\" src=\"https:\/\/diariodominicano.com\/wp-content\/uploads\/2023\/09\/Isla-de-Sangre-se-presentara-en-sala-Ravelo-1.png\" alt=\"\" class=\"wp-image-476091\" srcset=\"https:\/\/diariodominicano.com\/wp-content\/uploads\/2023\/09\/Isla-de-Sangre-se-presentara-en-sala-Ravelo-1.png 427w, https:\/\/diariodominicano.com\/wp-content\/uploads\/2023\/09\/Isla-de-Sangre-se-presentara-en-sala-Ravelo-1-300x234.png 300w\" sizes=\"auto, (max-width: 427px) 100vw, 427px\" \/><\/figure>\n\n\n\n<p><br>Isla de sangre, en Sala Ravelo, con Mileny Dippton. Actuando:<br>Frederick Liendo, los m\u00fasicos David Almengod y Jos\u00e9 Ismael Valdez y<br>el vestuario Bautista Sierra. Miguel Ram\u00edrez, en la confecci\u00f3n de<br>m\u00e1scaras y Leonel del Valle, dise\u00f1ador de luces.<br>La peluquer\u00eda del crimen\u201d en Sala Manuel Rueda, Plaza del<br>Conservatorio, (Comedia), en octubre, dirigida por Solanyi G\u00f3mez, con<br>Joyce Roy, productor general.<br>A la garata, Romeo y Julieta\u201d, en Casa de Teatro, en octubre,<br>Tirapiedra Teatro espect\u00e1culo urbano inspirado en la obra de<br>Shakespeare. Direcci\u00f3n Albania Pe\u00f1a y Francisco Vacu, libreto de<br>Is\u00e9n Ravelo y concepto de lbania Pe\u00f1a.<\/p>\n\n\n\n<figure class=\"wp-block-image size-large\"><img loading=\"lazy\" decoding=\"async\" width=\"462\" height=\"1024\" src=\"https:\/\/diariodominicano.com\/wp-content\/uploads\/2023\/09\/Simbolo-de-Recataplum-1-462x1024.jpg\" alt=\"\" class=\"wp-image-476093\" srcset=\"https:\/\/diariodominicano.com\/wp-content\/uploads\/2023\/09\/Simbolo-de-Recataplum-1-462x1024.jpg 462w, https:\/\/diariodominicano.com\/wp-content\/uploads\/2023\/09\/Simbolo-de-Recataplum-1-135x300.jpg 135w, https:\/\/diariodominicano.com\/wp-content\/uploads\/2023\/09\/Simbolo-de-Recataplum-1.jpg 521w\" sizes=\"auto, (max-width: 462px) 100vw, 462px\" \/><\/figure>\n\n\n\n<p><br>Racataplum en Teatro Guloya, producci\u00f3n infantil desde el 13 de<br>octubre, un espect\u00e1culo para toda la familia que ser\u00e1 estreno mundial.<br>Claudio Rivera y Viena Gonz\u00e1lez tienen meses preparando un<br>espect\u00e1culo nuevo que esperan sea su producci\u00f3n l\u00edder de final de<br>2023.<\/p>\n\n\n\n<figure class=\"wp-block-image size-full\"><img loading=\"lazy\" decoding=\"async\" width=\"439\" height=\"511\" src=\"https:\/\/diariodominicano.com\/wp-content\/uploads\/2023\/09\/Anastasia-Theamus-Teatro-Blue-Mal-1.png\" alt=\"\" class=\"wp-image-476089\" srcset=\"https:\/\/diariodominicano.com\/wp-content\/uploads\/2023\/09\/Anastasia-Theamus-Teatro-Blue-Mal-1.png 439w, https:\/\/diariodominicano.com\/wp-content\/uploads\/2023\/09\/Anastasia-Theamus-Teatro-Blue-Mal-1-258x300.png 258w\" sizes=\"auto, (max-width: 439px) 100vw, 439px\" \/><\/figure>\n\n\n\n<p><br>Anastasia, en Theamus de Blue Mall, en octubre. Sinopsis: Gleb es<br>un comisario bolchevique encargado de averiguar si Anya se trata en<br>realidad de la gran duquesa Anastasia\u2026 y si en verdad esto es as\u00ed, la<br>vida de esta joven est\u00e1 en grave peligro\u2026 Esta historia llega desde el<br>21 de octubre al Teatro @theamusrd del piso 5 de @bluemallsd.<br>12 princesas en guerra, en Sala Manuel Rueda de Plaza<br>Iberoamericana, con la produccion de un gestor teatral que se va<br>siempre por lo cualificado y por lo grande: Juancito Rodr\u00edguez y<br>direcci\u00f3n de Johnni\u00e9 Mercedes, noviembre. Las nobles damas,<br>princesas de toda realeza, se re\u00fanen en el Castillo de Ceni, en donde<br>se habr\u00e1 de compartir secreto que la acongoja. Es un montaje de<br>reposici\u00f3n sobre funciones de 2013.<br>Reposiciones de teatro:<br>Son versiones, no confirmadas, pero con mucha fuerza. Reponer<br>obras es caro, por lo que es posible que dependa de que aparezcan<br>los auspiciadores. Pero veremos. Es probable que, por presi\u00f3n del<br>p\u00fablico, tengamos en escena:<br>Terror (Ram\u00f3n Santana) que volver\u00eda a Sala Ravelo.<\/p>\n\n\n\n<p>La Cenicienta (Carlos Espinal). Deber\u00eda ser a Sala Carlos Piantini.<br>Mariposas de acero (Waddy J\u00e1quez), este \u00faltimo proyecto merece<br>ser disfrutado de nuevo, visto por la mayor cantidad de personas,<br>dado que se produjo una situaci\u00f3n en la que los artistas parec\u00edan tener<br>culpa y no era as\u00ed.<br>Gran evento teatral:<br>Festival Internacional de Teatro, a finales de octubre, auspiciado por<br>Ministerio de Cultura.<br>Cine RD proyectado 2023:<br>Ficci\u00f3n:<br>Teacher Mechy (Frank Perozo) Comedia.<br>La Balada de los cuervos (Tony Bacigalupe P\u00e9rez). Drama social<br>Cuarencena (David Maler) Comedia<br>Sola a los 40 (\u00c1ngel Mu\u00f1iz, TV) Drama\/Comedia.<br>Un novio para mam\u00e1 (Roberto \u00c1ngel) Comedia.<br>Danny 45 (Gilbert de la Rosa) (Thiller carcelario), a cargo de un<br>equipo de un equipo que present\u00f3 excelentes cartas credenciales,<br>exponiendo, con verosimilitud, buenas actuaciones y un gui\u00f3n<br>coherente, la realidad carcelaria<br>El Plan (Robert Cornelio) Drama con el cual el director genera una<br>metodolog\u00eda de producci\u00f3n local en La Vega. Cornelio como director,<br>que logra clarificar los esquemas y valores de su produccion,<br>Rango de Honor (Carlos Salcedo). Gui\u00f3n dede Eudy Cordero y<br>basada en el libro novela de Jos\u00e9 Monegro.<br>Malos Padres (Jos\u00e9 Ram\u00f3n Alam\u00e1. Bou Group). Comedia.<br>Justo a tiempo (Arturo Mojica) Drama de fe.<br>Documentales<br>Caama\u00f1o, de militar a Guerrillero (Ren\u00e9 Fortunato Video Cine<br>Palau) Hist\u00f3rico.<br>No me conoces (Naslha Bogaert) \u00c9tnico\/cultural. Documental<br>Ramona. Victoria Linares Villegas (documental)<br>Renacer (Tito Rodr\u00edguez) documental sobre victoria ante la<br>discapacidad\/<\/p>\n\n\n\n<p>Jose Rafael Paula Sosa<a target=\"_blank\" href=\"mailto:joserafael.sosa@gmail.com\" rel=\"noreferrer noopener\">joserafael.sosa@gmail.com<\/a><\/p>\n","protected":false},"excerpt":{"rendered":"<p>En cine nacional en pantallas se exhiben actualmente cuatroproyectos que merecen atenci\u00f3n y respaldo por la calidad quecomportan, no por ser dominicanosJos\u00e9 Rafael SosaSe ha tenido un gran a\u00f1o teatral y cinematogr\u00e1fico de facturaci\u00f3ncriolla, pero 2023 tiene tres meses h\u00e1biles para seguir exponiendopropuestas en pantallas y escenarios.Una revisi\u00f3n por p\u00e1ginas web, blogs de instituciones art\u00edsticas [&hellip;]<\/p>\n","protected":false},"author":28,"featured_media":476080,"comment_status":"closed","ping_status":"","sticky":true,"template":"","format":"standard","meta":{"footnotes":""},"categories":[21,36,27,32],"tags":[],"class_list":["post-476078","post","type-post","status-publish","format-standard","has-post-thumbnail","hentry","category-cultura","category-hombresmujeresycosas","category-portada","category-turismo"],"_links":{"self":[{"href":"https:\/\/diariodominicano.com\/index.php?rest_route=\/wp\/v2\/posts\/476078","targetHints":{"allow":["GET"]}}],"collection":[{"href":"https:\/\/diariodominicano.com\/index.php?rest_route=\/wp\/v2\/posts"}],"about":[{"href":"https:\/\/diariodominicano.com\/index.php?rest_route=\/wp\/v2\/types\/post"}],"author":[{"embeddable":true,"href":"https:\/\/diariodominicano.com\/index.php?rest_route=\/wp\/v2\/users\/28"}],"replies":[{"embeddable":true,"href":"https:\/\/diariodominicano.com\/index.php?rest_route=%2Fwp%2Fv2%2Fcomments&post=476078"}],"version-history":[{"count":9,"href":"https:\/\/diariodominicano.com\/index.php?rest_route=\/wp\/v2\/posts\/476078\/revisions"}],"predecessor-version":[{"id":476095,"href":"https:\/\/diariodominicano.com\/index.php?rest_route=\/wp\/v2\/posts\/476078\/revisions\/476095"}],"wp:featuredmedia":[{"embeddable":true,"href":"https:\/\/diariodominicano.com\/index.php?rest_route=\/wp\/v2\/media\/476080"}],"wp:attachment":[{"href":"https:\/\/diariodominicano.com\/index.php?rest_route=%2Fwp%2Fv2%2Fmedia&parent=476078"}],"wp:term":[{"taxonomy":"category","embeddable":true,"href":"https:\/\/diariodominicano.com\/index.php?rest_route=%2Fwp%2Fv2%2Fcategories&post=476078"},{"taxonomy":"post_tag","embeddable":true,"href":"https:\/\/diariodominicano.com\/index.php?rest_route=%2Fwp%2Fv2%2Ftags&post=476078"}],"curies":[{"name":"wp","href":"https:\/\/api.w.org\/{rel}","templated":true}]}}