{"id":476066,"date":"2023-09-30T14:52:54","date_gmt":"2023-09-30T18:52:54","guid":{"rendered":"http:\/\/diariodominicano.com\/?p=476066"},"modified":"2023-09-30T15:57:55","modified_gmt":"2023-09-30T19:57:55","slug":"este-es-el-cine-y-el-teatro-dominicanos-por-llegar-en-2023","status":"publish","type":"post","link":"https:\/\/diariodominicano.com\/?p=476066","title":{"rendered":"Multitudinaria manifestaci\u00f3n en Suiza. A las calles para defender el clima"},"content":{"rendered":"\n<p>La multitudinaria manifestaci\u00f3n por el clima en Berna el s\u00e1bado 30 de septiembre Foto Sergio Ferrari<\/p>\n\n\n\n<p><strong><em><br><\/em><\/strong><\/p>\n\n\n\n<p><strong><em>M\u00e1s de 60 mil personas desbordan la capital helv\u00e9tica<\/em><\/strong><\/p>\n\n\n\n<figure class=\"wp-block-image size-large\"><img loading=\"lazy\" decoding=\"async\" width=\"768\" height=\"1024\" src=\"https:\/\/diariodominicano.com\/wp-content\/uploads\/2023\/09\/La-tierra-sufre-los-Akpes-transpiran-el-calentamiento-global-destroza-el-planeta-Foto-Segio-Ferrari-768x1024.jpg\" alt=\"\" class=\"wp-image-476099\" srcset=\"https:\/\/diariodominicano.com\/wp-content\/uploads\/2023\/09\/La-tierra-sufre-los-Akpes-transpiran-el-calentamiento-global-destroza-el-planeta-Foto-Segio-Ferrari-768x1024.jpg 768w, https:\/\/diariodominicano.com\/wp-content\/uploads\/2023\/09\/La-tierra-sufre-los-Akpes-transpiran-el-calentamiento-global-destroza-el-planeta-Foto-Segio-Ferrari-225x300.jpg 225w, https:\/\/diariodominicano.com\/wp-content\/uploads\/2023\/09\/La-tierra-sufre-los-Akpes-transpiran-el-calentamiento-global-destroza-el-planeta-Foto-Segio-Ferrari-1152x1536.jpg 1152w, https:\/\/diariodominicano.com\/wp-content\/uploads\/2023\/09\/La-tierra-sufre-los-Akpes-transpiran-el-calentamiento-global-destroza-el-planeta-Foto-Segio-Ferrari-816x1088.jpg 816w, https:\/\/diariodominicano.com\/wp-content\/uploads\/2023\/09\/La-tierra-sufre-los-Akpes-transpiran-el-calentamiento-global-destroza-el-planeta-Foto-Segio-Ferrari.jpg 1200w\" sizes=\"auto, (max-width: 768px) 100vw, 768px\" \/><figcaption>La tierra sufre, los Akpes transpiran, el calentamiento global destroza el planeta Foto Segio Ferrari<\/figcaption><\/figure>\n\n\n\n<p><strong>Sergio Ferrari, desde Berna, Suiza<br><br>El s\u00e1bado 30 de septiembre fue la hora de la defensa del clima. Solo dos semanas despu\u00e9s de une masiva movilizaci\u00f3n sindical que el 16 de septiembre exigi\u00f3 aumento de salarios y pensiones dignas. La sociedad helv\u00e9tica est\u00e1 enojada, protesta y reclama justicia social y clim\u00e1tica.&nbsp;<\/strong><\/p>\n\n\n\n<p>M\u00e1s de 60.000 manifestantes desbordaron las calles de la capital suiza para exigir a las autoridades la implementaci\u00f3n r\u00e1pida de medidas a favor de una real justicia clim\u00e1tica. La Alianza Clim\u00e1tica Suiza, principal organizadora de la manifestaci\u00f3n confirm\u00f3 esa cifra, la que super\u00f3 las expectativas previas m\u00e1s optimistas.<\/p>\n\n\n\n<p>La Alianza re\u00fane a m\u00e1s de un centenar de organizaciones de perfiles e identidades muy diversos pero que encuentran en la lucha contra el calentamiento global y la exigencia de la justicia clim\u00e1tica el punto de consenso y de acci\u00f3n com\u00fan.<\/p>\n\n\n\n<p><strong>Una sociedad que hace propio el \u201cdrama clim\u00e1tico\u201d<\/strong><\/p>\n\n\n\n<p>Los Alpes transpiran y se desvanecen. El estudio de una comisi\u00f3n de la Academia Suiza e Ciencias Naturales que acaba de publicarse el jueves pasado activ\u00f3 a\u00fan m\u00e1s las alarmas medi\u00e1ticas. Dicho estudio devela que en los dos \u00faltimos a\u00f1os los glaciares suizos han perdido el 10% de su volumen, p\u00e9rdida semejante a la que sufrieron en 30 a\u00f1os, entre 1960 y 1990.<\/p>\n\n\n\n<figure class=\"wp-block-image size-large\"><img loading=\"lazy\" decoding=\"async\" width=\"1024\" height=\"768\" src=\"https:\/\/diariodominicano.com\/wp-content\/uploads\/2023\/09\/Los-Alpes-transpiran_-Los-glaciares-suizos-perdieron-estos-dos-ultimos-anos-el-10-de-su-volumen_-Igual-cifra-que-en-30-anos-entre-1960-y-1990-Foto-Sergio-Ferrari-1024x768.jpg\" alt=\"\" class=\"wp-image-476102\" srcset=\"https:\/\/diariodominicano.com\/wp-content\/uploads\/2023\/09\/Los-Alpes-transpiran_-Los-glaciares-suizos-perdieron-estos-dos-ultimos-anos-el-10-de-su-volumen_-Igual-cifra-que-en-30-anos-entre-1960-y-1990-Foto-Sergio-Ferrari-1024x768.jpg 1024w, https:\/\/diariodominicano.com\/wp-content\/uploads\/2023\/09\/Los-Alpes-transpiran_-Los-glaciares-suizos-perdieron-estos-dos-ultimos-anos-el-10-de-su-volumen_-Igual-cifra-que-en-30-anos-entre-1960-y-1990-Foto-Sergio-Ferrari-300x225.jpg 300w, https:\/\/diariodominicano.com\/wp-content\/uploads\/2023\/09\/Los-Alpes-transpiran_-Los-glaciares-suizos-perdieron-estos-dos-ultimos-anos-el-10-de-su-volumen_-Igual-cifra-que-en-30-anos-entre-1960-y-1990-Foto-Sergio-Ferrari-768x576.jpg 768w, https:\/\/diariodominicano.com\/wp-content\/uploads\/2023\/09\/Los-Alpes-transpiran_-Los-glaciares-suizos-perdieron-estos-dos-ultimos-anos-el-10-de-su-volumen_-Igual-cifra-que-en-30-anos-entre-1960-y-1990-Foto-Sergio-Ferrari-1536x1152.jpg 1536w, https:\/\/diariodominicano.com\/wp-content\/uploads\/2023\/09\/Los-Alpes-transpiran_-Los-glaciares-suizos-perdieron-estos-dos-ultimos-anos-el-10-de-su-volumen_-Igual-cifra-que-en-30-anos-entre-1960-y-1990-Foto-Sergio-Ferrari-816x612.jpg 816w, https:\/\/diariodominicano.com\/wp-content\/uploads\/2023\/09\/Los-Alpes-transpiran_-Los-glaciares-suizos-perdieron-estos-dos-ultimos-anos-el-10-de-su-volumen_-Igual-cifra-que-en-30-anos-entre-1960-y-1990-Foto-Sergio-Ferrari.jpg 1600w\" sizes=\"auto, (max-width: 1024px) 100vw, 1024px\" \/><figcaption>Los Alpes transpiran_ Los glaciares suizos perdieron estos dos \u00faltimos a\u00f1os el 10 % de su volumen_ Igual cifra que en 30 a\u00f1os, entre 1960 y 1990 Foto Sergio Ferrari<\/figcaption><\/figure>\n\n\n\n<p>La manifestaci\u00f3n de este s\u00e1bado, una de las m\u00e1s numerosas de los \u00faltimos a\u00f1os, se realiz\u00f3 en clave de diversidad. Predominaron las y los j\u00f3venes, aunque no faltaron adultos, anciana-os y ni\u00f1a-os. Fue significativa (y tal vez mayoritaria) la presencia femenina, sin embargo, no faltaron los hombres de distintas generaciones. Tambi\u00e9n estuvo activamente presente el movimiento LGBTQ+.<\/p>\n\n\n\n<p>En el kil\u00f3metro y medio del recorrido por las calles capitalinas, se dieron cita miembros y militantes de organizaciones ambientales, religiosas, de solidaridad con el Sur, sindicatos, fuerzas pol\u00edticas progresistas, organizaciones pol\u00edticas extraparlamentarias, as\u00ed como de ONG (Organizaciones No Gubernamentales) que trabajan a favor del medio ambiente, de derechos humanos y de la cooperaci\u00f3n al desarrollo. Fue notoria, tambi\u00e9n, la participaci\u00f3n de sectores de la ciudadan\u00eda no necesariamente enrolados en organizaciones espec\u00edficas.<\/p>\n\n\n\n<p><br><br>En un comunicado de prensa la Alianza Clim\u00e1tica Suiza expresa su satisfacci\u00f3n y subraya que \u201cla rabia por la falta de acci\u00f3n en pol\u00edtica clim\u00e1tica y las consecuencias devastadoras y mortales de la crisis clim\u00e1tica \u2026ha movilizado a grupos de todas las edades y de todos los \u00e1mbitos sociales. Desde comunidades religiosas hasta activistas clim\u00e1ticos del Sur, todos se unieron para exigir que se ponga fin a la destrucci\u00f3n del medio ambiente &#8212; fruto de un modelo econ\u00f3mico explotador&#8211;, y que se respeten por fin los objetivos clim\u00e1ticos de Par\u00eds\u201d.<\/p>\n\n\n\n<figure class=\"wp-block-image size-large\"><img loading=\"lazy\" decoding=\"async\" width=\"1024\" height=\"768\" src=\"https:\/\/diariodominicano.com\/wp-content\/uploads\/2023\/09\/Planeta-por-encima-de-las-ganancias-econonimcas-Foto-Sergio-Ferrari-1024x768.jpg\" alt=\"\" class=\"wp-image-476104\" srcset=\"https:\/\/diariodominicano.com\/wp-content\/uploads\/2023\/09\/Planeta-por-encima-de-las-ganancias-econonimcas-Foto-Sergio-Ferrari-1024x768.jpg 1024w, https:\/\/diariodominicano.com\/wp-content\/uploads\/2023\/09\/Planeta-por-encima-de-las-ganancias-econonimcas-Foto-Sergio-Ferrari-300x225.jpg 300w, https:\/\/diariodominicano.com\/wp-content\/uploads\/2023\/09\/Planeta-por-encima-de-las-ganancias-econonimcas-Foto-Sergio-Ferrari-768x576.jpg 768w, https:\/\/diariodominicano.com\/wp-content\/uploads\/2023\/09\/Planeta-por-encima-de-las-ganancias-econonimcas-Foto-Sergio-Ferrari-1536x1152.jpg 1536w, https:\/\/diariodominicano.com\/wp-content\/uploads\/2023\/09\/Planeta-por-encima-de-las-ganancias-econonimcas-Foto-Sergio-Ferrari-816x612.jpg 816w, https:\/\/diariodominicano.com\/wp-content\/uploads\/2023\/09\/Planeta-por-encima-de-las-ganancias-econonimcas-Foto-Sergio-Ferrari.jpg 1600w\" sizes=\"auto, (max-width: 1024px) 100vw, 1024px\" \/><figcaption>Planeta por encima de las ganancias econ\u00f3micas Foto Sergio Ferrari<\/figcaption><\/figure>\n\n\n\n<p><strong>Denuncia a la clase pol\u00edtica<\/strong><\/p>\n\n\n\n<p>La Alianza subraya tambi\u00e9n el \u201cfracaso total esta semana\u201d del Consejo de Estados (C\u00e1mara de Senadores) en cuanto a la revisi\u00f3n de la Ley del CO2. Seg\u00fan los senadores, menos de la mitad de las reducciones de las emisiones pendientes de gases de efecto invernadero tendr\u00e1n que realizarse en Suiza. La mayor parte se lograr\u00e1 comprando \u00abcertificados\u00bb (o derechos a contaminar) en el extranjero, aplicando el sistema de compensaciones ya ampliamente criticado y deslegitimado por expertos ambientales, cient\u00edficos y representantes de ONG internacionales. De cara a las pr\u00f3ximas elecciones legislativas que se realizar\u00e1n el pr\u00f3ximo 22 de octubre la Alianza insiste en que es necesario \u201cun Parlamento que se tome en serio la crisis clim\u00e1tica\u201d.<\/p>\n\n\n\n<figure class=\"wp-block-image size-large\"><img loading=\"lazy\" decoding=\"async\" width=\"1024\" height=\"768\" src=\"https:\/\/diariodominicano.com\/wp-content\/uploads\/2023\/09\/Unidad-en-la-diversidad-a-favor-del-clima-Foto-Sergio-Ferrari-1024x768.jpg\" alt=\"\" class=\"wp-image-476107\" srcset=\"https:\/\/diariodominicano.com\/wp-content\/uploads\/2023\/09\/Unidad-en-la-diversidad-a-favor-del-clima-Foto-Sergio-Ferrari-1024x768.jpg 1024w, https:\/\/diariodominicano.com\/wp-content\/uploads\/2023\/09\/Unidad-en-la-diversidad-a-favor-del-clima-Foto-Sergio-Ferrari-300x225.jpg 300w, https:\/\/diariodominicano.com\/wp-content\/uploads\/2023\/09\/Unidad-en-la-diversidad-a-favor-del-clima-Foto-Sergio-Ferrari-768x576.jpg 768w, https:\/\/diariodominicano.com\/wp-content\/uploads\/2023\/09\/Unidad-en-la-diversidad-a-favor-del-clima-Foto-Sergio-Ferrari-1536x1152.jpg 1536w, https:\/\/diariodominicano.com\/wp-content\/uploads\/2023\/09\/Unidad-en-la-diversidad-a-favor-del-clima-Foto-Sergio-Ferrari-816x612.jpg 816w, https:\/\/diariodominicano.com\/wp-content\/uploads\/2023\/09\/Unidad-en-la-diversidad-a-favor-del-clima-Foto-Sergio-Ferrari.jpg 1600w\" sizes=\"auto, (max-width: 1024px) 100vw, 1024px\" \/><figcaption>Unidad en la diversidad a favor del clima Foto Sergio Ferrari<\/figcaption><\/figure>\n\n\n\n<p>La multitudinaria manifestaci\u00f3n concluy\u00f3 en la Plaza Federal capitalina, que se encuentra frente mismo de la sede del Parlamento. Oradores de diversos sectores convocantes describieron la situaci\u00f3n clim\u00e1tica dram\u00e1tica, la corresponsabilidad de Suiza en el calentamiento global y la inercia de sus autoridades.<\/p>\n\n\n\n<p>Tres militantes de la Huelga del Clima explicaron al un\u00edsono que \u00aba menudo se nos dice que las aspiraciones que tenemos de cambiar este sistema son completamente irrealistas y que el cambio es imposible\u201d. Sin embargo, acotan, la humanidad nunca ha tenido que enfrentarse a un reto de la envergadura del cambio clim\u00e1tico. \u201cTodas las respuestas y reacciones humanas son posibles ante un problema que es literalmente existencial\u201d para los pueblos. \u201cTodav\u00eda hay esperanza\u00bb, concluyeron.<\/p>\n\n\n\n<p>Sergio Ferrari<a target=\"_blank\" href=\"mailto:sergioechanger@yahoo.fr\" rel=\"noreferrer noopener\">sergioechanger@yahoo.fr<\/a><\/p>\n","protected":false},"excerpt":{"rendered":"<p>La multitudinaria manifestaci\u00f3n por el clima en Berna el s\u00e1bado 30 de septiembre Foto Sergio Ferrari M\u00e1s de 60 mil personas desbordan la capital helv\u00e9tica Sergio Ferrari, desde Berna, Suiza El s\u00e1bado 30 de septiembre fue la hora de la defensa del clima. Solo dos semanas despu\u00e9s de une masiva movilizaci\u00f3n sindical que el 16 [&hellip;]<\/p>\n","protected":false},"author":28,"featured_media":476097,"comment_status":"closed","ping_status":"","sticky":true,"template":"","format":"standard","meta":{"footnotes":""},"categories":[36,23,27,32],"tags":[],"class_list":["post-476066","post","type-post","status-publish","format-standard","has-post-thumbnail","hentry","category-hombresmujeresycosas","category-internacional","category-portada","category-turismo"],"_links":{"self":[{"href":"https:\/\/diariodominicano.com\/index.php?rest_route=\/wp\/v2\/posts\/476066","targetHints":{"allow":["GET"]}}],"collection":[{"href":"https:\/\/diariodominicano.com\/index.php?rest_route=\/wp\/v2\/posts"}],"about":[{"href":"https:\/\/diariodominicano.com\/index.php?rest_route=\/wp\/v2\/types\/post"}],"author":[{"embeddable":true,"href":"https:\/\/diariodominicano.com\/index.php?rest_route=\/wp\/v2\/users\/28"}],"replies":[{"embeddable":true,"href":"https:\/\/diariodominicano.com\/index.php?rest_route=%2Fwp%2Fv2%2Fcomments&post=476066"}],"version-history":[{"count":14,"href":"https:\/\/diariodominicano.com\/index.php?rest_route=\/wp\/v2\/posts\/476066\/revisions"}],"predecessor-version":[{"id":476109,"href":"https:\/\/diariodominicano.com\/index.php?rest_route=\/wp\/v2\/posts\/476066\/revisions\/476109"}],"wp:featuredmedia":[{"embeddable":true,"href":"https:\/\/diariodominicano.com\/index.php?rest_route=\/wp\/v2\/media\/476097"}],"wp:attachment":[{"href":"https:\/\/diariodominicano.com\/index.php?rest_route=%2Fwp%2Fv2%2Fmedia&parent=476066"}],"wp:term":[{"taxonomy":"category","embeddable":true,"href":"https:\/\/diariodominicano.com\/index.php?rest_route=%2Fwp%2Fv2%2Fcategories&post=476066"},{"taxonomy":"post_tag","embeddable":true,"href":"https:\/\/diariodominicano.com\/index.php?rest_route=%2Fwp%2Fv2%2Ftags&post=476066"}],"curies":[{"name":"wp","href":"https:\/\/api.w.org\/{rel}","templated":true}]}}