{"id":476060,"date":"2023-09-30T04:04:08","date_gmt":"2023-09-30T08:04:08","guid":{"rendered":"http:\/\/diariodominicano.com\/?p=476060"},"modified":"2023-09-30T04:04:08","modified_gmt":"2023-09-30T08:04:08","slug":"se-puso-en-marcha-el-10mo-torneo-de-voleibol-escolar-de-puerto-plata","status":"publish","type":"post","link":"https:\/\/diariodominicano.com\/?p=476060","title":{"rendered":"Se puso en marcha el 10mo Torneo de Voleibol Escolar de Puerto Plata"},"content":{"rendered":"\n<p>PUERTO PLATA.- La Asociaci\u00f3n de Voleibol de esta provincia y el Ministerio de Deportes (MIDEREC) dejaron inaugurado este viernes por la tarde en el Pabell\u00f3n de la disciplina del Polideportivo General Gregorio Luper\u00f3n, el d\u00e9cimo Torneo de Voleibol Escolar en las ramas femenina y masculina.<\/p>\n\n\n\n<p>El evento, que re\u00fane un total de 264 atletas, divididos en 22 equipos de 13 centros educativos, est\u00e1 dedicado al destacado comunicador, Claudio Martinez Turbi, Director de Comunicaciones del Ministerio Administrativo de la Presidencia, quien expres\u00f3 palabras de aliento a todos los atletas.<\/p>\n\n\n\n<p>El acto cont\u00f3 con la presencia de la ex-reina del caribe, Cosiris Rodriguez y la puertoplate\u00f1a ex-miembro de la selecci\u00f3n nacional, Ingrid Mata, quienes fueron reconocidas por la Asociaci\u00f3n por sus trayectorias como leyendas del voleibol.<\/p>\n\n\n\n<p>Tambi\u00e9n estuvo presente el Director Provincial de Deportes, Vinicio Clase, el cual tuvo palabras de exhortaci\u00f3n para los equipos. Lo acompa\u00f1aron en la mesa de honor, Victor Ortega Espaillat, Director Provincial de Industria y Comercio; el presidente de la Asociaci\u00f3n de Cronistas Deportivos de Puerto Plata, Elvis Gutierrez; Amaury Ventura, dirigente de la juventud del PRM; Pedro Almonte Acevedo, presidente de la Asociaci\u00f3n de Voleibol y Victor Almonte Acevedo, Sec, Organizacion de la instituci\u00f3n.<\/p>\n\n\n\n<p>En el primer partido el liceo Antera Mota le gan\u00f3 2 sets por 1 al liceo Jos\u00e9 Dubeau. A segunda hora el Colegio San Jos\u00e9 dispuso 2 sets por cero al Colegio San Felipe.<\/p>\n\n\n\n<p>Los partidos ser\u00e1n celebrados mi\u00e9rcoles, jueves y s\u00e1bado a partir de las 5:00 pm en el Pabell\u00f3n de Voleibol del polideportivo.<\/p>\n\n\n\n<p>Prensa Asociaci\u00f3n de Voleibol<\/p>\n","protected":false},"excerpt":{"rendered":"<p>PUERTO PLATA.- La Asociaci\u00f3n de Voleibol de esta provincia y el Ministerio de Deportes (MIDEREC) dejaron inaugurado este viernes por la tarde en el Pabell\u00f3n de la disciplina del Polideportivo General Gregorio Luper\u00f3n, el d\u00e9cimo Torneo de Voleibol Escolar en las ramas femenina y masculina. El evento, que re\u00fane un total de 264 atletas, divididos [&hellip;]<\/p>\n","protected":false},"author":28,"featured_media":0,"comment_status":"closed","ping_status":"","sticky":false,"template":"","format":"standard","meta":{"footnotes":""},"categories":[36,17,32],"tags":[],"class_list":["post-476060","post","type-post","status-publish","format-standard","hentry","category-hombresmujeresycosas","category-deportes","category-turismo"],"_links":{"self":[{"href":"https:\/\/diariodominicano.com\/index.php?rest_route=\/wp\/v2\/posts\/476060","targetHints":{"allow":["GET"]}}],"collection":[{"href":"https:\/\/diariodominicano.com\/index.php?rest_route=\/wp\/v2\/posts"}],"about":[{"href":"https:\/\/diariodominicano.com\/index.php?rest_route=\/wp\/v2\/types\/post"}],"author":[{"embeddable":true,"href":"https:\/\/diariodominicano.com\/index.php?rest_route=\/wp\/v2\/users\/28"}],"replies":[{"embeddable":true,"href":"https:\/\/diariodominicano.com\/index.php?rest_route=%2Fwp%2Fv2%2Fcomments&post=476060"}],"version-history":[{"count":1,"href":"https:\/\/diariodominicano.com\/index.php?rest_route=\/wp\/v2\/posts\/476060\/revisions"}],"predecessor-version":[{"id":476061,"href":"https:\/\/diariodominicano.com\/index.php?rest_route=\/wp\/v2\/posts\/476060\/revisions\/476061"}],"wp:attachment":[{"href":"https:\/\/diariodominicano.com\/index.php?rest_route=%2Fwp%2Fv2%2Fmedia&parent=476060"}],"wp:term":[{"taxonomy":"category","embeddable":true,"href":"https:\/\/diariodominicano.com\/index.php?rest_route=%2Fwp%2Fv2%2Fcategories&post=476060"},{"taxonomy":"post_tag","embeddable":true,"href":"https:\/\/diariodominicano.com\/index.php?rest_route=%2Fwp%2Fv2%2Ftags&post=476060"}],"curies":[{"name":"wp","href":"https:\/\/api.w.org\/{rel}","templated":true}]}}