{"id":475988,"date":"2023-09-30T02:42:12","date_gmt":"2023-09-30T06:42:12","guid":{"rendered":"http:\/\/diariodominicano.com\/?p=475988"},"modified":"2023-09-30T02:53:34","modified_gmt":"2023-09-30T06:53:34","slug":"un-abrazo-historico-en-las-guerras-carlistas","status":"publish","type":"post","link":"https:\/\/diariodominicano.com\/?p=475988","title":{"rendered":"UN ABRAZO HIST\u00d3RICO, EN LAS GUERRAS CARLISTAS"},"content":{"rendered":"\n<p> Voltaire (Francois Marie Arquet)<\/p>\n\n\n\n<p>POR TE\u00d3FILO LAPPOT ROBLES<\/p>\n\n\n\n<p>Las guerras entre naciones o grupos de un mismo pa\u00eds siempre han tenido diferentes motivos. Largo y cans\u00f3n ser\u00eda mencionar aqu\u00ed sus causales.<\/p>\n\n\n\n<p>Cada sector en contienda se cree poseedor de la raz\u00f3n. Por eso se ha convertido en un signo distintivo, con car\u00e1cter de axioma, que la primera v\u00edctima de cualquier conflicto es la verdad.<\/p>\n\n\n\n<p>El autor de C\u00e1ndido, el formidable cuento filos\u00f3fico que regal\u00f3 a la humanidad Voltaire (que tambi\u00e9n era un gran s\u00e1tiro a nivel mordaz acerca de muchas cosas que ocurren entre los seres humanos), ironiz\u00f3 en un ensayo referente al origen de toda guerra, centr\u00e1ndose en las que se produjeron en el siglo XVIII, pero con validez para cualquier \u00e9poca.<\/p>\n\n\n\n<p>En la curva final del texto aludido dice el historiador, abogado, escritor y gran fil\u00f3sofo franc\u00e9s que las multitudes se encarnizan unas contra otras sin tener inter\u00e9s alguno en la guerra y sin saber el por qu\u00e9 de la lucha.<\/p>\n\n\n\n<p>Remata el tema as\u00ed: \u201cLo maravilloso de esta empresa infernal es que cada jefe de los asesinos hace bendecir sus banderas e invoca a Dios solemnemente antes de ir a exterminar a su pr\u00f3jimo\u2026\u201d<\/p>\n\n\n\n<p>Esas reflexiones de Francois Marie Arquet, el nombre real de Voltaire, pueden aplicarse, al menos en algunos aspectos, al analizar las sangrientas guerras carlistas que se libraron en Espa\u00f1a en el siglo XIX.<\/p>\n\n\n\n<p>Unos consideran que el motivo de las guerras carlistas era asegurar el trono de la otrora poderosa potencia ib\u00e9rica. Otros se lo atribuyen a visiones pol\u00edticas diferentes entre sectores que pujaban por la supremac\u00eda de las principales actividades p\u00fablicas del pueblo espa\u00f1ol.<\/p>\n\n\n\n<p>Como se puede deducir de dichas opiniones las fronteras interpretativas en cada caso eran m\u00e1s finas que el hilo de agua que queda en el belfo de un cuadr\u00fapedo cuando bebe dicho l\u00edquido de paso por un r\u00edo.<\/p>\n\n\n\n<p>Esos sangrientos enfrentamientos fueron agrupados en tres guerras. En su ensayo titulado Las guerras carlistas los investigadores Alicia Morales Mart\u00ednez y \u00c1lvaro Mu\u00f1oz Sanz relatan, para la mejor comprensi\u00f3n de esa etapa violenta de Espa\u00f1a, lo siguiente:<\/p>\n\n\n\n<p>\u201cDurante el reinado de Isabel II se produce la implantaci\u00f3n del liberalismo en Espa\u00f1a, el cambio de la monarqu\u00eda absoluta a la monarqu\u00eda constitucional y del Antiguo R\u00e9gimen al capitalismo. Es un per\u00edodo complejo, que se inicia con una guerra civil y marcado por frecuentes pronunciamientos militares.\u201d<\/p>\n\n\n\n<p>Las partes enfrentadas (con sus respectivos apoyos dentro y fuera de Espa\u00f1a) eran los conservadores, a quienes tambi\u00e9n se les conoc\u00eda como los facciosos, realistas, carlistas, absolutistas, tradicionalistas y cat\u00f3licos mon\u00e1rquicos, cuyo lema era \u201cDios, Patria y el Rey\u201d; &nbsp;y los liberales, tambi\u00e9n llamados isabelinos, cristinos, amade\u00edstas y republicanos.<\/p>\n\n\n\n<p>Los conservadores ten\u00edan el apoyo militar de los imperios ruso, prusiano y austr\u00edaco, as\u00ed como la inclinaci\u00f3n a su favor del alto clero espa\u00f1ol, dentro y fuera del p\u00falpito.<\/p>\n\n\n\n<figure class=\"wp-block-image size-large\"><img loading=\"lazy\" decoding=\"async\" width=\"788\" height=\"1024\" src=\"https:\/\/diariodominicano.com\/wp-content\/uploads\/2023\/09\/Carlos_Maria_Isidro_de_Borbon_por_Vicente_Lopez-788x1024.jpg\" alt=\"\" class=\"wp-image-475991\" srcset=\"https:\/\/diariodominicano.com\/wp-content\/uploads\/2023\/09\/Carlos_Maria_Isidro_de_Borbon_por_Vicente_Lopez-788x1024.jpg 788w, https:\/\/diariodominicano.com\/wp-content\/uploads\/2023\/09\/Carlos_Maria_Isidro_de_Borbon_por_Vicente_Lopez-231x300.jpg 231w, https:\/\/diariodominicano.com\/wp-content\/uploads\/2023\/09\/Carlos_Maria_Isidro_de_Borbon_por_Vicente_Lopez-768x998.jpg 768w, https:\/\/diariodominicano.com\/wp-content\/uploads\/2023\/09\/Carlos_Maria_Isidro_de_Borbon_por_Vicente_Lopez-1182x1536.jpg 1182w, https:\/\/diariodominicano.com\/wp-content\/uploads\/2023\/09\/Carlos_Maria_Isidro_de_Borbon_por_Vicente_Lopez-816x1060.jpg 816w, https:\/\/diariodominicano.com\/wp-content\/uploads\/2023\/09\/Carlos_Maria_Isidro_de_Borbon_por_Vicente_Lopez.jpg 1200w\" sizes=\"auto, (max-width: 788px) 100vw, 788px\" \/><figcaption> Carlos Mar\u00eda Isidro de Borb\u00f3n <\/figcaption><\/figure>\n\n\n\n<p>Eran partidarios &nbsp;del infante Carlos Mar\u00eda Isidro de Borb\u00f3n, un personaje que naci\u00f3 rodeado del boato imperial en el palacio de Aranjuez. Era hermano de Fernando VII.<\/p>\n\n\n\n<p>Los liberales apoyaban a la reina Isabel II, tambi\u00e9n conocida como \u201cla de los tristes destinos\u201d.&nbsp; Fueron reforzados en su lucha por el Reino Unido, Portugal y Francia, potencias b\u00e9licas y econ\u00f3micas que metieron baza en esos combates internos de los espa\u00f1oles.<\/p>\n\n\n\n<p>Casi todos los que han analizado esa etapa de la historia espa\u00f1ola coinciden en que la primera guerra carlista (1833-1839) comenz\u00f3 con la muerte del rey Fernando VII, que era el pap\u00e1 de Isabel II.<\/p>\n\n\n\n<p>Dicha muerte precipit\u00f3 la revoluci\u00f3n liberal, cuyos hechos concretos se centraron en los referidos dos grupos en conflicto, vale decir los que defend\u00edan el derecho de reinar de Isabel de Borb\u00f3n, que eran los liberales, y los que consideraban que el trono le correspond\u00eda al infante Carlos Mar\u00eda Isidro, que eran los conservadores en sus diversas escalas.<\/p>\n\n\n\n<p>El d\u00eda primero de octubre del referido 1833 el citado infante, desde la ciudad portuguesa de Abrantes, donde se encontraba exiliado, lanz\u00f3 un manifiesto proclam\u00e1ndose jefe del trono espa\u00f1ol con el nombre de Carlos V.<\/p>\n\n\n\n<p>Esa decisi\u00f3n fue el germen para que comenzaran las guerras carlistas cuando a los cinco d\u00edas siguientes, desde su cuartel de La Rioja, en el norte de Espa\u00f1a, el general navarro Santos Ladr\u00f3n de Cegama le ofreci\u00f3 su apoyo. A &nbsp;los pocos d\u00edas los isabelinos lo ametrallaron, caus\u00e1ndole la muerte.<\/p>\n\n\n\n<p>Todos los que preceden en la investigaci\u00f3n de esos conflictos coinciden en afirmar que los contendientes carec\u00edan de piedad, pues los que ca\u00edan como prisioneros en el lado contrario eran fusilados sin miramientos y sin ni siquiera poder expresar su derecho a la vida.<\/p>\n\n\n\n<p>Hay un clamoroso ejemplo de lo anterior, que puede ser trasladado a m\u00faltiples situaciones de esos a\u00f1os infernales que padeci\u00f3 Espa\u00f1a.<\/p>\n\n\n\n<p>Es el caso del joven general isabelino Crist\u00f3bal Manuel de Villena, m\u00e1s conocido como el conde de Viamanuel, quien fue apresado por los hombres de su amigo el general carlista Tom\u00e1s de Zumalac\u00e1rregui, que hizo todo lo posible por salvarlo, pero no pudo vencer la determinaci\u00f3n de Carlos Mar\u00eda Isidro de Borb\u00f3n. Fue fusilado a sus 34 a\u00f1os.<\/p>\n\n\n\n<p>Esa decisi\u00f3n extrema provoc\u00f3 gran disgusto al que tuvo que ejecutar la orden, el referido Zumalac\u00e1rregui: \u201cDicen que el general carlista se alej\u00f3 galopando a caballo para no escuchar los disparos que mataron al general cristino\u201d. (Las an\u00e9cdotas de la pol\u00edtica.P.178.Editorial Planeta,1999. Luis Carandell).<\/p>\n\n\n\n<p>La primera guerra carlista finaliz\u00f3 con el convenio de Vergara, as\u00ed llamado porque en un descampado de ese pueblo de Guip\u00fazcoa, en el Pa\u00eds Vasco, las tropas en conflicto pusieron \u201csus armas en pabellones\u201d como m\u00e1xima expresi\u00f3n de que la paz hab\u00eda llegado.<\/p>\n\n\n\n<p>La firma de ese acuerdo entre las partes beligerantes se hizo en la ciudad de O\u00f1ate, en el norte espa\u00f1ol, el 31 de agosto de 1839. Concluy\u00f3 con el famoso abrazo que ese mismo d\u00eda se dieron los dos m\u00e1s relevantes jefes militares de entonces.<\/p>\n\n\n\n<figure class=\"wp-block-image size-full\"><img loading=\"lazy\" decoding=\"async\" width=\"667\" height=\"955\" src=\"https:\/\/diariodominicano.com\/wp-content\/uploads\/2023\/09\/Baldomero_Espartero_cropped.jpg\" alt=\"\" class=\"wp-image-475994\" srcset=\"https:\/\/diariodominicano.com\/wp-content\/uploads\/2023\/09\/Baldomero_Espartero_cropped.jpg 667w, https:\/\/diariodominicano.com\/wp-content\/uploads\/2023\/09\/Baldomero_Espartero_cropped-210x300.jpg 210w\" sizes=\"auto, (max-width: 667px) 100vw, 667px\" \/><figcaption> General Baldomero Espartero <\/figcaption><\/figure>\n\n\n\n<p>Por un lado el general Baldomero Espartero, un castellano-manchego que era el m\u00e1s eficaz estratega militar de los isabelinos. Aunque no naci\u00f3 con parentela real lleg\u00f3 a ser, por efecto de su papel protag\u00f3nico en las luchas armadas, pr\u00edncipe, conde, duque y vizconde, y tambi\u00e9n presidente del consejo de ministros, regente del Reino de Espa\u00f1a, ministro de la guerra, entre otros elevados puestos del gobierno de ese pa\u00eds.<\/p>\n\n\n\n<p>Por otro lado el general Rafael Maroto, nacido en el seno de la nobleza murciana, que era un eficaz y aguerrido carlista. Ya hab\u00eda participado en la guerra de independencia de Espa\u00f1a, en la cual fue herido. Luego de su recuperaci\u00f3n lo enviaron a Sudam\u00e9rica, donde las tropas del general Jos\u00e9 de San Mart\u00edn lo capturaron en la c\u00e9lebre batalla de Chacabuco, una de las m\u00e1s importantes en la lucha independentista de Chile.<\/p>\n\n\n\n<p>Es oportuno decir que el llamado abrazo de Vergara no ser\u00eda la \u201c\u00faltima jabalina\u201d lanzada en la discordia entre carlistas e isabelinos, pues tanto los sectores elevados de la iglesia cat\u00f3lica como muchos oficiales partidarios del carlismo consideraron que lo que all\u00ed se produjo fue una traici\u00f3n.<\/p>\n\n\n\n<p>Esa creencia llev\u00f3 a los carlistas aglutinar fuerzas para emprender nuevas luchas armadas, que dieron origen a que se produjeran dos nuevas guerras, aunque de menor intensidad que la primera.<\/p>\n\n\n\n<p>La segunda guerra carlista dur\u00f3 tres a\u00f1os (1846-1849), en la \u00e9poca del conde de Montemol\u00edn, pretendiente al trono espa\u00f1ol con el nombre de Carlos VI. Fue b\u00e1sicamente desarrollada en la regi\u00f3n de Catalu\u00f1a. Por los isabelinos ganadores estuvo al frente de las tropas el general Manuel Pav\u00eda y el comando general de los batallones carlistas lo ten\u00eda el general Ram\u00f3n Cabrera.<\/p>\n\n\n\n<p>La tercera guerra carlista comenz\u00f3 en el 1872 y termin\u00f3 en el 1876. El escenario b\u00e9lico en esa ocasi\u00f3n fueron las provincias vascongadas, Navarra, una parte de Arag\u00f3n, otra de Valencia y en una porci\u00f3n de Catalu\u00f1a.<\/p>\n\n\n\n<p>Lo que motiv\u00f3 ese \u00faltimo conflicto carlista fue que en el 1868 hab\u00eda sido destronada Isabel II y en su lugar se coloc\u00f3 como regente del Reino al general Francisco Serrano Dom\u00ednguez, hasta que el 2 de enero de 1871 ascendi\u00f3 al trono Amadeo I de Espa\u00f1a, un piamont\u00e9s nacido en Tur\u00edn, descendiente de los Saboya, cuyo reinado fue de tan solo dos a\u00f1os, pues abdic\u00f3 sofocado por la gran inestabilidad pol\u00edtica, econ\u00f3mica y social que exist\u00eda en la Espa\u00f1a de entonces.<\/p>\n\n\n\n<p>En esa tercera guerra los principales jefes fueron otro Carlos Mar\u00eda de Borb\u00f3n por un lado y Amadeo I por la parte contraria.<\/p>\n\n\n\n<p>Con gran despliegue de detalles el historiador espa\u00f1ol Antonio Pirala Criado analiza el tema de las guerras carlistas, especialmente en su Historia del Convenio de Vergara que insert\u00f3 en la Enciclopedia moderna auspiciada por el editor Francisco de Paula Mellado.<\/p>\n\n\n\n<p>Finalmente es importante se\u00f1alar que las guerras carlistas ayudaron de manera indirecta a consolidar el proceso emancipador que d\u00e9cadas atr\u00e1s hab\u00edan hecho las antiguas colonias espa\u00f1olas en la Am\u00e9rica situada al sur del r\u00edo Bravo. El debilitamiento que sufri\u00f3 Espa\u00f1a con esos cruentos enfrentamientos elimin\u00f3 cualquier intento imperial de volver a tener hegemon\u00eda en esta parte del mundo.<\/p>\n\n\n\n<p>teofilo lappot<a target=\"_blank\" href=\"mailto:teofilolappot@gmail.com\" rel=\"noreferrer noopener\">teofilolappot@gmail.com<\/a><\/p>\n","protected":false},"excerpt":{"rendered":"<p>Voltaire (Francois Marie Arquet) POR TE\u00d3FILO LAPPOT ROBLES Las guerras entre naciones o grupos de un mismo pa\u00eds siempre han tenido diferentes motivos. Largo y cans\u00f3n ser\u00eda mencionar aqu\u00ed sus causales. Cada sector en contienda se cree poseedor de la raz\u00f3n. Por eso se ha convertido en un signo distintivo, con car\u00e1cter de axioma, que [&hellip;]<\/p>\n","protected":false},"author":28,"featured_media":475989,"comment_status":"closed","ping_status":"","sticky":true,"template":"","format":"standard","meta":{"footnotes":""},"categories":[21,36,27,32],"tags":[],"class_list":["post-475988","post","type-post","status-publish","format-standard","has-post-thumbnail","hentry","category-cultura","category-hombresmujeresycosas","category-portada","category-turismo"],"_links":{"self":[{"href":"https:\/\/diariodominicano.com\/index.php?rest_route=\/wp\/v2\/posts\/475988","targetHints":{"allow":["GET"]}}],"collection":[{"href":"https:\/\/diariodominicano.com\/index.php?rest_route=\/wp\/v2\/posts"}],"about":[{"href":"https:\/\/diariodominicano.com\/index.php?rest_route=\/wp\/v2\/types\/post"}],"author":[{"embeddable":true,"href":"https:\/\/diariodominicano.com\/index.php?rest_route=\/wp\/v2\/users\/28"}],"replies":[{"embeddable":true,"href":"https:\/\/diariodominicano.com\/index.php?rest_route=%2Fwp%2Fv2%2Fcomments&post=475988"}],"version-history":[{"count":4,"href":"https:\/\/diariodominicano.com\/index.php?rest_route=\/wp\/v2\/posts\/475988\/revisions"}],"predecessor-version":[{"id":475996,"href":"https:\/\/diariodominicano.com\/index.php?rest_route=\/wp\/v2\/posts\/475988\/revisions\/475996"}],"wp:featuredmedia":[{"embeddable":true,"href":"https:\/\/diariodominicano.com\/index.php?rest_route=\/wp\/v2\/media\/475989"}],"wp:attachment":[{"href":"https:\/\/diariodominicano.com\/index.php?rest_route=%2Fwp%2Fv2%2Fmedia&parent=475988"}],"wp:term":[{"taxonomy":"category","embeddable":true,"href":"https:\/\/diariodominicano.com\/index.php?rest_route=%2Fwp%2Fv2%2Fcategories&post=475988"},{"taxonomy":"post_tag","embeddable":true,"href":"https:\/\/diariodominicano.com\/index.php?rest_route=%2Fwp%2Fv2%2Ftags&post=475988"}],"curies":[{"name":"wp","href":"https:\/\/api.w.org\/{rel}","templated":true}]}}