{"id":475774,"date":"2023-09-29T02:25:54","date_gmt":"2023-09-29T06:25:54","guid":{"rendered":"http:\/\/diariodominicano.com\/?p=475774"},"modified":"2023-09-29T03:22:13","modified_gmt":"2023-09-29T07:22:13","slug":"indocumentados-en-nj-podran-obtener-una-licencia-para-instalar-su-propio-negocio-2","status":"publish","type":"post","link":"https:\/\/diariodominicano.com\/?p=475774","title":{"rendered":"Premio Literario Ciudad del Jaya: Regocijo de esperanza escolar y familiar"},"content":{"rendered":"\n<p><strong>San Francisco de Macor\u00eds.&nbsp;<\/strong>\u2013 Con un gran evento realizado en los salones del Ayuntamiento Municipal de esta ciudad, que incluy\u00f3 m\u00fasica, poes\u00eda, canto y otras manifestaciones del arte, la&nbsp;Fundaci\u00f3n B\u00fasqueda y Jaya Cultura, Trazarte-Huellas Creativas y el Comit\u00e9 Municipal de la Asociaci\u00f3n Dominicana de Profesores (ADP), hicieron entrega del Premio Literario Ciudad del Jaya.<\/p>\n\n\n\n<p>En su segunda versi\u00f3n, dedicada a la distinguida escritora francomacorisana Hilma Contreras, el Premio de poes\u00eda y cuento \u201c<strong>Ciudad del Jaya<\/strong>\u201d persigue estimular la afici\u00f3n por la lectura, la investigaci\u00f3n y la creaci\u00f3n literaria entre los estudiantes de liceos, colegios y escuelas de San Francisco de Macor\u00eds; e ir involucr\u00e1ndose en la solidaridad humana, que ha ido desapareciendo en los \u00faltimos tiempos.<\/p>\n\n\n\n<p>La premiaci\u00f3n, en las diferentes modalidades, fueron las siguientes:<\/p>\n\n\n\n<p><strong>En Poes\u00eda:<\/strong><\/p>\n\n\n\n<p>Jazm\u00edn Fern\u00e1ndez V\u00e1squez, del Colegio San Vicente de Pa\u00fal, Segundo lugar, con \u00abDeambulante\u00bb,&nbsp; $15,000.00;<\/p>\n\n\n\n<p>Kamila del Carmen Garc\u00eda Estrella, del Colegio IADIS, Tercer lugar, con \u00abAl comp\u00e1s de aire\u00bb, $10,000.00<\/p>\n\n\n\n<p><strong>Menciones de honor:<\/strong><\/p>\n\n\n\n<p>Noelia Lora Tav\u00e1rez, del Colegio San Vicente de Pa\u00fal, con \u00abDepende de ti\u00bb;<\/p>\n\n\n\n<p>Junior Torres Jim\u00e9nez, del Colegio San Vicente de Pa\u00fal, con \u00abLa soledad del coraz\u00f3n roto\u00bb;<\/p>\n\n\n\n<p>Dharianny Sime Maria, del Colegio San Vicente de Pa\u00fal, con \u00abMorir\u00e9 Joven\u00bb<\/p>\n\n\n\n<p><strong>En D\u00e9cima:<\/strong><\/p>\n\n\n\n<p>Dharianny Sime Mar\u00eda, Colegio San Vicente de Pa\u00fal, Tercer lugar con \u00abPrecipitaci\u00f3n Oscura\u00bb, $10,000.00<\/p>\n\n\n\n<p><strong>En Cuento:<\/strong><\/p>\n\n\n\n<p>Scarlet Fern\u00e1ndez P\u00e9rez, Colegio San Vicente de Pa\u00fal, Tercer lugar, con \u00abLeia y su sombra\u00bb, $10,000.00;<\/p>\n\n\n\n<p>Anniluz Rodr\u00edguez Soriano, Polit\u00e9cnico Vicente Aquilino Santos, Segundo lugar, con \u201cCuento&nbsp; casi perfecto\u201d, $15,000.00<\/p>\n\n\n\n<p><strong>Menciones de honor:<\/strong><\/p>\n\n\n\n<p>Jasmeyri Araujo Tavares, Polit\u00e9cnico Vicente Aquilino Santos, con \u00abLas l\u00e1grimas en mi alma\u00bb;<\/p>\n\n\n\n<p>Elianna P\u00e9rez Ortiz, Colegio San Vicente de Pa\u00fal, con \u00abEl nacimiento de un imperio y la ca\u00edda de los traidores\u00bb;<\/p>\n\n\n\n<p>Diana Medina Del Orbe, Colegio San Vicente de Pa\u00fal, con \u00abIngenua Contemplaci\u00f3n\u00bb.<\/p>\n\n\n\n<p>Para el poeta F\u00e9lix Garc\u00eda, presidente de B\u00fasqueda y Jaya Cultura y coordinador de la premiaci\u00f3n, \u00e9sta se constituye en un regocijo de esperanza escolar y familiar; donde nada est\u00e1 perdido para el arte, la juventud y la familia.<\/p>\n\n\n\n<p>A Garc\u00eda le acompa\u00f1\u00f3 un equipo de apoyo, conformado por los maestros Roberto Santos Hern\u00e1ndez, Ana Rita Guzm\u00e1n, Martha Villa y Nathalie Garc\u00eda. Como jurados fungieron el Dr. Radham\u00e9s Polanco, Dramaturgo y los poetas Julian Ulerio y Lissette Ram\u00edrez.<\/p>\n\n\n\n<p>Vale resaltar que los premios literarios Ciudad del Jaya forman parte de las actividades del 245 aniversario de la fundaci\u00f3n de San Francisco de Macor\u00eds, que coordina el Ayuntamiento Municipal.<\/p>\n\n\n\n<p>Nellys del Orbe<a target=\"_blank\" href=\"mailto:nellysdelorbe@gmail.com\" rel=\"noreferrer noopener\">nellysdelorbe@gmail.com<\/a><\/p>\n","protected":false},"excerpt":{"rendered":"<p>San Francisco de Macor\u00eds.&nbsp;\u2013 Con un gran evento realizado en los salones del Ayuntamiento Municipal de esta ciudad, que incluy\u00f3 m\u00fasica, poes\u00eda, canto y otras manifestaciones del arte, la&nbsp;Fundaci\u00f3n B\u00fasqueda y Jaya Cultura, Trazarte-Huellas Creativas y el Comit\u00e9 Municipal de la Asociaci\u00f3n Dominicana de Profesores (ADP), hicieron entrega del Premio Literario Ciudad del Jaya. En [&hellip;]<\/p>\n","protected":false},"author":28,"featured_media":475803,"comment_status":"closed","ping_status":"","sticky":true,"template":"","format":"standard","meta":{"footnotes":""},"categories":[21,36,27,32],"tags":[],"class_list":["post-475774","post","type-post","status-publish","format-standard","has-post-thumbnail","hentry","category-cultura","category-hombresmujeresycosas","category-portada","category-turismo"],"_links":{"self":[{"href":"https:\/\/diariodominicano.com\/index.php?rest_route=\/wp\/v2\/posts\/475774","targetHints":{"allow":["GET"]}}],"collection":[{"href":"https:\/\/diariodominicano.com\/index.php?rest_route=\/wp\/v2\/posts"}],"about":[{"href":"https:\/\/diariodominicano.com\/index.php?rest_route=\/wp\/v2\/types\/post"}],"author":[{"embeddable":true,"href":"https:\/\/diariodominicano.com\/index.php?rest_route=\/wp\/v2\/users\/28"}],"replies":[{"embeddable":true,"href":"https:\/\/diariodominicano.com\/index.php?rest_route=%2Fwp%2Fv2%2Fcomments&post=475774"}],"version-history":[{"count":3,"href":"https:\/\/diariodominicano.com\/index.php?rest_route=\/wp\/v2\/posts\/475774\/revisions"}],"predecessor-version":[{"id":475804,"href":"https:\/\/diariodominicano.com\/index.php?rest_route=\/wp\/v2\/posts\/475774\/revisions\/475804"}],"wp:featuredmedia":[{"embeddable":true,"href":"https:\/\/diariodominicano.com\/index.php?rest_route=\/wp\/v2\/media\/475803"}],"wp:attachment":[{"href":"https:\/\/diariodominicano.com\/index.php?rest_route=%2Fwp%2Fv2%2Fmedia&parent=475774"}],"wp:term":[{"taxonomy":"category","embeddable":true,"href":"https:\/\/diariodominicano.com\/index.php?rest_route=%2Fwp%2Fv2%2Fcategories&post=475774"},{"taxonomy":"post_tag","embeddable":true,"href":"https:\/\/diariodominicano.com\/index.php?rest_route=%2Fwp%2Fv2%2Ftags&post=475774"}],"curies":[{"name":"wp","href":"https:\/\/api.w.org\/{rel}","templated":true}]}}