{"id":475587,"date":"2023-09-28T12:55:12","date_gmt":"2023-09-28T16:55:12","guid":{"rendered":"https:\/\/diariodominicano.com\/?p=475587"},"modified":"2023-09-28T12:55:12","modified_gmt":"2023-09-28T16:55:12","slug":"ministro-ricardin-saint-jean-se-reunira-con-importadores-de-haiti-para-analizar-cierre-frontera-con-rd-y-buscar-autosuficiencia-alimentaria-de-haiti","status":"publish","type":"post","link":"https:\/\/diariodominicano.com\/?p=475587","title":{"rendered":"Ministro Ricardin Saint-Jean se reunir\u00e1 con importadores de Hait\u00ed para analizar cierre frontera con RD y  buscar autosuficiencia alimentaria de Hait\u00ed"},"content":{"rendered":"\n<p><\/p>\n\n\n\n<p>diariodominicano.com<\/p>\n\n\n\n<p>Puerto Pr\u00edncipe, 28 sep (Prensa Latina) Autoridades de Hait\u00ed se reunieron con responsables de las C\u00e1maras de Comercio para discutir las consecuencias del cierre fronterizo y buscar soluciones a las necesidades inmediatas, confirm\u00f3 hoy una nota oficial.<\/p>\n\n\n\n<p>El ministro de Comercio e Industria Ricardin Saint-Jean expres\u00f3 el deseo y el compromiso del Gobierno de com\u00fan acuerdo con el sector privado de encontrar mecanismos capaces de absorber a muy corto plazo las consecuencias de esta crisis, as\u00ed como reflexionar sobre la adopci\u00f3n de medidas capaces de aportar soluciones sostenibles para poner al pa\u00eds en el camino real hacia la autosuficiencia alimentaria a largo plazo.<\/p>\n\n\n\n<p>Las distintas C\u00e1maras acordaron crear un grupo de trabajo con miras a explorar con mayor profundidad las cuestiones relacionadas y apoyar al Estado en la formulaci\u00f3n e implementaci\u00f3n de estrategias que respondan a las necesidades urgentes.<\/p>\n\n\n\n<p>Para ello programaron un nuevo encuentro el jueves 5 de octubre donde estar\u00e1n presentes los principales importadores de Hait\u00ed.<\/p>\n\n\n\n<p>Tras la reanudaci\u00f3n de la construcci\u00f3n de un canal de riego en el r\u00edo Masacre que comparten Hait\u00ed y Rep\u00fablica Dominicana, Santo Domingo anunci\u00f3 de forma unilateral el cierre fronterizo, la prohibici\u00f3n del comercio por aire, mar y tierra, as\u00ed como la suspensi\u00f3n de visados a ciudadanos haitianos y la transportaci\u00f3n binacional.<\/p>\n\n\n\n<p>La medida ha tenido un grave impacto en los alimentos y otros materiales e insumos que importa Puerto Pr\u00edncipe desde el pa\u00eds vecino.<\/p>\n\n\n\n<p>A pesar de la aguda crisis que podr\u00eda sobrevenir, expertos se\u00f1alan que el cierre puede ser una oportunidad para que Hait\u00ed revise la desigual relaci\u00f3n comercial entre los dos pa\u00edses.<\/p>\n\n\n\n<p>De acuerdo con el diario Le Nouvelliste, las aduanas haitianas recolectaron menos del cuatro por ciento de su recaudaci\u00f3n total en las oficinas fronterizas de Malpasse, Ouanaminthe, Bellad\u00e8re, Thomassique y Anse-\u00e0-Pitres, los \u00fanicos cuatro puntos fronterizos oficiales.<\/p>\n\n\n\n<p>Ello pese a los miles de millones de d\u00f3lares en alimentos, insumos y mercanc\u00edas que atraviesan el lim\u00edtrofe.<\/p>\n\n\n\n<p>A mediados de este mes el economista Enomy Germain afirm\u00f3 que Rep\u00fablica Dominicana pierde una media de tres millones de d\u00f3lares con el cierre, 10 veces m\u00e1s que Hait\u00ed.<\/p>\n\n\n\n<p>ro\/ane<\/p>\n","protected":false},"excerpt":{"rendered":"<p>diariodominicano.com Puerto Pr\u00edncipe, 28 sep (Prensa Latina) Autoridades de Hait\u00ed se reunieron con responsables de las C\u00e1maras de Comercio para discutir las consecuencias del cierre fronterizo y buscar soluciones a las necesidades inmediatas, confirm\u00f3 hoy una nota oficial. El ministro de Comercio e Industria Ricardin Saint-Jean expres\u00f3 el deseo y el compromiso del Gobierno de [&hellip;]<\/p>\n","protected":false},"author":5,"featured_media":475589,"comment_status":"closed","ping_status":"","sticky":true,"template":"","format":"standard","meta":{"footnotes":""},"categories":[112,23,27],"tags":[],"class_list":["post-475587","post","type-post","status-publish","format-standard","has-post-thumbnail","hentry","category-haiti","category-internacional","category-portada"],"_links":{"self":[{"href":"https:\/\/diariodominicano.com\/index.php?rest_route=\/wp\/v2\/posts\/475587","targetHints":{"allow":["GET"]}}],"collection":[{"href":"https:\/\/diariodominicano.com\/index.php?rest_route=\/wp\/v2\/posts"}],"about":[{"href":"https:\/\/diariodominicano.com\/index.php?rest_route=\/wp\/v2\/types\/post"}],"author":[{"embeddable":true,"href":"https:\/\/diariodominicano.com\/index.php?rest_route=\/wp\/v2\/users\/5"}],"replies":[{"embeddable":true,"href":"https:\/\/diariodominicano.com\/index.php?rest_route=%2Fwp%2Fv2%2Fcomments&post=475587"}],"version-history":[{"count":1,"href":"https:\/\/diariodominicano.com\/index.php?rest_route=\/wp\/v2\/posts\/475587\/revisions"}],"predecessor-version":[{"id":475590,"href":"https:\/\/diariodominicano.com\/index.php?rest_route=\/wp\/v2\/posts\/475587\/revisions\/475590"}],"wp:featuredmedia":[{"embeddable":true,"href":"https:\/\/diariodominicano.com\/index.php?rest_route=\/wp\/v2\/media\/475589"}],"wp:attachment":[{"href":"https:\/\/diariodominicano.com\/index.php?rest_route=%2Fwp%2Fv2%2Fmedia&parent=475587"}],"wp:term":[{"taxonomy":"category","embeddable":true,"href":"https:\/\/diariodominicano.com\/index.php?rest_route=%2Fwp%2Fv2%2Fcategories&post=475587"},{"taxonomy":"post_tag","embeddable":true,"href":"https:\/\/diariodominicano.com\/index.php?rest_route=%2Fwp%2Fv2%2Ftags&post=475587"}],"curies":[{"name":"wp","href":"https:\/\/api.w.org\/{rel}","templated":true}]}}