{"id":475519,"date":"2023-09-28T02:33:38","date_gmt":"2023-09-28T06:33:38","guid":{"rendered":"http:\/\/diariodominicano.com\/?p=475519"},"modified":"2023-09-28T02:37:08","modified_gmt":"2023-09-28T06:37:08","slug":"adompretur-celebra-sus-46-anos-conociendo-con-dia-mundial-del-turismo-2","status":"publish","type":"post","link":"https:\/\/diariodominicano.com\/?p=475519","title":{"rendered":"ADOMPRETUR celebra sus 46 a\u00f1os conociendo con Dia Mundial del Turismo"},"content":{"rendered":"\n<p> Hist\u00f3rica imagen de la fundaci\u00f3n de ADOMPRETUR, el 27 de septiembre de a\u00f1o 1977 Foto de autor desconocido. Fuente ADOMPRETUR \/ AGN <\/p>\n\n\n\n<p>El papel de la prensa tur\u00edstica en torno  a Rep\u00fablica Dominicana como destino, ha sido fundamental y se ha tomado en muchas naciones como ejemplo del papel de los medios para apoyar la industria<\/p>\n\n\n\n<figure class=\"wp-block-image size-large\"><img loading=\"lazy\" decoding=\"async\" width=\"1024\" height=\"525\" src=\"https:\/\/diariodominicano.com\/wp-content\/uploads\/2023\/09\/Junta-directiva-Adompretur-2023-2025.-1-1024x525.jpg\" alt=\"\" class=\"wp-image-475522\" srcset=\"https:\/\/diariodominicano.com\/wp-content\/uploads\/2023\/09\/Junta-directiva-Adompretur-2023-2025.-1-1024x525.jpg 1024w, https:\/\/diariodominicano.com\/wp-content\/uploads\/2023\/09\/Junta-directiva-Adompretur-2023-2025.-1-300x154.jpg 300w, https:\/\/diariodominicano.com\/wp-content\/uploads\/2023\/09\/Junta-directiva-Adompretur-2023-2025.-1-768x394.jpg 768w, https:\/\/diariodominicano.com\/wp-content\/uploads\/2023\/09\/Junta-directiva-Adompretur-2023-2025.-1-1536x788.jpg 1536w, https:\/\/diariodominicano.com\/wp-content\/uploads\/2023\/09\/Junta-directiva-Adompretur-2023-2025.-1-2048x1051.jpg 2048w, https:\/\/diariodominicano.com\/wp-content\/uploads\/2023\/09\/Junta-directiva-Adompretur-2023-2025.-1-816x419.jpg 816w\" sizes=\"auto, (max-width: 1024px) 100vw, 1024px\" \/><figcaption><br>Yenny Polanco Lovera en el inicio de su segunda gesti\u00f3n como presidenta ADOMPRETUR, ha llamado a sus integrantes a impulsar los objetivos institucionales.<br>&nbsp;<\/figcaption><\/figure>\n\n\n\n<p>Servicio de prensa<\/p>\n\n\n\n<p><strong>Santo Domingo, <\/strong>La Asociaci\u00f3n Dominicana de Prensa Tur\u00edstica (Adompretur)y su junta directiva encabezada por Yenny Polanco Lovera, conmemor\u00f3 sus 46 a\u00f1os de existencia con una ofrenda floral en el Altar de la Patria, resaltando el aporte del periodismo tur\u00edstico dominicano en la elevaci\u00f3n del perfil del pais como destino mundial de referencia en la industria global.<\/p>\n\n\n\n<p>La presidente de la Asociaci\u00f3n Dominicana de Prensa Tur\u00edstica (Adompretur), Yenny Polanco Lovera, destac\u00f3 que se cre\u00f3 cuatro a\u00f1os de antes de la declaraci\u00f3n del 27 de septiembre como <strong>\u201cD\u00eda Mundial del Turismo\u201d,<\/strong> que este a\u00f1o trata sobre el <strong>\u201cTurismo en inversiones verdes\u201d.<\/strong><\/p>\n\n\n\n<p><strong>El concepto para marca esta celebraci\u00f3n 2023 del Dia Mundial del Turismo, establecida por la OMT, s<em>e refiere a la necesidad de impulsar proyectos fundamentados en una relacion positiva a partir del ambiente, impulsando el sentido autosostenible. Implica <\/em>velar<em> por la relaci\u00f3n respetuosa entre la actividad tur\u00edstica, como inversionista, respecto de su entorno, ha sido una preocupaci\u00f3n debido a que la experiencia de la visitaci\u00f3n est\u00e1 profundamente vinculada a la calidad asegurada de los recursos naturales en torno a los cuales y por los cuales, se hace turismo.&nbsp;<\/em><\/strong><\/p>\n\n\n\n<p><em>La presidente de Adompretur, <strong>Yenny Polanco Lovera,<\/strong> destac\u00f3 que la fundaci\u00f3n de esta instituci\u00f3n coincide con el D\u00eda Mundial del Turismo, que este a\u00f1o trata sobre el \u201cTurismo en inversiones verdes\u201d. Reiter\u00f3 que continuar\u00e1 trabajando en pro de su&nbsp;fortalecimiento e internacionalizaci\u00f3n.<\/em><\/p>\n\n\n\n<p>Este papel de respaldo al turismo al crear contenidos, por un mandato \u00e9tico de ADOMPRETUR, se desarrolla sin perder la capacidad y el derecho cr\u00edtico frente a aspectos deficitarios que requieren de atenci\u00f3n y rectificaci\u00f3n tanto por parte de los hoteleros, suplidores, gestores, organizaciones vinculadas, clusters tur\u00edsticos, investigadores de las industrias y, sobre todo, y las propias autoridades del Ministerio de Turismo<\/p>\n\n\n\n<p>Lovera coincide con el planteamiento de <strong>Zurab Pololikashvili<\/strong>, secretario general de la OMT, quien sostiene que el turismo, nunca como ahora ha sido m\u00e1s importante para la econom\u00eda mundial.<\/p>\n\n\n\n<p>El secretario general de la OMT, ha sostenido:&nbsp; <em>\u201cPor eso, en Rep\u00fablica Dominicana celebramos la capacidad que tiene nuestro turismo para impulsar nuestro crecimiento; al tiempo que seguimos trabajando para que nuestro desarrollo sea sostenible e inclusivo\u201d.&nbsp;<\/em><\/p>\n\n\n\n<p>Polanco Lovera hizo un reconocimiento al fundador de Adompretur, don&nbsp;Luis Augusto Camineropor su visi\u00f3n, entereza y decisi\u00f3n de formar una instituci\u00f3n que agrupe a los periodistas especializados en turismo.<\/p>\n\n\n\n<p>\u201cTambi\u00e9n, agradecemos a don Ellis P\u00e9rez&nbsp;y Rita&nbsp;Cabrer \u2013fallecida-, quien acompa\u00f1\u00f3 a Luis Augusto&nbsp;Caminero en&nbsp;la constituci\u00f3n de Adompretur; instituci\u00f3n que nueva vez dirigimos con el compromiso de seguir fortaleciendo e internacionalizando\u201d, afirm\u00f3&nbsp;<strong>Polanco Lovera.<\/strong><\/p>\n\n\n\n<p>En la ofrenda floral tambi\u00e9n&nbsp;habl\u00f3 Salvador&nbsp;Batista<strong>,<\/strong>&nbsp;vicepresidente de Adompretur, quien reafirm\u00f3 el inter\u00e9s que tiene la instituci\u00f3n de aglutinar a los periodistas especializados en temas tur\u00edsticos que presenten un trabajo responsable y apegado a la \u00e9tica.<\/p>\n\n\n\n<p>Batista record\u00f3 el compromiso la reci\u00e9n juramentada directiva de seguir impulsando la formaci\u00f3n y especializaci\u00f3n para que la membres\u00eda de m\u00e1s de 500 periodistas y comunicadores,<\/p>\n\n\n\n<p>El reconocido comunicador y youtuber&nbsp; de la plataforma Recorriendoconsalvador.con, dijo que ADOMPRETUR ha desempe\u00f1ado un rol fundamental al fomentar un periodismo tur\u00edstico de calidad y que aporte al posicionamiento del pa\u00eds, logrando como resultado aportar a un perfil de los principales destinos de Am\u00e9rica Latina y el mundo.<\/p>\n\n\n\n<p>En la ofrenda floral participaron los directivos Carmen Bret\u00f3n, Cristina Rosario, Cristian Mota, de la junta directiva y una notable representaci\u00f3n de asociados, de diversas filiales, quienes viajaron a Santo Domingo para ofrecer la mayor representatividad.<\/p>\n\n\n\n<p><strong>La historia oficial<\/strong><\/p>\n\n\n\n<p>La fundaci\u00f3n se <a href=\"https:\/\/adompretur.com\/2018\/02\/17\/historia\/\">produjo el 27 de septiembre del a\u00f1o 1977<\/a> por un grupo de comunicadores y profesionales del turismo encabezado por su primer presidente, Luis Augusto Caminero.<\/p>\n\n\n\n<p>El Acta Constitutiva de ADOMPRETUR fue suscrita a las 6:00 de la tarde en las oficinas del Centro Dominicano de Informaci\u00f3n Tur\u00edstica, en la calle Arzobispo Meri\u00f1o 156, de la Zona Colonial de Santo Domingo, por los siguientes socios fundadores:<\/p>\n\n\n\n<p>Luis Augusto Caminero, presidente; Ellis P\u00e9rez, vicepresidente; Leo Pou, primer vicepresidente; Sim\u00f3n Romero, segundo vicepresidente; Roberto Ricart, tesorero; Renan Pujols, asesor legal; Rafael Flores Estrellas, asesor t\u00e9cnico; Max \u00c1lvarez, director relaciones p\u00fablicas; Santiago G\u00f3mez, director relaciones p\u00fablicas; y, los vocales: Rita Cabrer, Santiago Lamela Geller, Guillermo G\u00f3mez, Mar\u00eda Ugarte, Manuel Pourie Cordero, Magda Florencio, Francisco \u00c1lvarez Castellanos, Ubi Rivas, Ivelisse Cornielle, Freddie Reyes, Rosendo Sep\u00falveda, Eduardo Palmer, Enrique de Marchena, Danilo Vicioso, Fabio Herrera, Tony P\u00e9rez, Ram\u00f3n Reyes, Susana Morillo, Antonio Ornes y Hugo Gulliany. Honor y recuerdo a todos.<\/p>\n\n\n\n<p>Desde su fundaci\u00f3n y hasta la primera modificaci\u00f3n estatutaria en l994, ADOMPRETUR se denomin\u00f3: \u201cAsociaci\u00f3n Dominicana de Periodistas y Escritores de Turismo\u201d, para cambiar a su razon social que emplea ahora.. Con los nuevos estatutos se cre\u00f3 una mejor adecuaci\u00f3n y din\u00e1mica en los trabajos de la Asociaci\u00f3n, mejorando el proceso de institucionalizaci\u00f3n y ampliando la participaci\u00f3n de los miembros.<\/p>\n\n\n\n<p><strong>Evento social, la juramentaci\u00f3n<\/strong><\/p>\n\n\n\n<p>Previo a la ofrenda floral se produjo, el pasado 25 de septiembre 2023, la juramentaci\u00f3n de la nueva directiva de ADOMPRETUR, actividad que se transform\u00f3 en un encuentro de personalidades de la industria que acudieron para saludar la nueva gesti\u00f3n que se inicia. De esa actividad, presentamos una galer\u00eda de im\u00e1genes como reconocimiento a quienes dedicaron su tiempo y accedieron a la convocatoria.<\/p>\n\n\n\n<p>Jose Rafael Paula Sosa<a target=\"_blank\" href=\"mailto:joserafael.sosa@gmail.com\" rel=\"noreferrer noopener\">joserafael.sosa@gmail.com<\/a><\/p>\n","protected":false},"excerpt":{"rendered":"<p>Hist\u00f3rica imagen de la fundaci\u00f3n de ADOMPRETUR, el 27 de septiembre de a\u00f1o 1977 Foto de autor desconocido. Fuente ADOMPRETUR \/ AGN El papel de la prensa tur\u00edstica en torno a Rep\u00fablica Dominicana como destino, ha sido fundamental y se ha tomado en muchas naciones como ejemplo del papel de los medios para apoyar la [&hellip;]<\/p>\n","protected":false},"author":28,"featured_media":475520,"comment_status":"closed","ping_status":"","sticky":true,"template":"","format":"standard","meta":{"footnotes":""},"categories":[36,32],"tags":[],"class_list":["post-475519","post","type-post","status-publish","format-standard","has-post-thumbnail","hentry","category-hombresmujeresycosas","category-turismo"],"_links":{"self":[{"href":"https:\/\/diariodominicano.com\/index.php?rest_route=\/wp\/v2\/posts\/475519","targetHints":{"allow":["GET"]}}],"collection":[{"href":"https:\/\/diariodominicano.com\/index.php?rest_route=\/wp\/v2\/posts"}],"about":[{"href":"https:\/\/diariodominicano.com\/index.php?rest_route=\/wp\/v2\/types\/post"}],"author":[{"embeddable":true,"href":"https:\/\/diariodominicano.com\/index.php?rest_route=\/wp\/v2\/users\/28"}],"replies":[{"embeddable":true,"href":"https:\/\/diariodominicano.com\/index.php?rest_route=%2Fwp%2Fv2%2Fcomments&post=475519"}],"version-history":[{"count":3,"href":"https:\/\/diariodominicano.com\/index.php?rest_route=\/wp\/v2\/posts\/475519\/revisions"}],"predecessor-version":[{"id":475525,"href":"https:\/\/diariodominicano.com\/index.php?rest_route=\/wp\/v2\/posts\/475519\/revisions\/475525"}],"wp:featuredmedia":[{"embeddable":true,"href":"https:\/\/diariodominicano.com\/index.php?rest_route=\/wp\/v2\/media\/475520"}],"wp:attachment":[{"href":"https:\/\/diariodominicano.com\/index.php?rest_route=%2Fwp%2Fv2%2Fmedia&parent=475519"}],"wp:term":[{"taxonomy":"category","embeddable":true,"href":"https:\/\/diariodominicano.com\/index.php?rest_route=%2Fwp%2Fv2%2Fcategories&post=475519"},{"taxonomy":"post_tag","embeddable":true,"href":"https:\/\/diariodominicano.com\/index.php?rest_route=%2Fwp%2Fv2%2Ftags&post=475519"}],"curies":[{"name":"wp","href":"https:\/\/api.w.org\/{rel}","templated":true}]}}