{"id":475403,"date":"2023-09-28T00:17:33","date_gmt":"2023-09-28T04:17:33","guid":{"rendered":"http:\/\/diariodominicano.com\/?p=475403"},"modified":"2023-09-28T00:17:33","modified_gmt":"2023-09-28T04:17:33","slug":"world-latin-music-la-revolucion-artistica-de-chichi-peralta","status":"publish","type":"post","link":"https:\/\/diariodominicano.com\/?p=475403","title":{"rendered":"World Latin Music\u201d: la revoluci\u00f3n art\u00edstica de Chichi Peralta"},"content":{"rendered":"\n<p>Chichi Peralta <\/p>\n\n\n\n<p><strong>Una  trayectoria excepcional, dedicada 100% a la m\u00fasica, convierte a Chichi Peralta en un hijo ilustre de Rep\u00fablica Dominicana, y en un maestro del arte, la cultura y la sonoridad para todo el Continente Americano<\/strong><\/p>\n\n\n\n<p>Santo Domingo, RD, 28 <strong>septiembre de 2023.\u00a0<\/strong>Hablar de Chichi Peralta es viajar a trav\u00e9s de las palabras: melod\u00eda, ritmo, sabor, baile y magia sonora, caracter\u00edsticas indudables de su obra que volver\u00e1n a estar presentes en su siguiente producci\u00f3n discogr\u00e1fica en la que trabaja. Es un recorrido por la historia de las m\u00fasicas del mundo y su impacto en Latinoam\u00e9rica. Es ahondar en la fusi\u00f3n de los diferentes g\u00e9neros musicales que han llegado a sus o\u00eddos y que se han convertido en el distintivo de un proyecto art\u00edstico que ha construido de forma excepcional por m\u00e1s de 26 a\u00f1os.<\/p>\n\n\n\n<p>Hacer una carrera que trascienda en el tiempo es de verdaderos maestros, y Chichi Peralta es eso, un preceptor de la sonoridad, que ha permeado con sus grandes&nbsp;\u00e9xitos la memoria colectiva de varias generaciones. Lo suyo es toda una revoluci\u00f3n art\u00edstica, pues el fusionar de forma extraordinaria diferentes g\u00e9neros musicales con una identidad propia dentro de la industria latina, lo ubica como un art\u00edfice de un sonido&nbsp;\u00fanico y atemporal.<\/p>\n\n\n\n<figure class=\"wp-block-image size-large\"><img loading=\"lazy\" decoding=\"async\" width=\"790\" height=\"1024\" src=\"https:\/\/diariodominicano.com\/wp-content\/uploads\/2023\/09\/IMG_4055-790x1024.jpeg\" alt=\"\" class=\"wp-image-475405\" srcset=\"https:\/\/diariodominicano.com\/wp-content\/uploads\/2023\/09\/IMG_4055-790x1024.jpeg 790w, https:\/\/diariodominicano.com\/wp-content\/uploads\/2023\/09\/IMG_4055-231x300.jpeg 231w, https:\/\/diariodominicano.com\/wp-content\/uploads\/2023\/09\/IMG_4055-768x996.jpeg 768w, https:\/\/diariodominicano.com\/wp-content\/uploads\/2023\/09\/IMG_4055-1184x1536.jpeg 1184w, https:\/\/diariodominicano.com\/wp-content\/uploads\/2023\/09\/IMG_4055-1579x2048.jpeg 1579w, https:\/\/diariodominicano.com\/wp-content\/uploads\/2023\/09\/IMG_4055-816x1058.jpeg 816w, https:\/\/diariodominicano.com\/wp-content\/uploads\/2023\/09\/IMG_4055-scaled.jpeg 1974w\" sizes=\"auto, (max-width: 790px) 100vw, 790px\" \/><figcaption>Chichi Peralta <\/figcaption><\/figure>\n\n\n\n<p><strong><u>Los Inicios<\/u><\/strong><strong><u><\/u><\/strong><\/p>\n\n\n\n<p>Ciudad Nueva en Santo Domingo, capital de Rep\u00fablica Dominicana, vio nacer a Pedro Ren\u00e9&nbsp;Peralta Soto a finales de los a\u00f1os sesenta. Con una infancia feliz, tranquila y de mucho amor familiar. Conoci\u00f3&nbsp;la m\u00fasica a muy temprana edad, gracias a la influencia de su padre, Eugenio Peralta Sterling, de descendencia&nbsp;<em>cocola<\/em>&nbsp;(comunidad en el este de la Rep\u00fablica Dominicana de mezcla inglesa-africana) quien era un apasionado por la cultura musical. Desde muy peque\u00f1o, Chichi se interes\u00f3&nbsp;por los sonidos provenientes de otras latitudes y escuchaba junto a su progenitor los vinilos de una extensa colecci\u00f3n que reposaba en su hogar, que iban desde la m\u00fasica cl\u00e1sica, pasando por el rock and roll, hasta los ritmos africanos. Asimismo, constru\u00eda instrumentos musicales con los recursos que ten\u00eda a mano: latas vac\u00edas de galletas y tapas de ollas, recreando guitarras y bater\u00edas. A los 4 a\u00f1os de edad &nbsp;fabric\u00f3&nbsp;su primera tambora<\/p>\n\n\n\n<p>usando los recipientes de cocina en los que su madre, Ubencia Antonia Soto de Peralta, guardaba el aceite, motivo por el cual le compraron una tambora real para evitar accidentes y disgustos. Tal era su fijaci\u00f3n por la m\u00fasica y los instrumentos, que la frase&nbsp;<em>\u201c<\/em><em>Chichi estate quieto<\/em><em>\u201d<\/em>&nbsp;era recurrente en la casa de los Peralta; en Rep\u00fablica Dominicana, la palabra&nbsp;<em>Chichi&nbsp;<\/em>hace referencia al m\u00e1s chico de la casa.<\/p>\n\n\n\n<p>Esa primera tambora, junto al conocimiento percutivo cocolo y el car\u00e1cter fuerte pero amoroso de su padre, quien a lo largo de su carrera fue c\u00f3mplice de su arte y de su proyecto, hizo que Chichi reafirmar\u00e1&nbsp;su predilecci\u00f3n por la m\u00fasica y aprendiera a tocar varios instrumentos a la perfecci\u00f3n, entre ellos la percusi\u00f3n menor y mayor, con las que ha tenido una estrecha relaci\u00f3n que es conocida por todos.<\/p>\n\n\n\n<p>Chichi estudi\u00f3 m\u00fasica desde ni\u00f1o y gracias a sus profesores de artes y m\u00fasica se instruy\u00f3&nbsp;sobre el folclor de su naci\u00f3n. Pero fue en la adolescencia en la que afianz\u00f3&nbsp;su preferencia por los sonidos del mundo, al combinar su faceta de basquetbolista con la de Disc Jockey. Chichi ten\u00eda muy buenas aptitudes para el deporte, tanto as\u00ed&nbsp;que perteneci\u00f3&nbsp;al equipo de basquetbol del Colegio Dominicano De La Salle, del que se gradu\u00f3, para luego hacer parte del Club Deportivo Naco, y despu\u00e9s de las selecciones juveniles de su pa\u00eds, pero por lo que verdaderamente su coraz\u00f3n vibraba era por la m\u00fasica. Su primer trabajo fue como DJ de la emisora HILX, n\u00famero 1 de Santo Domingo en g\u00e9neros rock y heavy metal, labor que alternaba con el basquetbol y sus estudios de bachillerato. En esa radio, hab\u00eda un gran compilado de vinilos con los que ampli\u00f3&nbsp;su bagaje musical, espec\u00edficamente en los sonidos alternativos. De esa&nbsp;\u00e9poca como locutor y programador musical, sali\u00f3&nbsp;una nueva oportunidad de trabajo como DJ pero en fiestas, oficio que recuerda con gratitud por todo lo aprendido.<\/p>\n\n\n\n<p>Aunque se mud\u00f3&nbsp;al barrio de Villa Francisca en su adolescencia, su enlace con Ciudad Nueva y la Ciudad Colonial se mantuvo cercana y s\u00f3lida. A la edad de 15 a\u00f1os comienza a formar parte de un proyecto que surgi\u00f3&nbsp;en esta zona, llamado Grupo Fragmento. En este su interpretaci\u00f3n de las congas marc\u00f3&nbsp;un antes y un despu\u00e9s en su carrera art\u00edstica. Este Grupo Fragmento le permiti\u00f3&nbsp;formar parte posteriormente del grupo La Familia Andr\u00e9, la cual alcanz\u00f3&nbsp;una nueva etapa de reconocimiento internacional. En esta agrupaci\u00f3n, creada por el cantante Fernando Echavarr\u00eda, Peralta tuvo la oportunidad de colaborar y hacer contribuciones creativas en los arreglos y producci\u00f3n musical.<\/p>\n\n\n\n<p>Sus temas se convirtieron en verdaderos himnos y desataron un ambiente festivo en toda la sociedad, sin importar la edad. Los ni\u00f1os bailaban&nbsp;\u201cLa Ciguapa\u201d, mientras que los adultos dedicaban&nbsp;\u201cSol de Verano\u201d o&nbsp;\u201cAmor Narc\u00f3tico\u201d. La sonoridad de Chichi trascendi\u00f3 y cautiv\u00f3&nbsp;al p\u00fablico colombiano y latinoamericano de formas inimaginables, tanto as\u00ed&nbsp;que estas letras, melod\u00edas y ritmos hacen parte de la banda sonora de sus vidas.<\/p>\n\n\n\n<p>Chichi continu\u00f3 form\u00e1ndose en la m\u00fasica al mismo tiempo que ingres\u00f3&nbsp;a la universidad a estudiar publicidad. Despu\u00e9s de unos semestres, cambi\u00f3&nbsp;temporal de carrera por falta de cupo en el pregrado, lo llev\u00f3&nbsp;al dibujo arquitect\u00f3nico, una coyuntura que lo hizo reflexionar sobre su verdadera vocaci\u00f3n profesional; es as\u00ed&nbsp;como decide dedicarse 100% a la m\u00fasica. Su experiencia de a\u00f1os como m\u00fasico, arreglista y productor, le permitieron formar parte de la agrupaci\u00f3n 4.40 de Juan Luis Guerra, donde se destac\u00f3&nbsp;por la creaci\u00f3n de una infinidad de nuevos patrones r\u00edtmicos, en la etapa de internacionalizaci\u00f3n de este grupo.<\/p>\n\n\n\n<p>Sus a\u00f1os de pr\u00e1ctica, talento innato y destreza musical, le inspiraron a seguir produciendo y abrirse a nuevos caminos. A los 25 a\u00f1os, inaugura Sterling Audio, su propio estudio de producci\u00f3n musical, en el que, desde los inicios de su trayectoria hasta la actualidad, ha trabajado en la composici\u00f3n de&nbsp;\u00e1lbumes de estudio, jingles comerciales para radio y televisi\u00f3n, dise\u00f1o de sonido y bandas sonoras para documentales y pel\u00edculas, sesiones como m\u00fasico de grabaci\u00f3n de estudio, entre otros grandes proyectos de car\u00e1cter internacional.<\/p>\n\n\n\n<p>La genialidad art\u00edstica de Chichi Peralta y su aporte a la m\u00fasica latina son inmensos. Tanto as\u00ed&nbsp;que la fusi\u00f3n fresca y atractiva que cre\u00f3&nbsp;con g\u00e9neros como el jazz, merengue, pop, ritmos africanos, hip-hop, rap, bachata, guaguanc\u00f3, ritmos brasile\u00f1os, plena, salsa, vallenato, cumbia, techno, house, m\u00fasica sinf\u00f3nica, ritmos&nbsp;\u00e1rabes e instrumentaciones ex\u00f3ticas de la india y del jap\u00f3n, partieron en dos la historia de la m\u00fasica tropical para darle inicio a una nueva era de sonidos vanguardistas, que 26 a\u00f1os despu\u00e9s, se siguen escuchando actuales y modernos. Esa es la virtud de los verdaderos genios.<\/p>\n\n\n\n<p>Su impacto cultural le convirti\u00f3&nbsp;en un artista indispensable para la industria musical latina, abriendo un nuevo abanico de posibilidades para las participaciones de grandes referentes de la m\u00fasica mundial en&nbsp;\u00e1lbumes latinoamericanos. La London Symphony Orchestra, bajo la direcci\u00f3n de su titular el maestro Sir Colin Davis (uno de los m\u00e1s importantes directores orquestales del mundo), hizo parte de este trabajo con grabaciones en el emblem\u00e1tico Abbey Road Studios, lo que sin duda es un sue\u00f1o hecho realidad para el artista dominicano; en el a\u00f1o 2000, Chichi repiti\u00f3&nbsp;esta grandiosa colaboraci\u00f3n para su disco&nbsp;\u201cDe Vuelta Al Barrio\u201d, con el que obtuvo el premio Latin Grammy en 2001.<\/p>\n\n\n\n<p>Gracias a su incansable e inagotable curiosidad por los ritmos que vienen de sus ra\u00edces en Rep\u00fablica Dominicana, de su visi\u00f3n para encontrar en los instrumentos de otros lugares del planeta posibilidades de invenci\u00f3n sonora, y de su fascinaci\u00f3n por las culturas lejanas y remotas, Chichi Peralta se ha convertido en un verdadero maestro y referente obligatorio de la m\u00fasica para todo el continente americano.&nbsp;<\/p>\n\n\n\n<p>Pronto reivindicar\u00e1\u00a0el concepto de\u00a0\u201c\u00e1lbum\u201d\u00a0y presentar\u00e1\u00a0una nueva producci\u00f3n discogr\u00e1fica, con la que seguir\u00e1\u00a0construyendo su legado art\u00edstico, enmarcado dentro de la exploraci\u00f3n y su relaci\u00f3n con el universo sonoro de las m\u00fasicas del mundo.\u00a0<\/p>\n\n\n\n<p>Henry Coradin<a target=\"_blank\" href=\"mailto:henrycoradinrelacionespublicas@gmail.com\" rel=\"noreferrer noopener\">henrycoradinrelacionespublicas@gmail.com<\/a><\/p>\n\n\n\n<p>Sigue a&nbsp;<a href=\"https:\/\/www.instagram.com\/chichiperaltaoficial\/\" target=\"_blank\" rel=\"noreferrer noopener\"><strong>Chichi Peralta<\/strong><\/a>&nbsp;en todas sus redes sociales<\/p>\n\n\n\n<p><\/p>\n","protected":false},"excerpt":{"rendered":"<p>Chichi Peralta Una trayectoria excepcional, dedicada 100% a la m\u00fasica, convierte a Chichi Peralta en un hijo ilustre de Rep\u00fablica Dominicana, y en un maestro del arte, la cultura y la sonoridad para todo el Continente Americano Santo Domingo, RD, 28 septiembre de 2023.\u00a0Hablar de Chichi Peralta es viajar a trav\u00e9s de las palabras: melod\u00eda, [&hellip;]<\/p>\n","protected":false},"author":28,"featured_media":475404,"comment_status":"closed","ping_status":"","sticky":true,"template":"","format":"standard","meta":{"footnotes":""},"categories":[21,36,25,27,32],"tags":[],"class_list":["post-475403","post","type-post","status-publish","format-standard","has-post-thumbnail","hentry","category-cultura","category-hombresmujeresycosas","category-gente","category-portada","category-turismo"],"_links":{"self":[{"href":"https:\/\/diariodominicano.com\/index.php?rest_route=\/wp\/v2\/posts\/475403","targetHints":{"allow":["GET"]}}],"collection":[{"href":"https:\/\/diariodominicano.com\/index.php?rest_route=\/wp\/v2\/posts"}],"about":[{"href":"https:\/\/diariodominicano.com\/index.php?rest_route=\/wp\/v2\/types\/post"}],"author":[{"embeddable":true,"href":"https:\/\/diariodominicano.com\/index.php?rest_route=\/wp\/v2\/users\/28"}],"replies":[{"embeddable":true,"href":"https:\/\/diariodominicano.com\/index.php?rest_route=%2Fwp%2Fv2%2Fcomments&post=475403"}],"version-history":[{"count":1,"href":"https:\/\/diariodominicano.com\/index.php?rest_route=\/wp\/v2\/posts\/475403\/revisions"}],"predecessor-version":[{"id":475406,"href":"https:\/\/diariodominicano.com\/index.php?rest_route=\/wp\/v2\/posts\/475403\/revisions\/475406"}],"wp:featuredmedia":[{"embeddable":true,"href":"https:\/\/diariodominicano.com\/index.php?rest_route=\/wp\/v2\/media\/475404"}],"wp:attachment":[{"href":"https:\/\/diariodominicano.com\/index.php?rest_route=%2Fwp%2Fv2%2Fmedia&parent=475403"}],"wp:term":[{"taxonomy":"category","embeddable":true,"href":"https:\/\/diariodominicano.com\/index.php?rest_route=%2Fwp%2Fv2%2Fcategories&post=475403"},{"taxonomy":"post_tag","embeddable":true,"href":"https:\/\/diariodominicano.com\/index.php?rest_route=%2Fwp%2Fv2%2Ftags&post=475403"}],"curies":[{"name":"wp","href":"https:\/\/api.w.org\/{rel}","templated":true}]}}