{"id":475399,"date":"2023-09-28T00:08:11","date_gmt":"2023-09-28T04:08:11","guid":{"rendered":"http:\/\/diariodominicano.com\/?p=475399"},"modified":"2023-09-28T00:09:01","modified_gmt":"2023-09-28T04:09:01","slug":"sobre-la-celebracion-del-chuseok","status":"publish","type":"post","link":"https:\/\/diariodominicano.com\/?p=475399","title":{"rendered":"Sobre la celebraci\u00f3n del Chuseok"},"content":{"rendered":"\n<p>Imagen de archivo: Antony J. Blinken, Secretario de Estado:<\/p>\n\n\n\n<p>En nombre de los Estados Unidos de Am\u00e9rica, extiendo mis m\u00e1s c\u00e1lidos deseos a todo el pueblo coreano mientras celebran la feliz ocasi\u00f3n del Chuseok.<\/p>\n\n\n\n<p>Esta festividad especial, llena de tradici\u00f3n y significado cultural, re\u00fane a familias, amigos y comunidades. Se nos recuerda el esp\u00edritu duradero de amistad y cooperaci\u00f3n que fortalece el v\u00ednculo entre nuestras dos naciones.<\/p>\n\n\n\n<p>Que durante estas festividades de Chuseok, el esp\u00edritu de camarader\u00eda y los valores compartidos sigan guiando nuestro viaje juntos. La fuerte amistad entre nuestros pa\u00edses es un faro de esperanza y progreso, que ejemplifica el potencial que surge cuando naciones con ideas afines colaboran.<\/p>\n\n\n\n<p>Que esta temporada de Chuseok traiga alegr\u00eda, armon\u00eda y prosperidad para todos.<\/p>\n\n\n\n<p> <a rel=\"noreferrer noopener\" href=\"https:\/\/lnks.gd\/l\/eyJhbGciOiJIUzI1NiJ9.eyJidWxsZXRpbl9saW5rX2lkIjoxMDAsInVyaSI6ImJwMjpjbGljayIsInVybCI6Imh0dHBzOi8vd3d3LnN0YXRlLmdvdi9vbi10aGUtY2VsZWJyYXRpb24tb2YtY2h1c2Vvay8iLCJidWxsZXRpbl9pZCI6IjIwMjMwOTI3LjgzMjE5MDAxIn0.y5pNYK9V_ywpeH5E_uI0PZYGpzsKuquRvZmEIfpdDwo\/s\/1375542893\/br\/226904220084-l\" target=\"_blank\">Sobre la celebraci\u00f3n del Chuseok<\/a>27\/09\/2023 11:36 a.m.EDT <\/p>\n\n\n\n<p>U.S. Department of State<a target=\"_blank\" href=\"mailto:usstatebpa@public.govdelivery.com\" rel=\"noreferrer noopener\">usstatebpa@public.govdelivery.<\/a><\/p>\n","protected":false},"excerpt":{"rendered":"<p>Imagen de archivo: Antony J. Blinken, Secretario de Estado: En nombre de los Estados Unidos de Am\u00e9rica, extiendo mis m\u00e1s c\u00e1lidos deseos a todo el pueblo coreano mientras celebran la feliz ocasi\u00f3n del Chuseok. Esta festividad especial, llena de tradici\u00f3n y significado cultural, re\u00fane a familias, amigos y comunidades. Se nos recuerda el esp\u00edritu duradero [&hellip;]<\/p>\n","protected":false},"author":28,"featured_media":460569,"comment_status":"closed","ping_status":"","sticky":false,"template":"","format":"standard","meta":{"footnotes":""},"categories":[21,23,32],"tags":[],"class_list":["post-475399","post","type-post","status-publish","format-standard","has-post-thumbnail","hentry","category-cultura","category-internacional","category-turismo"],"_links":{"self":[{"href":"https:\/\/diariodominicano.com\/index.php?rest_route=\/wp\/v2\/posts\/475399","targetHints":{"allow":["GET"]}}],"collection":[{"href":"https:\/\/diariodominicano.com\/index.php?rest_route=\/wp\/v2\/posts"}],"about":[{"href":"https:\/\/diariodominicano.com\/index.php?rest_route=\/wp\/v2\/types\/post"}],"author":[{"embeddable":true,"href":"https:\/\/diariodominicano.com\/index.php?rest_route=\/wp\/v2\/users\/28"}],"replies":[{"embeddable":true,"href":"https:\/\/diariodominicano.com\/index.php?rest_route=%2Fwp%2Fv2%2Fcomments&post=475399"}],"version-history":[{"count":3,"href":"https:\/\/diariodominicano.com\/index.php?rest_route=\/wp\/v2\/posts\/475399\/revisions"}],"predecessor-version":[{"id":475402,"href":"https:\/\/diariodominicano.com\/index.php?rest_route=\/wp\/v2\/posts\/475399\/revisions\/475402"}],"wp:featuredmedia":[{"embeddable":true,"href":"https:\/\/diariodominicano.com\/index.php?rest_route=\/wp\/v2\/media\/460569"}],"wp:attachment":[{"href":"https:\/\/diariodominicano.com\/index.php?rest_route=%2Fwp%2Fv2%2Fmedia&parent=475399"}],"wp:term":[{"taxonomy":"category","embeddable":true,"href":"https:\/\/diariodominicano.com\/index.php?rest_route=%2Fwp%2Fv2%2Fcategories&post=475399"},{"taxonomy":"post_tag","embeddable":true,"href":"https:\/\/diariodominicano.com\/index.php?rest_route=%2Fwp%2Fv2%2Ftags&post=475399"}],"curies":[{"name":"wp","href":"https:\/\/api.w.org\/{rel}","templated":true}]}}