{"id":475273,"date":"2023-09-27T02:34:29","date_gmt":"2023-09-27T06:34:29","guid":{"rendered":"http:\/\/diariodominicano.com\/?p=475273"},"modified":"2023-09-27T02:35:17","modified_gmt":"2023-09-27T06:35:17","slug":"evangelicos-califican-de-muy-atinadas-recientes-medidas-del-gobierno-para-solucionar-crisis-fronteriza-con-haiti-pero-piden-misericordia","status":"publish","type":"post","link":"https:\/\/diariodominicano.com\/?p=475273","title":{"rendered":"Evang\u00e9licos califican de muy atinadas recientes medidas del gobierno para solucionar crisis fronteriza con Hait\u00ed, pero piden Misericordia"},"content":{"rendered":"\n<p>Santo Domingo, R. D.-El Obispo Nacional Administrativo de la Iglesia de Dios RD, reverendo Juan Tiburcio P\u00e9rez, indic\u00f3 como muy atinadas las \u00faltimas medidas anunciadas por el Presidente Luis Abinader, para buscar soluci\u00f3n a la crisis fronteriza surgida entre nuestro pa\u00eds y Hait\u00ed, por la construcci\u00f3n unilateral de un canal para desviar el cauce del r\u00edo Masacre \u00f3 Dajab\u00f3n del lado haitiano; lo que asegur\u00f3 va en v\u00eda de solucionar dicha situaci\u00f3n.<\/p>\n\n\n\n<p>No obstante, el Supervisor Nacional de Iglesia de Dios RD, indic\u00f3, adem\u00e1s, que la medida de reactivar el \u201cCanal La Vig\u00eda\u201d, para controlar las aguas del afluente que pasa por Hait\u00ed, y la regulaci\u00f3n con apertura gradual del comercio fronterizo; junto a otras acciones, se deben ejecutar con \u201cMisericordia\u201d, hacia el pueblo pobre de Hait\u00ed; a fin de que puedan comprar y vender, para llevar el sustento a sus familiares, que es lo que aconseja la Palabra de Dios.<\/p>\n\n\n\n<p>\u201cRecord\u00f3 que a pesar de los diversos criterios que se han emitido con relaci\u00f3n a dicha crisis fronteriza, cree que la posici\u00f3n del Presidente Abinader y el Gobierno Dominicano han sido correcta y responde al clamor del pa\u00eds, y que aunque hay que aplicar tambi\u00e9n la misericordia, nuestros vecinos deben entender que somos un pa\u00eds libre y soberano, al cual no puede venir otra naci\u00f3n a trazarle reglas y decirnos c\u00f3mo hacer las cosas\u201d, enfatiz\u00f3 el reverendo Tiburcio, tras participar en la Gran Marcha Por la Biblia, celebrada este fin de semana en la Capital.<\/p>\n\n\n\n<p>La \u201cGran Marcha por La Biblia\u201d, es una actividad que cada a\u00f1o celebran las iglesias cristianas\/protestantes de la Capital y el Gran Santo Domingo, en conmemoraci\u00f3n del \u201cD\u00eda Nacional de la Biblia\u201d, que se celebra en el pa\u00eds cada 27 de Septiembre, desde el 1984, fecha en que fue incorporado por el Congreso Nacional, mediante la Ley 204-84, como parte de los festejos de la Comunidad Evang\u00e9lica del pa\u00eds por el llamado \u201cMes de la Biblia\u201d.<\/p>\n\n\n\n<p>Juan Burgos<a target=\"_blank\" href=\"mailto:elvocerocristiano@gmail.com\" rel=\"noreferrer noopener\">elvocerocristiano@gmail.com<\/a><\/p>\n\n\n\n<p><strong>Depto. Comunicaci\u00f3n, Prensa y Publicidad<\/strong><\/p>\n\n\n\n<p><strong>Iglesia de Dios RD,<\/strong><\/p>\n\n\n\n<p><strong>Septiembre, Mes de La Biblia.<\/strong><\/p>\n","protected":false},"excerpt":{"rendered":"<p>Santo Domingo, R. D.-El Obispo Nacional Administrativo de la Iglesia de Dios RD, reverendo Juan Tiburcio P\u00e9rez, indic\u00f3 como muy atinadas las \u00faltimas medidas anunciadas por el Presidente Luis Abinader, para buscar soluci\u00f3n a la crisis fronteriza surgida entre nuestro pa\u00eds y Hait\u00ed, por la construcci\u00f3n unilateral de un canal para desviar el cauce del [&hellip;]<\/p>\n","protected":false},"author":28,"featured_media":473133,"comment_status":"closed","ping_status":"","sticky":false,"template":"","format":"standard","meta":{"footnotes":""},"categories":[20,112],"tags":[],"class_list":["post-475273","post","type-post","status-publish","format-standard","has-post-thumbnail","hentry","category-dominicana-hoy","category-haiti"],"_links":{"self":[{"href":"https:\/\/diariodominicano.com\/index.php?rest_route=\/wp\/v2\/posts\/475273","targetHints":{"allow":["GET"]}}],"collection":[{"href":"https:\/\/diariodominicano.com\/index.php?rest_route=\/wp\/v2\/posts"}],"about":[{"href":"https:\/\/diariodominicano.com\/index.php?rest_route=\/wp\/v2\/types\/post"}],"author":[{"embeddable":true,"href":"https:\/\/diariodominicano.com\/index.php?rest_route=\/wp\/v2\/users\/28"}],"replies":[{"embeddable":true,"href":"https:\/\/diariodominicano.com\/index.php?rest_route=%2Fwp%2Fv2%2Fcomments&post=475273"}],"version-history":[{"count":2,"href":"https:\/\/diariodominicano.com\/index.php?rest_route=\/wp\/v2\/posts\/475273\/revisions"}],"predecessor-version":[{"id":475275,"href":"https:\/\/diariodominicano.com\/index.php?rest_route=\/wp\/v2\/posts\/475273\/revisions\/475275"}],"wp:featuredmedia":[{"embeddable":true,"href":"https:\/\/diariodominicano.com\/index.php?rest_route=\/wp\/v2\/media\/473133"}],"wp:attachment":[{"href":"https:\/\/diariodominicano.com\/index.php?rest_route=%2Fwp%2Fv2%2Fmedia&parent=475273"}],"wp:term":[{"taxonomy":"category","embeddable":true,"href":"https:\/\/diariodominicano.com\/index.php?rest_route=%2Fwp%2Fv2%2Fcategories&post=475273"},{"taxonomy":"post_tag","embeddable":true,"href":"https:\/\/diariodominicano.com\/index.php?rest_route=%2Fwp%2Fv2%2Ftags&post=475273"}],"curies":[{"name":"wp","href":"https:\/\/api.w.org\/{rel}","templated":true}]}}