{"id":475242,"date":"2023-09-27T01:59:51","date_gmt":"2023-09-27T05:59:51","guid":{"rendered":"http:\/\/diariodominicano.com\/?p=475242"},"modified":"2023-09-27T02:09:50","modified_gmt":"2023-09-27T06:09:50","slug":"orgullo-de-mi-tierra-convivencia-yaque-o-la-soga-3-colao-2-cine-estrenar-en-2023","status":"publish","type":"post","link":"https:\/\/diariodominicano.com\/?p=475242","title":{"rendered":"CRONICA DEL CINE DOMINICANO QUE AUN NO YA LLEGADO A PANTALLAS EN 2023"},"content":{"rendered":"\n<p>Orgullo de mi Tierra, Convivencia, Yaque O +, La soga 3 Colao 2, cine estrenar en 2023<\/p>\n\n\n\n<p> La soga 3, con Manny Perez, <\/p>\n\n\n\n<figure class=\"wp-block-image size-large\"><img loading=\"lazy\" decoding=\"async\" width=\"691\" height=\"1024\" src=\"https:\/\/diariodominicano.com\/wp-content\/uploads\/2023\/09\/Colao-2-691x1024.webp\" alt=\"\" class=\"wp-image-475245\" srcset=\"https:\/\/diariodominicano.com\/wp-content\/uploads\/2023\/09\/Colao-2-691x1024.webp 691w, https:\/\/diariodominicano.com\/wp-content\/uploads\/2023\/09\/Colao-2-203x300.webp 203w, https:\/\/diariodominicano.com\/wp-content\/uploads\/2023\/09\/Colao-2-768x1138.webp 768w, https:\/\/diariodominicano.com\/wp-content\/uploads\/2023\/09\/Colao-2-1037x1536.webp 1037w, https:\/\/diariodominicano.com\/wp-content\/uploads\/2023\/09\/Colao-2-816x1209.webp 816w, https:\/\/diariodominicano.com\/wp-content\/uploads\/2023\/09\/Colao-2.webp 1080w\" sizes=\"auto, (max-width: 691px) 100vw, 691px\" \/><\/figure>\n\n\n\n<p>Llegan: Orgullo de mi Tierra, Convivencia, Yaque (documental) O Positivo, La soga 23 Colao 2, Justo a Tiempo, entre otros proyectos. \u00bfQu\u00e9 hacer con El a\u00f1o del tigre, un caso especial?<\/p>\n\n\n\n<p>Jos\u00e9 Rafael Sosa<\/p>\n\n\n\n<p>Desde el pasado 24 de septiembre, cuando publicamos sobre pel\u00edculas dominicanas estrenadas y algunas en proyecci\u00f3n de hacerlo, surgi\u00f3 mucha m\u00e1s informaci\u00f3n que ahora configuran un cuadro mucho m\u00e1s completo.<\/p>\n\n\n\n<p>Lo que procur\u00e1bamos es ofrecer una panor\u00e1mica expositiva, que sirviera de referencia a quienes, desde los distintos premios y galardones de cine, tienen el privilegio y el deber de reconocer lo mejor del cine. Al publicarse la nota, se gener\u00f3 una oleada de inter\u00e9s de cineastas y cr\u00edticos, adem\u00e1s de informaci\u00f3n oficial de Caribbean Cinemas y Palacio del Cine, por lo cual retomamos en tema para dar una visi\u00f3n m\u00e1s completa.<\/p>\n\n\n\n<p>Lo ya estrenado<\/p>\n\n\n\n<p>Caribbean estren\u00f3 el jueves 14, <strong>Croma <\/strong><strong>Kid<\/strong> (Pablo Chea), \u00f3pera prima que nos entusiasm\u00f3 desde el III Festival de Cine Fine Arts Hecho en Casa 2023, con las actuaciones de <strong>Nashla Bogaert, David Maler, Bosco C\u00e1rdenas Guzm\u00e1n, y Jaime Pi\u00f1a<\/strong>, como Lito, producida por L\u00e1ntica Media y Aurora Dominicana y en particular con los productores: Rafael El\u00edas Mu\u00f1oz, Laura Amelia Guzm\u00e1n y C\u00e1rdenas; La m\u00fasica es de Gr\u00e9goire Blanc. La canci\u00f3n oficial \u201cMagia\u201d es interpretada por Solo Fern\u00e1ndez. &nbsp;Es un trabajo f\u00edlmico hermoso, de una notable sensibilidad y una inocencia infantil en su reconstrucci\u00f3n de \u00e9poca digna y disfrutable.<\/p>\n\n\n\n<p>El jueves 21 puso <strong>El m\u00e9todo<\/strong> (David Maler), que hab\u00edamos consignado como cine de magn\u00edfico valor en su adaptaci\u00f3n. Se logra una de las mejores adaptaciones al cine a partir de una pieza de teatro internacional, dot\u00e1ndole de aliento propio.<\/p>\n\n\n\n<figure class=\"wp-block-image size-full\"><img loading=\"lazy\" decoding=\"async\" width=\"804\" height=\"696\" src=\"https:\/\/diariodominicano.com\/wp-content\/uploads\/2023\/09\/Orgullo-de-mi-tierra..jpeg\" alt=\"\" class=\"wp-image-475250\" srcset=\"https:\/\/diariodominicano.com\/wp-content\/uploads\/2023\/09\/Orgullo-de-mi-tierra..jpeg 804w, https:\/\/diariodominicano.com\/wp-content\/uploads\/2023\/09\/Orgullo-de-mi-tierra.-300x260.jpeg 300w, https:\/\/diariodominicano.com\/wp-content\/uploads\/2023\/09\/Orgullo-de-mi-tierra.-768x665.jpeg 768w\" sizes=\"auto, (max-width: 804px) 100vw, 804px\" \/><figcaption>ORGULLO DE MI TIERRA<\/figcaption><\/figure>\n\n\n\n<p><strong>Lo que est\u00e1 por llegar<\/strong><\/p>\n\n\n\n<p>El jueves 28, tendremos el documental <strong>Orgullo de mi tierra<\/strong> (Jessika Hasbun y Kelvin Liria y Tito Rodriguez, en el cual se expondr\u00e1n las trayectorias de Francisca Lachapell, el cantautor Vicente Garc\u00eda, Julissa Reynoso, la doctora Bernarda Jim\u00e9nez Clemente<strong> \u2013<\/strong> activista por los derechos de las inmigrantes latinas en Espa\u00f1a y dirigente PSOE- y la arque\u00f3loga <strong>Kathleen Mart\u00ednez,<\/strong> todas figuras de altos merecimientos profesionales y humanos.<\/p>\n\n\n\n<p>En octubre 5, tendremos<strong> Yaque,<\/strong> documental (<strong>Oliver Olivo)<\/strong>, quien logra desplegar su valor nacional (a pesar de ser un r\u00edo local) al explorar con belleza y ajuste de sus detalles. Estudia y recorre el r\u00edo Yaque del Norte. Un grupo de cineastas, ha invertido al menos cuatro a\u00f1os, desde cuando nos cont\u00f3 sus inicios la productora <strong>Nicole Qui\u00f1ones<\/strong>, para Butler POB films. &nbsp;Es el tipo de proyectos que se hacen por amor y por principios, relegando el aspecto comercial a los planos de menor trascendencia.<\/p>\n\n\n\n<p><strong>Yaque <\/strong>es una aventura f\u00edlmica que trasciende su tema. Es un canto a la vida, uno de esos documentales que nos muestran la necesidad de amor, el patrimonio natural propio, matizado de rigurosidad t\u00e9cnica y sentido art\u00edstico, con enorme responsabilidad medioambiental.<\/p>\n\n\n\n<p>El jueves 12 de octubre<strong>, Danilo <\/strong><strong>Reynoso Rodriguez y Evelina Rodriguez,<\/strong> como una de las parejas m\u00e1s activas de productores dominicanos, ver\u00e1n en pantallas dominicanas su coproducci\u00f3n O positivo (como preferimos llamarla, ya que el 0+ <strong>(Bruno <\/strong><strong>Musso),<\/strong> nos resulta confuso, no siendo as\u00ed la fuerza de su drama emotivo, que denuncia tab\u00faes en torno al VIH y al derecho a amar de las mujeres que viven con esa condici\u00f3n. &nbsp;En el filme y mostrar las realidades de la discriminaci\u00f3n basada en la ignorancia fueron algunos de objetivos que motivaron a Musso a contar este relato.<\/p>\n\n\n\n<p>El jueves 19 buscar\u00e1 el favor del p\u00fablico amante de la acci\u00f3n f\u00edlmica y de los personajes que abren tradici\u00f3n y franquicia, <strong>La soga 3<\/strong>, con la direcci\u00f3n y producci\u00f3n de <strong>Manny P\u00e9rez<\/strong>, quien, e aprovechando sus experiencias de trabajos f\u00edlmicos de acci\u00f3n, desde que nos trajo la primera entrega (12 agosto 2010, hace trece a\u00f1os), procura lograr una trascendencia dram\u00e1tica. Ojal\u00e1 lo logre, pero nada podemos decir. Ya la veremos.<\/p>\n\n\n\n<p>El avance pinta bien, pero ese recurso solo no puede ser plataforma para evaluar nada.<\/p>\n\n\n\n<p><strong>Colao 2,<\/strong> va el 30 de noviembre, cuyo avance describe la onda en que llega: hacerse fuerte en sus \u201cganchos\u201d y atractivos cinematogr\u00e1ficos de humor y emotividad y fortalecer los valores de producci\u00f3n como cine, pero hasta no verla, nada es v\u00e1lido especular. Perozo sabe que, si se repite sin renovarse, se estanca. Ese es su dilema. Parece una de las comedias fuertes del 2023, si llega con los recursos que acostumbra imprimirles a sus proyectos, las chicas de Caribbean.<\/p>\n\n\n\n<p>Palacio del cine<\/p>\n\n\n\n<p>Este circuito ha estrenado el jueves 21 de septiembre <strong>Justo a tiempo (Arturo <\/strong><strong>Mojica),<\/strong> una produccion cristiana que ha iniciado sus proyecciones con el respaldo de los Corripio, parte de esa responsabilidad asumida para dar espacio a producciones f\u00edlmicas dominicanas, sobre todo portadoras de este mensaje. La iremos a ver tan pronto sea posible.<\/p>\n\n\n\n<figure class=\"wp-block-image size-full\"><img loading=\"lazy\" decoding=\"async\" width=\"738\" height=\"438\" src=\"https:\/\/diariodominicano.com\/wp-content\/uploads\/2023\/09\/Convivencia-1.jpg\" alt=\"\" class=\"wp-image-475248\" srcset=\"https:\/\/diariodominicano.com\/wp-content\/uploads\/2023\/09\/Convivencia-1.jpg 738w, https:\/\/diariodominicano.com\/wp-content\/uploads\/2023\/09\/Convivencia-1-300x178.jpg 300w\" sizes=\"auto, (max-width: 738px) 100vw, 738px\" \/><figcaption>Convivencia<\/figcaption><\/figure>\n\n\n\n<p>El 28 de septiembre trae <strong>Convivencia<\/strong> (Jos\u00e9 Vargas G\u00f3mez, con guion de Tony G\u00f3mez Guzm\u00e1n y la direcci\u00f3n de fotograf\u00eda de Oliver Mota). Presenta la misteriosa muerte de un inquilino en un condominio, el resto de los cond\u00f3mines son citados por la polic\u00eda para fines de interrogaci\u00f3n. Es un thriller policial en que veremos a Francis Cruz, Pachy M\u00e9ndez, Gerardo Mercedes, Niurka Mota, Karina Valdez, \u00c1ngela Bernal, Mario N\u00fa\u00f1ez, Ruth Emeterio y Roger Wasserman.<\/p>\n\n\n\n<p><strong>El a\u00f1o del Tigre<\/strong><\/p>\n\n\n\n<p>Un caso especial plantea, en funci\u00f3n de premiar o no, este sangriento y desbocado <strong>El <\/strong><strong>a\u00f1o del tigre<\/strong>, drama con tintes de humor, dirigido por un director joven, a quien hay que hacerle un lugar aparte en la producci\u00f3n audiovisual dominicana: Yasser Michel\u00e9n.<\/p>\n\n\n\n<p>La trama refiere una cadena de asesinatos forzosos para eliminar testigos.<\/p>\n\n\n\n<p>La pel\u00edcula de Michel\u00e9n no fue al cine, por lo cual se plantea a quienes premian pel\u00edculas\u2026 Es cine a ser tomado en serio porque apunta a una carrera que dar\u00e1 mucho de qu\u00e9 hablar.<\/p>\n\n\n\n<p>\u00bfQu\u00e9 hacer en estos casos? Se exhibe en plataforma Star Plus, como primera pel\u00edcula dominicana que entra en convenio con Disney Plus, tras cumplir con una lista de 70 requisitos en un contrato de m\u00e1s de 250 p\u00e1ginas. La altura y la calidad de Michel\u00e9n como director.<\/p>\n\n\n\n<p><strong>Pel\u00edculas <em>en el aire<\/em><\/strong><\/p>\n\n\n\n<p><strong>Freddy<\/strong> (Jean Carlos Beras-Poico) Tiene dos actuaciones de distintos momentos de la vida de Freddy a cargo de Luis Jos\u00e9 Germ\u00e1n y Augusto Feria.<\/p>\n\n\n\n<p><strong>A tiro limpio,<\/strong> esa s\u00ed ha pasado por procesos luego de su exitoso tr\u00e1iler mostrando fuerza para exponer un thriller de fuerza con un magn\u00edfico casting. Se ha anunciado su desarrollo varias veces, se han tra\u00eddo municiones, se han hecho ruedas de prensa, pero hace falta claridad de fechas.<\/p>\n\n\n\n<p><strong>\u201cJuego de Hombres\u201d (\u00c1ngel Muniz)<\/strong> Drama LGTBQ sobre un pelotero que rompe tab\u00faes.<\/p>\n\n\n\n<p><strong>\u201cNo, \u00a1es no!\u201d,<\/strong> de (F\u00e9lix Limardo), ganadora en el Festival Internacional de Cine de Suecia 2023.<\/p>\n\n\n\n<p><strong>Pedro, el poeta<\/strong> (Jos\u00e9 Enrique Pintor documenta) La trayectoria del poeta nacional, tratado por la agudeza y mirada art\u00edstica de un cineasta que estableci\u00f3 sello con Santo Domingo, Primada de Am\u00e9rica.<\/p>\n\n\n\n<p><strong>El fot\u00f3grafo de la 40<\/strong>, (Erika Santelices y Orlando Barr\u00eda, documental). Es la historia recuperada del acto de valent\u00eda y sacrificio casi desconocido del fot\u00f3grafo <strong>Pedro An\u00edbal Fuentes <\/strong><strong>Berg<\/strong>, quien desde su papel de fot\u00f3grafo de la c\u00e1rcel de torturas en La 40, captando a los presos pol\u00edticos del r\u00e9gimen, Fue la persona responsable de proyectar al mundo el rostro real de la dictadura de Trujillo, al filtrar las im\u00e1genes que tomaba en la prisi\u00f3n clandestina a los presos pol\u00edticos torturados. El documental probablemente se estrene en el Festival de Cine Global Dominicano de enero 2024.<\/p>\n\n\n\n<p><strong>El <\/strong><strong>Cocoro del Futuro.<\/strong> (Co Direcci\u00f3n y edici\u00f3n: Juan Jos\u00e9 Cid) Descripci\u00f3n el entorno del emblem\u00e1tico grupo art\u00edstico Travesti Los creadores de Im\u00e1genes, de los a\u00f1os 80&#8217;s en Santo Domingo.<\/p>\n\n\n\n<p>Pero su director y editor, est\u00e1 en campa\u00f1a pol\u00edtica por el sector LGBTQ. Es uno de los mejores editores de cine del pais y esta es su \u00f3pera prima. Ojal\u00e1 la pol\u00edtica, no nos desarme un nuevo director.<\/p>\n\n\n\n<p><strong>El centenario de la coronaci\u00f3n de la Virgen de Altagracia y El Custodio<\/strong> (Ambos documentales de Larimar y dirigidos por Elsa Turul de Alma).<\/p>\n\n\n\n<p><strong>La estrategia del mero.<\/strong> Drama familiar. Director y guionista, Edgar De Luque J\u00e1come. Coproducida por cinco pa\u00edses y Larimar, productora dominicana. El papel protag\u00f3nico est\u00e1 a cargo de un personaje transg\u00e9nero, una circunstancia que es la primera vez que ocurre en el cine local.<\/p>\n\n\n\n<p><strong>Capit\u00e1n Avispa,<\/strong> (Jean Gabriel Guerra) filme que se encuentra en producci\u00f3n de animaci\u00f3n y que est\u00e1 inspirada en la famosa canci\u00f3n \u201cLas avispas\u201d, del cantante dominicano, su productor general y responsable de su banda sonora, con la participaci\u00f3n \u2013 se ha dicho\u2014 de figuras art\u00edsticas de nivel internacional, doblando las voces, pero la informacion que dejan salir es escasa y a veces parece un muro de silencios.<\/p>\n\n\n\n<p>La pel\u00edcula, que desde ya est\u00e1 creando expectativas por tratarse de la calidad con la que el m\u00fasico siempre ha presentado sus trabajos, se hace bajo la Ley de Cine, como se explica en la p\u00e1gina de la entidad cinematogr\u00e1fica en su rengl\u00f3n de producci\u00f3n de proyectos nacionales.<\/p>\n\n\n\n<p><strong>Olivia y las Nubes<\/strong>. (Tom\u00e1s Pichardo Espaillat). Productora: Antares cine y animaci\u00f3n,<\/p>\n\n\n\n<p><strong>La <\/strong><strong>Odisea,<\/strong> <strong>Juana, Pepe y Lupita<\/strong> (Marvin del Cid, Documental:) documental. La muerte de algunos de estos manat\u00edes puede que altere el ritmo de produccion y haya que variar el gui\u00f3n, si se decide finalmente hacerlos.<\/p>\n\n\n\n<p>Marvin del Cid es un profesional del audiovisual medioambiental que ha entregado <strong>Cac\u00fa, un cambio por la<\/strong> vida (2021), ganador de varios premios de cine documental.<\/p>\n\n\n\n<p>Pies de foto<\/p>\n\n\n\n<p>La soga 3, con Manny Perez,<\/p>\n\n\n\n<p>Colao2, (Frank Perozo) viene el 30 de noviembre.<\/p>\n\n\n\n<p>Convivencia, drama policial que promete ser algo distinto, pero habr\u00e1 que verla.<\/p>\n\n\n\n<p>Enlace relacionado:<\/p>\n\n\n\n<p>(<a href=\"https:\/\/joserafaelsosa.com\/se-estrena-el-metodo-y-lo-mejor-del-cine-dominicano-en-2023\/_\">https:\/\/joserafaelsosa.com\/se-estrena-el-metodo-y-lo-mejor-del-cine-dominicano-en-2023\/_<\/a>)<\/p>\n","protected":false},"excerpt":{"rendered":"<p>Orgullo de mi Tierra, Convivencia, Yaque O +, La soga 3 Colao 2, cine estrenar en 2023 La soga 3, con Manny Perez, Llegan: Orgullo de mi Tierra, Convivencia, Yaque (documental) O Positivo, La soga 23 Colao 2, Justo a Tiempo, entre otros proyectos. \u00bfQu\u00e9 hacer con El a\u00f1o del tigre, un caso especial? Jos\u00e9 [&hellip;]<\/p>\n","protected":false},"author":28,"featured_media":475243,"comment_status":"closed","ping_status":"","sticky":false,"template":"","format":"standard","meta":{"footnotes":""},"categories":[21,36,27,32],"tags":[],"class_list":["post-475242","post","type-post","status-publish","format-standard","has-post-thumbnail","hentry","category-cultura","category-hombresmujeresycosas","category-portada","category-turismo"],"_links":{"self":[{"href":"https:\/\/diariodominicano.com\/index.php?rest_route=\/wp\/v2\/posts\/475242","targetHints":{"allow":["GET"]}}],"collection":[{"href":"https:\/\/diariodominicano.com\/index.php?rest_route=\/wp\/v2\/posts"}],"about":[{"href":"https:\/\/diariodominicano.com\/index.php?rest_route=\/wp\/v2\/types\/post"}],"author":[{"embeddable":true,"href":"https:\/\/diariodominicano.com\/index.php?rest_route=\/wp\/v2\/users\/28"}],"replies":[{"embeddable":true,"href":"https:\/\/diariodominicano.com\/index.php?rest_route=%2Fwp%2Fv2%2Fcomments&post=475242"}],"version-history":[{"count":6,"href":"https:\/\/diariodominicano.com\/index.php?rest_route=\/wp\/v2\/posts\/475242\/revisions"}],"predecessor-version":[{"id":475253,"href":"https:\/\/diariodominicano.com\/index.php?rest_route=\/wp\/v2\/posts\/475242\/revisions\/475253"}],"wp:featuredmedia":[{"embeddable":true,"href":"https:\/\/diariodominicano.com\/index.php?rest_route=\/wp\/v2\/media\/475243"}],"wp:attachment":[{"href":"https:\/\/diariodominicano.com\/index.php?rest_route=%2Fwp%2Fv2%2Fmedia&parent=475242"}],"wp:term":[{"taxonomy":"category","embeddable":true,"href":"https:\/\/diariodominicano.com\/index.php?rest_route=%2Fwp%2Fv2%2Fcategories&post=475242"},{"taxonomy":"post_tag","embeddable":true,"href":"https:\/\/diariodominicano.com\/index.php?rest_route=%2Fwp%2Fv2%2Ftags&post=475242"}],"curies":[{"name":"wp","href":"https:\/\/api.w.org\/{rel}","templated":true}]}}