{"id":475196,"date":"2023-09-27T00:47:00","date_gmt":"2023-09-27T04:47:00","guid":{"rendered":"http:\/\/diariodominicano.com\/?p=475196"},"modified":"2023-09-27T01:07:20","modified_gmt":"2023-09-27T05:07:20","slug":"celebran-segunda-edicion-de-premios-a-la-moda-dominicana","status":"publish","type":"post","link":"https:\/\/diariodominicano.com\/?p=475196","title":{"rendered":"Celebran Segunda Edici\u00f3n de Premios a la Moda Dominicana\u00a0\u00a0"},"content":{"rendered":"\n<p> Adolfo Lucero, Ivan Balcacer, Gaby Desangles, Leonel Lirio Ganador del Gran Galard\u00f3n, Satalin Victoria, Anny Abate, Juan Tomas y Francisco Sanchis <\/p>\n\n\n\n<p><strong><em>\u201cEsta segunda versi\u00f3n incluy\u00f3 cinco nuevos renglones como son: eventos, colectiva o desfile de moda, dise\u00f1ador de trajes de ba\u00f1o, colecci\u00f3n de moda masculina, dise\u00f1ador extranjero destacado en RD y espacio de moda en radio o televisi\u00f3n\u201d.-<\/em><\/strong><\/p>\n\n\n\n<figure class=\"wp-block-image size-large\"><img loading=\"lazy\" decoding=\"async\" width=\"1024\" height=\"683\" src=\"https:\/\/diariodominicano.com\/wp-content\/uploads\/2023\/09\/Reconocimiento-a-Reading-Pantaleon-1024x683.jpg\" alt=\"\" class=\"wp-image-475199\" srcset=\"https:\/\/diariodominicano.com\/wp-content\/uploads\/2023\/09\/Reconocimiento-a-Reading-Pantaleon-1024x683.jpg 1024w, https:\/\/diariodominicano.com\/wp-content\/uploads\/2023\/09\/Reconocimiento-a-Reading-Pantaleon-300x200.jpg 300w, https:\/\/diariodominicano.com\/wp-content\/uploads\/2023\/09\/Reconocimiento-a-Reading-Pantaleon-768x512.jpg 768w, https:\/\/diariodominicano.com\/wp-content\/uploads\/2023\/09\/Reconocimiento-a-Reading-Pantaleon-1536x1024.jpg 1536w, https:\/\/diariodominicano.com\/wp-content\/uploads\/2023\/09\/Reconocimiento-a-Reading-Pantaleon-2048x1365.jpg 2048w, https:\/\/diariodominicano.com\/wp-content\/uploads\/2023\/09\/Reconocimiento-a-Reading-Pantaleon-816x544.jpg 816w\" sizes=\"auto, (max-width: 1024px) 100vw, 1024px\" \/><figcaption>Reconocimiento a Reading Pantaleon <\/figcaption><\/figure>\n\n\n\n<p><strong>SANTO DOMINGO<\/strong>.-&nbsp;El Teatro la Fiesta del Hotel Renaissance Jaragua se visti\u00f3 de gala para celebrar la segunda edici\u00f3n de los Premios a la Moda Dominicana (PMD) 2023. Resultando con el Gran Galard\u00f3n el dise\u00f1ador dominicano Leonel Lirio.<\/p>\n\n\n\n<figure class=\"wp-block-image size-large\"><img loading=\"lazy\" decoding=\"async\" width=\"1024\" height=\"683\" src=\"https:\/\/diariodominicano.com\/wp-content\/uploads\/2023\/09\/Reconocimiento-a-Tita-Hasbun-1024x683.jpg\" alt=\"\" class=\"wp-image-475203\" srcset=\"https:\/\/diariodominicano.com\/wp-content\/uploads\/2023\/09\/Reconocimiento-a-Tita-Hasbun-1024x683.jpg 1024w, https:\/\/diariodominicano.com\/wp-content\/uploads\/2023\/09\/Reconocimiento-a-Tita-Hasbun-300x200.jpg 300w, https:\/\/diariodominicano.com\/wp-content\/uploads\/2023\/09\/Reconocimiento-a-Tita-Hasbun-768x512.jpg 768w, https:\/\/diariodominicano.com\/wp-content\/uploads\/2023\/09\/Reconocimiento-a-Tita-Hasbun-1536x1024.jpg 1536w, https:\/\/diariodominicano.com\/wp-content\/uploads\/2023\/09\/Reconocimiento-a-Tita-Hasbun-2048x1365.jpg 2048w, https:\/\/diariodominicano.com\/wp-content\/uploads\/2023\/09\/Reconocimiento-a-Tita-Hasbun-816x544.jpg 816w\" sizes=\"auto, (max-width: 1024px) 100vw, 1024px\" \/><figcaption>Reconocimiento a Tita Hasbun<\/figcaption><\/figure>\n\n\n\n<p>Esta ceremonia anual se realiza con el objetivo de reconocer a los mejores exponentes de la moda, la confecci\u00f3n y la pasarela dominicana.<\/p>\n\n\n\n<p>Stalin Victoria, CEO de Premios a la Moda Dominicana, expres\u00f3 su satisfacci\u00f3n de poder promover la creatividad y el trabajo de todos los talentos que se involucran en el mundo de la moda.<\/p>\n\n\n\n<figure class=\"wp-block-image size-large\"><img loading=\"lazy\" decoding=\"async\" width=\"1024\" height=\"716\" src=\"https:\/\/diariodominicano.com\/wp-content\/uploads\/2023\/09\/Reconocimiento-como-Icono-de-la-Moda-Helen-Blandino-1024x716.jpg\" alt=\"\" class=\"wp-image-475206\" srcset=\"https:\/\/diariodominicano.com\/wp-content\/uploads\/2023\/09\/Reconocimiento-como-Icono-de-la-Moda-Helen-Blandino-1024x716.jpg 1024w, https:\/\/diariodominicano.com\/wp-content\/uploads\/2023\/09\/Reconocimiento-como-Icono-de-la-Moda-Helen-Blandino-300x210.jpg 300w, https:\/\/diariodominicano.com\/wp-content\/uploads\/2023\/09\/Reconocimiento-como-Icono-de-la-Moda-Helen-Blandino-768x537.jpg 768w, https:\/\/diariodominicano.com\/wp-content\/uploads\/2023\/09\/Reconocimiento-como-Icono-de-la-Moda-Helen-Blandino-1536x1075.jpg 1536w, https:\/\/diariodominicano.com\/wp-content\/uploads\/2023\/09\/Reconocimiento-como-Icono-de-la-Moda-Helen-Blandino-2048x1433.jpg 2048w, https:\/\/diariodominicano.com\/wp-content\/uploads\/2023\/09\/Reconocimiento-como-Icono-de-la-Moda-Helen-Blandino-816x571.jpg 816w\" sizes=\"auto, (max-width: 1024px) 100vw, 1024px\" \/><figcaption>Reconocimiento como Icono de la Moda-Helen Blandino<\/figcaption><\/figure>\n\n\n\n<p>\u201cAplaudimos a cada uno de los que trabajan en las diversas \u00e1reas de esta industria exponencialmente creciente, tales como dise\u00f1adores, modelos, estilistas, maquilladores, peluqueros, fot\u00f3grafos, escuelas de modelos, agencias, cazatalentos, fot\u00f3grafos especializados, semanas de la moda, colecciones, y todos los que aportan a fortalecer el sello aut\u00f3ctono en este \u00e1mbito\u201d, se\u00f1al\u00f3 Victoria.<\/p>\n\n\n\n<figure class=\"wp-block-image size-large\"><img loading=\"lazy\" decoding=\"async\" width=\"1024\" height=\"683\" src=\"https:\/\/diariodominicano.com\/wp-content\/uploads\/2023\/09\/Disenador-Destacado-en-el-Extranjero-y-Disenador-Femenino-Giannina-Azar--1024x683.jpg\" alt=\"\" class=\"wp-image-475208\" srcset=\"https:\/\/diariodominicano.com\/wp-content\/uploads\/2023\/09\/Disenador-Destacado-en-el-Extranjero-y-Disenador-Femenino-Giannina-Azar--1024x683.jpg 1024w, https:\/\/diariodominicano.com\/wp-content\/uploads\/2023\/09\/Disenador-Destacado-en-el-Extranjero-y-Disenador-Femenino-Giannina-Azar--300x200.jpg 300w, https:\/\/diariodominicano.com\/wp-content\/uploads\/2023\/09\/Disenador-Destacado-en-el-Extranjero-y-Disenador-Femenino-Giannina-Azar--768x512.jpg 768w, https:\/\/diariodominicano.com\/wp-content\/uploads\/2023\/09\/Disenador-Destacado-en-el-Extranjero-y-Disenador-Femenino-Giannina-Azar--1536x1024.jpg 1536w, https:\/\/diariodominicano.com\/wp-content\/uploads\/2023\/09\/Disenador-Destacado-en-el-Extranjero-y-Disenador-Femenino-Giannina-Azar--2048x1365.jpg 2048w, https:\/\/diariodominicano.com\/wp-content\/uploads\/2023\/09\/Disenador-Destacado-en-el-Extranjero-y-Disenador-Femenino-Giannina-Azar--816x544.jpg 816w\" sizes=\"auto, (max-width: 1024px) 100vw, 1024px\" \/><figcaption>Dise\u00f1ador Destacado en el Extranjero y Dise\u00f1ador Femenino- Giannina Azar<\/figcaption><\/figure>\n\n\n\n<p>Agradeci\u00f3 a todos los que confiaron en esta propuesta, al jurado por su entrega y empe\u00f1o, y a los auspiciadores por creer en el talento dominicano \u201cNos sentimos plenos de contar con el apoyo de tantos auspiciadores que han cre\u00eddo en este nuevo concepto de premiaci\u00f3n\u201d.<\/p>\n\n\n\n<p>En esta segunda edici\u00f3n fueron reconocidos Reading Pantale\u00f3n, asesor de imagen, celebrity y fashion stylist;&nbsp;&nbsp;M\u00f3nica Mendoza, maestra y artista del maquillaje; Marisol Henr\u00edquez, prestigiosa dise\u00f1adora dominicana; Helen Blandino, un referente de moda que ser\u00e1&nbsp;&nbsp;reconocida como \u201cIcono de la Moda;&nbsp;<a>Tita Hasb\u00fan<\/a>, comunicadora, publicista y entrepeneur;&nbsp;&nbsp;Cherny Reyes, periodista, publirrelacionista, docente, cr\u00edtico y analista de tendencias;&nbsp;<a>Nery D\u00edaz,&nbsp;<\/a>creadora de Gatsby Dominicana y asesora de reinas de belleza, y Farah Cabrera, una leyenda en el dise\u00f1o nacional.<\/p>\n\n\n\n<figure class=\"wp-block-image size-large is-resized\"><img loading=\"lazy\" decoding=\"async\" src=\"https:\/\/diariodominicano.com\/wp-content\/uploads\/2023\/09\/Marca-Dominicana-Camila-Casual-1024x683.jpg\" alt=\"\" class=\"wp-image-475210\" width=\"604\" height=\"402\" srcset=\"https:\/\/diariodominicano.com\/wp-content\/uploads\/2023\/09\/Marca-Dominicana-Camila-Casual-1024x683.jpg 1024w, https:\/\/diariodominicano.com\/wp-content\/uploads\/2023\/09\/Marca-Dominicana-Camila-Casual-300x200.jpg 300w, https:\/\/diariodominicano.com\/wp-content\/uploads\/2023\/09\/Marca-Dominicana-Camila-Casual-768x512.jpg 768w, https:\/\/diariodominicano.com\/wp-content\/uploads\/2023\/09\/Marca-Dominicana-Camila-Casual-1536x1024.jpg 1536w, https:\/\/diariodominicano.com\/wp-content\/uploads\/2023\/09\/Marca-Dominicana-Camila-Casual-2048x1365.jpg 2048w, https:\/\/diariodominicano.com\/wp-content\/uploads\/2023\/09\/Marca-Dominicana-Camila-Casual-816x544.jpg 816w\" sizes=\"auto, (max-width: 604px) 100vw, 604px\" \/><figcaption>Marca Dominicana- Camila Casual<\/figcaption><\/figure>\n\n\n\n<p>Durante la gala se presentaron las recientes colecciones de Giannina Azar, Mildred Veras, Joel Reyes, Bride to Be y desde New york, Abigail Silverio y Renato Dicent.<\/p>\n\n\n\n<figure class=\"wp-block-image size-large\"><img loading=\"lazy\" decoding=\"async\" width=\"1024\" height=\"683\" src=\"https:\/\/diariodominicano.com\/wp-content\/uploads\/2023\/09\/Coleccion-Femenina-Peskisia-Miguel-Genao-1024x683.jpg\" alt=\"\" class=\"wp-image-475212\" srcset=\"https:\/\/diariodominicano.com\/wp-content\/uploads\/2023\/09\/Coleccion-Femenina-Peskisia-Miguel-Genao-1024x683.jpg 1024w, https:\/\/diariodominicano.com\/wp-content\/uploads\/2023\/09\/Coleccion-Femenina-Peskisia-Miguel-Genao-300x200.jpg 300w, https:\/\/diariodominicano.com\/wp-content\/uploads\/2023\/09\/Coleccion-Femenina-Peskisia-Miguel-Genao-768x512.jpg 768w, https:\/\/diariodominicano.com\/wp-content\/uploads\/2023\/09\/Coleccion-Femenina-Peskisia-Miguel-Genao-1536x1024.jpg 1536w, https:\/\/diariodominicano.com\/wp-content\/uploads\/2023\/09\/Coleccion-Femenina-Peskisia-Miguel-Genao-2048x1365.jpg 2048w, https:\/\/diariodominicano.com\/wp-content\/uploads\/2023\/09\/Coleccion-Femenina-Peskisia-Miguel-Genao-816x544.jpg 816w\" sizes=\"auto, (max-width: 1024px) 100vw, 1024px\" \/><figcaption>Coleccion Femenina- Peskisia Miguel Genao<\/figcaption><\/figure>\n\n\n\n<p>Los comunicadores Alex Macias y Gaby Desangles fueron los presentadores del premio, mientras que Lowensky Natera y Marielle A. Puello condujeron la alfombra roja. En esta entrega Francisco Sanch\u00eds, Selin\u00e9e M\u00e9ndez, Anny Abatte, Juan Tom\u00e1s, Iv\u00e1n Balc\u00e1cer, Elis Mesa y Adolfo Lucero, fueron los jurados que se encargaron de evaluar con alto criterio y sentido a cada uno de los nominados.&nbsp;<\/p>\n\n\n\n<p>Henry Coradin<a target=\"_blank\" href=\"mailto:henrycoradinrelacionespublicas@gmail.com\" rel=\"noreferrer noopener\">henrycoradinrelacionespublicas@gmail.com<\/a><\/p>\n\n\n\n<p><\/p>\n\n\n\n<p><\/p>\n","protected":false},"excerpt":{"rendered":"<p>Adolfo Lucero, Ivan Balcacer, Gaby Desangles, Leonel Lirio Ganador del Gran Galard\u00f3n, Satalin Victoria, Anny Abate, Juan Tomas y Francisco Sanchis \u201cEsta segunda versi\u00f3n incluy\u00f3 cinco nuevos renglones como son: eventos, colectiva o desfile de moda, dise\u00f1ador de trajes de ba\u00f1o, colecci\u00f3n de moda masculina, dise\u00f1ador extranjero destacado en RD y espacio de moda en [&hellip;]<\/p>\n","protected":false},"author":28,"featured_media":475197,"comment_status":"closed","ping_status":"","sticky":true,"template":"","format":"standard","meta":{"footnotes":""},"categories":[36,20,27,32],"tags":[],"class_list":["post-475196","post","type-post","status-publish","format-standard","has-post-thumbnail","hentry","category-hombresmujeresycosas","category-dominicana-hoy","category-portada","category-turismo"],"_links":{"self":[{"href":"https:\/\/diariodominicano.com\/index.php?rest_route=\/wp\/v2\/posts\/475196","targetHints":{"allow":["GET"]}}],"collection":[{"href":"https:\/\/diariodominicano.com\/index.php?rest_route=\/wp\/v2\/posts"}],"about":[{"href":"https:\/\/diariodominicano.com\/index.php?rest_route=\/wp\/v2\/types\/post"}],"author":[{"embeddable":true,"href":"https:\/\/diariodominicano.com\/index.php?rest_route=\/wp\/v2\/users\/28"}],"replies":[{"embeddable":true,"href":"https:\/\/diariodominicano.com\/index.php?rest_route=%2Fwp%2Fv2%2Fcomments&post=475196"}],"version-history":[{"count":11,"href":"https:\/\/diariodominicano.com\/index.php?rest_route=\/wp\/v2\/posts\/475196\/revisions"}],"predecessor-version":[{"id":475220,"href":"https:\/\/diariodominicano.com\/index.php?rest_route=\/wp\/v2\/posts\/475196\/revisions\/475220"}],"wp:featuredmedia":[{"embeddable":true,"href":"https:\/\/diariodominicano.com\/index.php?rest_route=\/wp\/v2\/media\/475197"}],"wp:attachment":[{"href":"https:\/\/diariodominicano.com\/index.php?rest_route=%2Fwp%2Fv2%2Fmedia&parent=475196"}],"wp:term":[{"taxonomy":"category","embeddable":true,"href":"https:\/\/diariodominicano.com\/index.php?rest_route=%2Fwp%2Fv2%2Fcategories&post=475196"},{"taxonomy":"post_tag","embeddable":true,"href":"https:\/\/diariodominicano.com\/index.php?rest_route=%2Fwp%2Fv2%2Ftags&post=475196"}],"curies":[{"name":"wp","href":"https:\/\/api.w.org\/{rel}","templated":true}]}}