{"id":475183,"date":"2023-09-27T00:28:49","date_gmt":"2023-09-27T04:28:49","guid":{"rendered":"http:\/\/diariodominicano.com\/?p=475183"},"modified":"2023-09-27T00:30:33","modified_gmt":"2023-09-27T04:30:33","slug":"instituto-biblico-y-programa-vida-abundante-convocan-a-celebrar-dia-nacional-de-la-biblia","status":"publish","type":"post","link":"https:\/\/diariodominicano.com\/?p=475183","title":{"rendered":"Instituto B\u00edblico y programa \u201cVida Abundante\u201d convocan a\u00a0celebrar D\u00eda Nacional de la Biblia"},"content":{"rendered":"\n<p>&nbsp;Por doce a\u00f1os consecutivos el&nbsp;Instituto B\u00edblico I Reyes 8 y el programa radial&nbsp;Vida Abundante celebrar\u00e1 este mi\u00e9rcoles 27 a partir de las 5:00&nbsp;de la tarde la concentraci\u00f3n \u201cBiblia en mano\u201d, con motivo del D\u00eda Nacional de la Biblia, que tendr\u00e1 lugar en&nbsp;el parque Los Jardines del Norte, ubicado en el Km. 61\/2 de la Autopista Duarte, frente a Leche Rica y Tele Antillas, de esta ciudad capital.<\/p>\n\n\n\n<figure class=\"wp-block-image size-large\"><img loading=\"lazy\" decoding=\"async\" width=\"498\" height=\"1024\" src=\"https:\/\/diariodominicano.com\/wp-content\/uploads\/2023\/09\/20220927_182648-1-498x1024.jpg\" alt=\"\" class=\"wp-image-475186\" srcset=\"https:\/\/diariodominicano.com\/wp-content\/uploads\/2023\/09\/20220927_182648-1-498x1024.jpg 498w, https:\/\/diariodominicano.com\/wp-content\/uploads\/2023\/09\/20220927_182648-1-146x300.jpg 146w, https:\/\/diariodominicano.com\/wp-content\/uploads\/2023\/09\/20220927_182648-1-768x1580.jpg 768w, https:\/\/diariodominicano.com\/wp-content\/uploads\/2023\/09\/20220927_182648-1-747x1536.jpg 747w, https:\/\/diariodominicano.com\/wp-content\/uploads\/2023\/09\/20220927_182648-1-996x2048.jpg 996w, https:\/\/diariodominicano.com\/wp-content\/uploads\/2023\/09\/20220927_182648-1-816x1679.jpg 816w, https:\/\/diariodominicano.com\/wp-content\/uploads\/2023\/09\/20220927_182648-1-scaled.jpg 1244w\" sizes=\"auto, (max-width: 498px) 100vw, 498px\" \/><\/figure>\n\n\n\n<p>La pastora, doctor Mayra Guzm\u00e1n De los Santos, abog\u00f3 para que este d\u00eda sea declarado no laborable y se trabaje para expandir esta celebraci\u00f3n a todas las dem\u00e1s naciones\u201d.&nbsp;<\/p>\n\n\n\n<p>Dijo que la actividad ha sido celebrada de manera continua durante los \u00faltimos doce a\u00f1os, lo que les hace pioneros en motivar a las iglesias a realizar actividades similares, lo cual a la fecha se ha ido extendiendo en todo el pa\u00eds, dando lugar al nacimiento de una nueva cultura en este sentido.&nbsp;<\/p>\n\n\n\n<p>Guzm\u00e1n De los Santos inform\u00f3 que en la actividad se realizar\u00e1 un programa de lectura continua de la Palabra de Dios y un concierto de adoraci\u00f3n con el ministerio de la Iglesia Asamblea de Dios de Los Jardines del Norte.<\/p>\n\n\n\n<p>La predicaci\u00f3n estar\u00e1 a cargo de&nbsp;la propia Guzm\u00e1n De Los Santos, mientras adicionalmente estaremos evangelizando en toda el \u00e1rea para que&nbsp;la Palabra de Dios \u201ccorra y sea glorificada\u201d para salvaci\u00f3n y vida eterna en&nbsp;Jesucristo, apunt\u00f3.&nbsp; &nbsp;&nbsp;<\/p>\n\n\n\n<p>\u201cInvitamos a los amantes de la Palabra de Dios, a los que les gu\u00eda y fortalece en todo tiempo, a unirse a la celebraci\u00f3n del D\u00eda Nacional de la Biblia, aprobado mediante Ley 204-84\u201d, expres\u00f3 la pastora Guzm\u00e1n De los Santos.&nbsp;&nbsp;&nbsp;<\/p>\n\n\n\n<p>Sugiri\u00f3 al comercio nacional \u201chacer fiesta de descuentos para la ocasi\u00f3n\u00bb. Somos llamados a importantizar este gran d\u00eda e ir formando una cultura de festividad por la gran bendici\u00f3n de contar con la Palabra de Dios en medio nuestro\u201d.<\/p>\n\n\n\n<p>Guzm\u00e1n De los Santos llam\u00f3 a saludar este \u201cFeliz d\u00eda de la Biblia\u201d, en tanto invit\u00f3, asimismo, a compartir intercambios de regalos y comidas apetitosas entre los integrantes de las comunidades en general.<\/p>\n\n\n\n<p>\u201cAspiramos a que este d\u00eda sea declarado no laborable y que podamos expandir su celebraci\u00f3n a todas las dem\u00e1s naciones\u201d, enfatiz\u00f3 la pastora Guzm\u00e1n De los Santos.&nbsp;<\/p>\n\n\n\n<p>&nbsp;Expres\u00f3 que \u201csi la Palabra de Dios es fundamental en tu vida, ven a testificar de ello, glorific\u00e1ndola!\u201d.&nbsp;&nbsp;&nbsp;<\/p>\n\n\n\n<p>\u201cSer\u00e1 un d\u00eda de gozo y alegr\u00eda\u00a0en Jesucristo\u201d, adelant\u00f3 Guzm\u00e1n De los Santos, quien indic\u00f3 que la actividad la organizan el Instituto B\u00edblico I Reyes 8, el programa radial Vida Abundante que se transmite por la Red Nacional Cristiana, 710 AM, cada mi\u00e9rcoles de 1 a 2 de la tarde, y la Iglesia Asambleas de Dios de Los Jardines del Norte, entidades que el pasado s\u00e1bado 23, en el marco de la celebraci\u00f3n del mes de la Biblia llevaron a cabo un exitoso operativo m\u00e9dico, con distintas especialidades, medicina general, medicina interna, ginecolog\u00eda, otorrinolaringolog\u00eda, salud bucal, y orientaci\u00f3n psicol\u00f3gica, como parte del compromiso social asumido con los m\u00e1s necesitados y que as\u00ed nuestro Se\u00f1or Jesucristo nos ha ense\u00f1ado, como\u00a0 lo dice su palabra en Mateo 4:23,\u00a0\u201cY recorri\u00f3 Jes\u00fas toda Galilea, ense\u00f1ando en las sinagogas de ellos, y predicando el evangelio del reino, y sanando toda enfermedad y toda dolencia en el pueblo.\u201d<strong>\u00a0<\/strong><\/p>\n\n\n\n<p>Emiliano Reyes<a target=\"_blank\" href=\"mailto:ere.prensa@gmail.com\" rel=\"noreferrer noopener\">ere.prensa@gmail.com<\/a><\/p>\n\n\n\n<p><strong>26 de septiembre de 2023.<\/strong><br>Emiliano Reyes<br><a href=\"http:\/\/www.ereprensa.blogspot.com\/\" target=\"_blank\" rel=\"noreferrer noopener\">www.ereprensa.blogspot.com<\/a><\/p>\n","protected":false},"excerpt":{"rendered":"<p>&nbsp;Por doce a\u00f1os consecutivos el&nbsp;Instituto B\u00edblico I Reyes 8 y el programa radial&nbsp;Vida Abundante celebrar\u00e1 este mi\u00e9rcoles 27 a partir de las 5:00&nbsp;de la tarde la concentraci\u00f3n \u201cBiblia en mano\u201d, con motivo del D\u00eda Nacional de la Biblia, que tendr\u00e1 lugar en&nbsp;el parque Los Jardines del Norte, ubicado en el Km. 61\/2 de la Autopista [&hellip;]<\/p>\n","protected":false},"author":28,"featured_media":475184,"comment_status":"closed","ping_status":"","sticky":true,"template":"","format":"standard","meta":{"footnotes":""},"categories":[21,36,27,32],"tags":[],"class_list":["post-475183","post","type-post","status-publish","format-standard","has-post-thumbnail","hentry","category-cultura","category-hombresmujeresycosas","category-portada","category-turismo"],"_links":{"self":[{"href":"https:\/\/diariodominicano.com\/index.php?rest_route=\/wp\/v2\/posts\/475183","targetHints":{"allow":["GET"]}}],"collection":[{"href":"https:\/\/diariodominicano.com\/index.php?rest_route=\/wp\/v2\/posts"}],"about":[{"href":"https:\/\/diariodominicano.com\/index.php?rest_route=\/wp\/v2\/types\/post"}],"author":[{"embeddable":true,"href":"https:\/\/diariodominicano.com\/index.php?rest_route=\/wp\/v2\/users\/28"}],"replies":[{"embeddable":true,"href":"https:\/\/diariodominicano.com\/index.php?rest_route=%2Fwp%2Fv2%2Fcomments&post=475183"}],"version-history":[{"count":3,"href":"https:\/\/diariodominicano.com\/index.php?rest_route=\/wp\/v2\/posts\/475183\/revisions"}],"predecessor-version":[{"id":475188,"href":"https:\/\/diariodominicano.com\/index.php?rest_route=\/wp\/v2\/posts\/475183\/revisions\/475188"}],"wp:featuredmedia":[{"embeddable":true,"href":"https:\/\/diariodominicano.com\/index.php?rest_route=\/wp\/v2\/media\/475184"}],"wp:attachment":[{"href":"https:\/\/diariodominicano.com\/index.php?rest_route=%2Fwp%2Fv2%2Fmedia&parent=475183"}],"wp:term":[{"taxonomy":"category","embeddable":true,"href":"https:\/\/diariodominicano.com\/index.php?rest_route=%2Fwp%2Fv2%2Fcategories&post=475183"},{"taxonomy":"post_tag","embeddable":true,"href":"https:\/\/diariodominicano.com\/index.php?rest_route=%2Fwp%2Fv2%2Ftags&post=475183"}],"curies":[{"name":"wp","href":"https:\/\/api.w.org\/{rel}","templated":true}]}}