{"id":475169,"date":"2023-09-27T00:08:50","date_gmt":"2023-09-27T04:08:50","guid":{"rendered":"http:\/\/diariodominicano.com\/?p=475169"},"modified":"2023-09-27T00:33:31","modified_gmt":"2023-09-27T04:33:31","slug":"panama-anuncia-guia-de-inversion-turistica-con-el-apoyo-de-caf-y-la-omt","status":"publish","type":"post","link":"https:\/\/diariodominicano.com\/?p=475169","title":{"rendered":"Panam\u00e1 anuncia Gu\u00eda de Inversi\u00f3n Tur\u00edstica con el apoyo de CAF y la OMT"},"content":{"rendered":"\n<p><em>La informaci\u00f3n se dio a conocer en el contexto de la 7\u00aa Convenci\u00f3n Nacional de Turismo, desarrollada en la capital paname\u00f1a, en v\u00edsperas del D\u00eda Mundial del Turismo.<\/em><\/p>\n\n\n\n<p><a><em>(Ciudad de Panam\u00e1, 26 de septiembre de 2023) <\/em><\/a>\u2013 Panam\u00e1, con la cooperaci\u00f3n t\u00e9cnica no reembolsable de <strong>CAF \u2013banco de desarrollo de Am\u00e9rica Latina y el Caribe\u2013<\/strong> y la asesor\u00eda de la Organizaci\u00f3n Mundial del Turismo (OMT), desarrollar\u00e1 una Gu\u00eda de Inversi\u00f3n Tur\u00edstica, convirti\u00e9ndose en otro pa\u00eds de la regi\u00f3n en contar con un documento de tal magnitud, tras las experiencias desarrolladas en Rep\u00fablica Dominicana, Colombia, Paraguay y Ecuador.<\/p>\n\n\n\n<figure class=\"wp-block-image size-large\"><img loading=\"lazy\" decoding=\"async\" width=\"1024\" height=\"683\" src=\"https:\/\/diariodominicano.com\/wp-content\/uploads\/2023\/09\/2_CAF_Turismo-1024x683.jpg\" alt=\"\" class=\"wp-image-475172\" srcset=\"https:\/\/diariodominicano.com\/wp-content\/uploads\/2023\/09\/2_CAF_Turismo-1024x683.jpg 1024w, https:\/\/diariodominicano.com\/wp-content\/uploads\/2023\/09\/2_CAF_Turismo-300x200.jpg 300w, https:\/\/diariodominicano.com\/wp-content\/uploads\/2023\/09\/2_CAF_Turismo-768x512.jpg 768w, https:\/\/diariodominicano.com\/wp-content\/uploads\/2023\/09\/2_CAF_Turismo-1536x1025.jpg 1536w, https:\/\/diariodominicano.com\/wp-content\/uploads\/2023\/09\/2_CAF_Turismo-816x544.jpg 816w, https:\/\/diariodominicano.com\/wp-content\/uploads\/2023\/09\/2_CAF_Turismo.jpg 2048w\" sizes=\"auto, (max-width: 1024px) 100vw, 1024px\" \/><\/figure>\n\n\n\n<p>El anuncio fue hecho en el contexto de la 7\u00aa Convenci\u00f3n Nacional de Turismo (CONATUR), en medio de un panel denominado \u201cGu\u00eda de Inversi\u00f3n Tur\u00edstica\u201d, el cual fue moderado por la ministra de Turismo de Panam\u00e1, <strong>Denise Guill\u00e9n<\/strong> y en el cual intervino el director de Turismo de CAF, <strong>\u00d3scar Rueda Garc\u00eda <\/strong>&nbsp;y el director de Turismo para las Am\u00e9ricas de la OMT, <strong>Gustavo Santos<\/strong>.<\/p>\n\n\n\n<p>La Gu\u00eda de Inversi\u00f3n Tur\u00edstica \u201ces un medio para promover principalmente la inversi\u00f3n extranjera en turismo en Panam\u00e1. Es un manual que debe contener el contexto macroecon\u00f3mico del pa\u00eds, el ambiente de inversi\u00f3n, los incentivos para la inversi\u00f3n tur\u00edstica, precisando si hay beneficios especiales trat\u00e1ndose de inversi\u00f3n verde o azul o de econom\u00edas creativas, que debe contener el r\u00e9gimen tributario y decirle al inversionista qu\u00e9 puede hacer con sus remesas, cu\u00e1l es el r\u00e9gimen de visados, y los proyectos de especial inter\u00e9s que se busca financiar, aunque obviamente la iniciativa es del inversionista, siempre y cuando se enmarque en la estrategia de turismo sostenible del pa\u00eds\u201d, explic\u00f3 Rueda.<\/p>\n\n\n\n<figure class=\"wp-block-image size-large\"><img loading=\"lazy\" decoding=\"async\" width=\"1024\" height=\"683\" src=\"https:\/\/diariodominicano.com\/wp-content\/uploads\/2023\/09\/3_CAF_Turismo-1024x683.jpg\" alt=\"\" class=\"wp-image-475174\" srcset=\"https:\/\/diariodominicano.com\/wp-content\/uploads\/2023\/09\/3_CAF_Turismo-1024x683.jpg 1024w, https:\/\/diariodominicano.com\/wp-content\/uploads\/2023\/09\/3_CAF_Turismo-300x200.jpg 300w, https:\/\/diariodominicano.com\/wp-content\/uploads\/2023\/09\/3_CAF_Turismo-768x512.jpg 768w, https:\/\/diariodominicano.com\/wp-content\/uploads\/2023\/09\/3_CAF_Turismo-1536x1025.jpg 1536w, https:\/\/diariodominicano.com\/wp-content\/uploads\/2023\/09\/3_CAF_Turismo-816x544.jpg 816w, https:\/\/diariodominicano.com\/wp-content\/uploads\/2023\/09\/3_CAF_Turismo.jpg 2048w\" sizes=\"auto, (max-width: 1024px) 100vw, 1024px\" \/><\/figure>\n\n\n\n<p>El director de Turismo de CAF tambi\u00e9n se refiri\u00f3 a los proyectos de financiaci\u00f3n y de cooperaci\u00f3n que adelanta CAF en Panam\u00e1 \u201cque van desde la recuperaci\u00f3n de senderos coloniales, pasando por propuestas para movilizaci\u00f3n en el Casco Antiguo, el atractivo m\u00e1s valioso de la ciudad, hasta un proyecto para la puesta en valor de la regi\u00f3n Caribe en Portobello y Santa Isabel, que impulsa la ministra de Turismo y que apoyamos con entusiasmo\u201d.<\/p>\n\n\n\n<p>Por su parte, la ministra <strong>Guill\u00e9n<\/strong> inform\u00f3 acerca del plan del ministerio &nbsp;\u201cnos encontramos en el proceso de agregar otras \u00e1reas y otros destinos tur\u00edsticos. De los 26 destinos, la priorizaci\u00f3n fue en 8, por lo cual la gu\u00eda va a mostrar no solamente nuestros 26 destinos con los que cuenta el pa\u00eds, sino la data actualizada con los prioritarios, agregando 3 m\u00e1s y con otras \u00e1reas de enfoque, adem\u00e1s de los circuitos, para que de esta forma crezca la ocupaci\u00f3n hotelera\u201d.<\/p>\n\n\n\n<p>En nombre de la OMT, <strong>Santos<\/strong> estim\u00f3 que \u201cson las inversiones las que van a ayudar a desarrollar y generar arraigo en nuestra gente y poblaciones, posibilidades de vidas dignas en nuestras comunidades y al mismo tiempo, el mantenimiento de nuestro patrimonio natural y cultural. En esta etapa, adem\u00e1s de la Gu\u00eda de Inversi\u00f3n Tur\u00edstica para Panam\u00e1, vamos a realizar como producto de la alianza con CAF, la de Uruguay, El Salvador, Barbados, Per\u00fa, Chile, Brasil y Honduras. Nuestro objetivo es que en el corto plazo todos los pa\u00edses de la regi\u00f3n tengan su Gu\u00eda de Inversi\u00f3n Tur\u00edstica\u201d.<\/p>\n\n\n\n<p><img loading=\"lazy\" decoding=\"async\" width=\"596\" height=\"5\" src=\"\">CAF -banco de desarrollo de Am\u00e9rica Latina y el Caribe- tiene como misi\u00f3n impulsar el desarrollo sostenible y la integraci\u00f3n regional, mediante el financiamiento de proyectos de los sectores p\u00fablico y privado, la provisi\u00f3n de cooperaci\u00f3n t\u00e9cnica y otros servicios especializados. Constituido en 1970 y conformado en la actualidad por 21 pa\u00edses -19 de Am\u00e9rica Latina y el Caribe, junto a Espa\u00f1a y Portugal- y 13 bancos privados,&nbsp;es una de las principales fuentes de financiamiento multilateral y un importante&nbsp;generador de conocimiento para la regi\u00f3n. M\u00e1s informaci\u00f3n en <a href=\"http:\/\/www.caf.com\/\">www.caf.com<\/a><\/p>\n\n\n\n<p>Luis Mor\u00e1n<a target=\"_blank\" href=\"mailto:lmoran@mccomunicaciones.com.pa\" rel=\"noreferrer noopener\">lmoran@mccomunicaciones.co<\/a><\/p>\n\n\n\n<p>CAF, Direcci\u00f3n de Comunicaci\u00f3n Estrat\u00e9gica, <a href=\"mailto:prensa@caf.com\">prensa@caf.com<\/a><\/p>\n\n\n\n<p>Encu\u00e9ntrenos en: Facebook: <a href=\"https:\/\/www.facebook.com\/CAF.America.Latina\">CAF.America.Latina<\/a> \/ Twitter: <a href=\"https:\/\/twitter.com\/AgendaCAF\">@AgendaCAF<\/a><\/p>\n","protected":false},"excerpt":{"rendered":"<p>La informaci\u00f3n se dio a conocer en el contexto de la 7\u00aa Convenci\u00f3n Nacional de Turismo, desarrollada en la capital paname\u00f1a, en v\u00edsperas del D\u00eda Mundial del Turismo. (Ciudad de Panam\u00e1, 26 de septiembre de 2023) \u2013 Panam\u00e1, con la cooperaci\u00f3n t\u00e9cnica no reembolsable de CAF \u2013banco de desarrollo de Am\u00e9rica Latina y el Caribe\u2013 [&hellip;]<\/p>\n","protected":false},"author":28,"featured_media":475170,"comment_status":"closed","ping_status":"","sticky":true,"template":"","format":"standard","meta":{"footnotes":""},"categories":[18,27,32],"tags":[],"class_list":["post-475169","post","type-post","status-publish","format-standard","has-post-thumbnail","hentry","category-economia","category-portada","category-turismo"],"_links":{"self":[{"href":"https:\/\/diariodominicano.com\/index.php?rest_route=\/wp\/v2\/posts\/475169","targetHints":{"allow":["GET"]}}],"collection":[{"href":"https:\/\/diariodominicano.com\/index.php?rest_route=\/wp\/v2\/posts"}],"about":[{"href":"https:\/\/diariodominicano.com\/index.php?rest_route=\/wp\/v2\/types\/post"}],"author":[{"embeddable":true,"href":"https:\/\/diariodominicano.com\/index.php?rest_route=\/wp\/v2\/users\/28"}],"replies":[{"embeddable":true,"href":"https:\/\/diariodominicano.com\/index.php?rest_route=%2Fwp%2Fv2%2Fcomments&post=475169"}],"version-history":[{"count":4,"href":"https:\/\/diariodominicano.com\/index.php?rest_route=\/wp\/v2\/posts\/475169\/revisions"}],"predecessor-version":[{"id":475190,"href":"https:\/\/diariodominicano.com\/index.php?rest_route=\/wp\/v2\/posts\/475169\/revisions\/475190"}],"wp:featuredmedia":[{"embeddable":true,"href":"https:\/\/diariodominicano.com\/index.php?rest_route=\/wp\/v2\/media\/475170"}],"wp:attachment":[{"href":"https:\/\/diariodominicano.com\/index.php?rest_route=%2Fwp%2Fv2%2Fmedia&parent=475169"}],"wp:term":[{"taxonomy":"category","embeddable":true,"href":"https:\/\/diariodominicano.com\/index.php?rest_route=%2Fwp%2Fv2%2Fcategories&post=475169"},{"taxonomy":"post_tag","embeddable":true,"href":"https:\/\/diariodominicano.com\/index.php?rest_route=%2Fwp%2Fv2%2Ftags&post=475169"}],"curies":[{"name":"wp","href":"https:\/\/api.w.org\/{rel}","templated":true}]}}