{"id":475058,"date":"2023-09-26T16:37:59","date_gmt":"2023-09-26T20:37:59","guid":{"rendered":"http:\/\/diariodominicano.com\/?p=475058"},"modified":"2023-09-26T16:38:11","modified_gmt":"2023-09-26T20:38:11","slug":"bandex-firma-acuerdo-cooperacion-con-camara-turismo-dominico-alemana","status":"publish","type":"post","link":"https:\/\/diariodominicano.com\/?p=475058","title":{"rendered":"BANDEX firma acuerdo cooperaci\u00f3n con C\u00e1mara Turismo Dom\u00ednico-Alemana"},"content":{"rendered":"\n<p> <a rel=\"noreferrer noopener\" href=\"https:\/\/www.diariolibre.com\/tags\/berlin-alemania\/146601\" target=\"_blank\"><strong>BERLIN, Alemania<\/strong><\/a><strong>.-<\/strong>El Banco de Desarrollo y Exportaciones\u00a0<strong>(BANDEX)\u00a0<\/strong>firm\u00f3 un acuerdo de cooperaci\u00f3n con la C\u00e1mara de Comercio, Industria y Turismo Dom\u00ednico-Alemana\u00a0<strong>(CCDA),<\/strong>\u00a0para promover facilidades financieras a los miembros del organismo, mediante referimiento de clientes de los sectores comercial, energ\u00eda y turismo.<\/p>\n\n\n\n<p>El objetivo del acuerdo, firmado por Juan Mustaf\u00e1, gerente general del BANDEX y Karsten Paul Windeler, presidente de la CCDA, indica que fortalecer\u00e1 las relaciones entre Alemania y Rep\u00fablica Dominicana, \u201cmientras el banco consultar\u00e1 a la CCDA para la ejecuci\u00f3n de proyectos bilaterales\u201d.<\/p>\n\n\n\n<p>Mediante la cooperaci\u00f3n mutua, las instituciones establecen, que la CCDA identificar\u00e1 para referir al BANDEX, potenciales clientes con necesidad de financiamiento, a los que el banco recibir\u00e1 para evaluarlos y brindarles los servicios de asesor\u00edas, acompa\u00f1amiento capacitaci\u00f3n t\u00e9cnica y financiamiento.<\/p>\n\n\n\n<div class=\"wp-block-jetpack-slideshow aligncenter\" data-effect=\"slide\"><div class=\"wp-block-jetpack-slideshow_container swiper-container\"><ul class=\"wp-block-jetpack-slideshow_swiper-wrapper swiper-wrapper\"><li class=\"wp-block-jetpack-slideshow_slide swiper-slide\"><figure><img loading=\"lazy\" decoding=\"async\" width=\"935\" height=\"1024\" alt=\"\" class=\"wp-block-jetpack-slideshow_image wp-image-475087\" data-id=\"475087\" src=\"https:\/\/diariodominicano.com\/wp-content\/uploads\/2023\/09\/Francisco-Caraballo-Karsten-Paul-Windeler-y-Juan-Mustafa-gerente-general-del-BANDEX--935x1024.jpg\" srcset=\"https:\/\/diariodominicano.com\/wp-content\/uploads\/2023\/09\/Francisco-Caraballo-Karsten-Paul-Windeler-y-Juan-Mustafa-gerente-general-del-BANDEX--935x1024.jpg 935w, https:\/\/diariodominicano.com\/wp-content\/uploads\/2023\/09\/Francisco-Caraballo-Karsten-Paul-Windeler-y-Juan-Mustafa-gerente-general-del-BANDEX--274x300.jpg 274w, https:\/\/diariodominicano.com\/wp-content\/uploads\/2023\/09\/Francisco-Caraballo-Karsten-Paul-Windeler-y-Juan-Mustafa-gerente-general-del-BANDEX--768x841.jpg 768w, https:\/\/diariodominicano.com\/wp-content\/uploads\/2023\/09\/Francisco-Caraballo-Karsten-Paul-Windeler-y-Juan-Mustafa-gerente-general-del-BANDEX--816x893.jpg 816w, https:\/\/diariodominicano.com\/wp-content\/uploads\/2023\/09\/Francisco-Caraballo-Karsten-Paul-Windeler-y-Juan-Mustafa-gerente-general-del-BANDEX-.jpg 1078w\" sizes=\"auto, (max-width: 935px) 100vw, 935px\" \/><\/figure><\/li><li class=\"wp-block-jetpack-slideshow_slide swiper-slide\"><figure><img loading=\"lazy\" decoding=\"async\" width=\"1024\" height=\"809\" alt=\"\" class=\"wp-block-jetpack-slideshow_image wp-image-475086\" data-id=\"475086\" src=\"https:\/\/diariodominicano.com\/wp-content\/uploads\/2023\/09\/Durante-la-firma-del-acuerdo-Francisco-Caraballo-Karsten-Paul-Windeler-y-Juan-Mustafa-gerente-general-del-BANDEX-.-1024x809.jpg\" srcset=\"https:\/\/diariodominicano.com\/wp-content\/uploads\/2023\/09\/Durante-la-firma-del-acuerdo-Francisco-Caraballo-Karsten-Paul-Windeler-y-Juan-Mustafa-gerente-general-del-BANDEX-.-1024x809.jpg 1024w, https:\/\/diariodominicano.com\/wp-content\/uploads\/2023\/09\/Durante-la-firma-del-acuerdo-Francisco-Caraballo-Karsten-Paul-Windeler-y-Juan-Mustafa-gerente-general-del-BANDEX-.-300x237.jpg 300w, https:\/\/diariodominicano.com\/wp-content\/uploads\/2023\/09\/Durante-la-firma-del-acuerdo-Francisco-Caraballo-Karsten-Paul-Windeler-y-Juan-Mustafa-gerente-general-del-BANDEX-.-768x607.jpg 768w, https:\/\/diariodominicano.com\/wp-content\/uploads\/2023\/09\/Durante-la-firma-del-acuerdo-Francisco-Caraballo-Karsten-Paul-Windeler-y-Juan-Mustafa-gerente-general-del-BANDEX-.-816x645.jpg 816w, https:\/\/diariodominicano.com\/wp-content\/uploads\/2023\/09\/Durante-la-firma-del-acuerdo-Francisco-Caraballo-Karsten-Paul-Windeler-y-Juan-Mustafa-gerente-general-del-BANDEX-..jpg 1519w\" sizes=\"auto, (max-width: 1024px) 100vw, 1024px\" \/><\/figure><\/li><\/ul><a class=\"wp-block-jetpack-slideshow_button-prev swiper-button-prev swiper-button-white\" role=\"button\"><\/a><a class=\"wp-block-jetpack-slideshow_button-next swiper-button-next swiper-button-white\" role=\"button\"><\/a><a aria-label=\"Pause Slideshow\" class=\"wp-block-jetpack-slideshow_button-pause\" role=\"button\"><\/a><div class=\"wp-block-jetpack-slideshow_pagination swiper-pagination swiper-pagination-white\"><\/div><\/div><\/div>\n\n\n\n<p>El BANDEX&nbsp;podr\u00e1 ofrecer los productos bancarios que tenga a disposici\u00f3n y cualquier otro servicio o producto contemplado en su cat\u00e1logo de operaciones, de conformidad a lo establecido en la Ley n\u00fam. 122-21, que transform\u00f3 el Banco Nacional de las Exportaciones a Banco de Desarrollo y Exportaciones y las disposiciones legales que rijan la materia.<\/p>\n\n\n\n<p>El convenio establece que los clientes referidos al BANDEX deber\u00e1n pertenecer al sector comercial, energ\u00eda y turismo, o formar parte de la cadena de valor de esos sectores, pero no estar\u00e1 limitado a ofrecer bienes y servicios a ser exportados de Rep\u00fablica Dominicana hacia Alemania.<\/p>\n\n\n\n<p>El&nbsp;<strong>BANDEX<\/strong>&nbsp;-indica el acuerdo-&nbsp;podr\u00e1 consultar a la&nbsp;<strong>CCDA<\/strong>&nbsp;para iniciativas sociales vinculadas con el desarrollo de la exportaci\u00f3n, \u201cy considerarlos para la ejecuci\u00f3n de proyectos bilaterales y darlos a conocer a la sociedad con el fin de ampliar sus miembros\u201d.&nbsp;&nbsp;<\/p>\n\n\n\n<p>Se dispone en el convenio que la CCDA, por medio de sus canales, identificar\u00e1 clientes del sector comercial, de energ\u00eda y tur\u00edstico que tengan una necesidad de financiamiento o apoyo en materia financiera, los que deber\u00e1n permanecer a este sector o formar parte de su cadena de valor, u ofrecer bienes o servicios a ser exportados desde la Rep\u00fablica Dominicana a Alemania.<\/p>\n\n\n\n<p>Una vez identificados los clientes, la&nbsp;<strong>CCDA<\/strong>, \u201cmanejar\u00e1 bajo criterio propio si poner el cliente en contacto directo con el \u00e1rea de negocios del banco<strong>,&nbsp;<\/strong>o remitir los datos de contacto directamente, a los fines de que&nbsp;<strong>BANDEX<\/strong>&nbsp;proceda a contactarlos.<\/p>\n\n\n\n<p>El convenio dispone que el BANDEX proceder\u00e1 a evaluar a los clientes referidos y se reserva el derecho de aceptar o rechazar, conforme las evaluaciones realizadas.<\/p>\n\n\n\n<p><strong>Sobre BANDEX<\/strong><\/p>\n\n\n\n<p>El Banco de Desarrollo y Exportaciones (BANDEX) es una entidad de intermediaci\u00f3n financiera dirigida al fomento de sectores productivos estrat\u00e9gicos para la diversificaci\u00f3n y fortalecimiento de la econom\u00eda dominicana.<\/p>\n\n\n\n<p>El BANDEX hace especial \u00e9nfasis en proyectos que generen un gran impacto en la poblaci\u00f3n y financia los de cuya naturaleza demanda condiciones m\u00e1s favorables para su crecimiento. Los renglones de financiamiento incluyen tecnolog\u00eda, energ\u00eda renovable, infraestructura de salud privada, equipos m\u00e9dicos, maquinaria para mecanizar la producci\u00f3n agr\u00edcola, transporte, infraestructura de agua, exportaci\u00f3n de bienes y servicios, turismo y el desarrollo de peque\u00f1as y medianas empresas.<\/p>\n\n\n\n<p>Para informaci\u00f3n: Alerdys D\u00edaz<\/p>\n\n\n\n<p>Analista de Relaciones P\u00fablicas 809-805-3830<\/p>\n\n\n\n<p><a href=\"mailto:adiaz@bandex.com.do\" target=\"_blank\" rel=\"noreferrer noopener\">adiaz@bandex.com.do<\/a><\/p>\n","protected":false},"excerpt":{"rendered":"<p>BERLIN, Alemania.-El Banco de Desarrollo y Exportaciones\u00a0(BANDEX)\u00a0firm\u00f3 un acuerdo de cooperaci\u00f3n con la C\u00e1mara de Comercio, Industria y Turismo Dom\u00ednico-Alemana\u00a0(CCDA),\u00a0para promover facilidades financieras a los miembros del organismo, mediante referimiento de clientes de los sectores comercial, energ\u00eda y turismo. El objetivo del acuerdo, firmado por Juan Mustaf\u00e1, gerente general del BANDEX y Karsten Paul Windeler, [&hellip;]<\/p>\n","protected":false},"author":7,"featured_media":475086,"comment_status":"closed","ping_status":"","sticky":true,"template":"","format":"standard","meta":{"footnotes":""},"categories":[27,32],"tags":[],"class_list":["post-475058","post","type-post","status-publish","format-standard","has-post-thumbnail","hentry","category-portada","category-turismo"],"_links":{"self":[{"href":"https:\/\/diariodominicano.com\/index.php?rest_route=\/wp\/v2\/posts\/475058","targetHints":{"allow":["GET"]}}],"collection":[{"href":"https:\/\/diariodominicano.com\/index.php?rest_route=\/wp\/v2\/posts"}],"about":[{"href":"https:\/\/diariodominicano.com\/index.php?rest_route=\/wp\/v2\/types\/post"}],"author":[{"embeddable":true,"href":"https:\/\/diariodominicano.com\/index.php?rest_route=\/wp\/v2\/users\/7"}],"replies":[{"embeddable":true,"href":"https:\/\/diariodominicano.com\/index.php?rest_route=%2Fwp%2Fv2%2Fcomments&post=475058"}],"version-history":[{"count":2,"href":"https:\/\/diariodominicano.com\/index.php?rest_route=\/wp\/v2\/posts\/475058\/revisions"}],"predecessor-version":[{"id":475090,"href":"https:\/\/diariodominicano.com\/index.php?rest_route=\/wp\/v2\/posts\/475058\/revisions\/475090"}],"wp:featuredmedia":[{"embeddable":true,"href":"https:\/\/diariodominicano.com\/index.php?rest_route=\/wp\/v2\/media\/475086"}],"wp:attachment":[{"href":"https:\/\/diariodominicano.com\/index.php?rest_route=%2Fwp%2Fv2%2Fmedia&parent=475058"}],"wp:term":[{"taxonomy":"category","embeddable":true,"href":"https:\/\/diariodominicano.com\/index.php?rest_route=%2Fwp%2Fv2%2Fcategories&post=475058"},{"taxonomy":"post_tag","embeddable":true,"href":"https:\/\/diariodominicano.com\/index.php?rest_route=%2Fwp%2Fv2%2Ftags&post=475058"}],"curies":[{"name":"wp","href":"https:\/\/api.w.org\/{rel}","templated":true}]}}