{"id":474941,"date":"2023-09-26T01:44:34","date_gmt":"2023-09-26T05:44:34","guid":{"rendered":"http:\/\/diariodominicano.com\/?p=474941"},"modified":"2023-09-26T01:51:42","modified_gmt":"2023-09-26T05:51:42","slug":"halcones-de-santiago-en-la-cima-del-clasico-de-pequenas-ligas","status":"publish","type":"post","link":"https:\/\/diariodominicano.com\/?p=474941","title":{"rendered":"Halcones de Santiago en la cima del Cl\u00e1sico de Peque\u00f1as Ligas"},"content":{"rendered":"\n<figure class=\"wp-block-image size-large is-resized\"><img loading=\"lazy\" decoding=\"async\" src=\"https:\/\/diariodominicano.com\/wp-content\/uploads\/2023\/09\/Jose-Antonio-Mena-1-1024x683.jpg\" alt=\"\" class=\"wp-image-474953\" width=\"604\" height=\"402\" srcset=\"https:\/\/diariodominicano.com\/wp-content\/uploads\/2023\/09\/Jose-Antonio-Mena-1-1024x683.jpg 1024w, https:\/\/diariodominicano.com\/wp-content\/uploads\/2023\/09\/Jose-Antonio-Mena-1-300x200.jpg 300w, https:\/\/diariodominicano.com\/wp-content\/uploads\/2023\/09\/Jose-Antonio-Mena-1-768x512.jpg 768w, https:\/\/diariodominicano.com\/wp-content\/uploads\/2023\/09\/Jose-Antonio-Mena-1-1536x1024.jpg 1536w, https:\/\/diariodominicano.com\/wp-content\/uploads\/2023\/09\/Jose-Antonio-Mena-1-2048x1365.jpg 2048w, https:\/\/diariodominicano.com\/wp-content\/uploads\/2023\/09\/Jose-Antonio-Mena-1-816x544.jpg 816w\" sizes=\"auto, (max-width: 604px) 100vw, 604px\" \/><figcaption> Jos\u00e9 Antonio Mena hace el lanzamiento de la primera bola.  <\/figcaption><\/figure>\n\n\n\n<p> <\/p>\n\n\n\n<p> Los equipos participantes del torneo.  Equipo 1<\/p>\n\n\n\n<figure class=\"wp-block-image size-large\"><img loading=\"lazy\" decoding=\"async\" width=\"1024\" height=\"683\" src=\"https:\/\/diariodominicano.com\/wp-content\/uploads\/2023\/09\/Equipo-2-1024x683.jpg\" alt=\"\" class=\"wp-image-474943\" srcset=\"https:\/\/diariodominicano.com\/wp-content\/uploads\/2023\/09\/Equipo-2-1024x683.jpg 1024w, https:\/\/diariodominicano.com\/wp-content\/uploads\/2023\/09\/Equipo-2-300x200.jpg 300w, https:\/\/diariodominicano.com\/wp-content\/uploads\/2023\/09\/Equipo-2-768x512.jpg 768w, https:\/\/diariodominicano.com\/wp-content\/uploads\/2023\/09\/Equipo-2-1536x1024.jpg 1536w, https:\/\/diariodominicano.com\/wp-content\/uploads\/2023\/09\/Equipo-2-2048x1365.jpg 2048w, https:\/\/diariodominicano.com\/wp-content\/uploads\/2023\/09\/Equipo-2-816x544.jpg 816w\" sizes=\"auto, (max-width: 1024px) 100vw, 1024px\" \/><\/figure>\n\n\n\n<p>Equipo 2 <\/p>\n\n\n\n<p><strong>SANTO DOMINGO.-<\/strong>&nbsp;El equipo de Halcones de Santiago asume el liderato del&nbsp;Cl\u00e1sico de Peque\u00f1as Ligas de B\u00e9isbol 2023, que tiene como embajador al director ejecutivo del Inefi, Alberto Rodr\u00edguez Mella.<\/p>\n\n\n\n<p>Los Halcones (2-0) comandan el grupo Nacional, seguidos de Bravos del Sur (2-0), Estrellas de San Isidro (1-1), Guerrero del Cibao (0-2) y Granjero del Este (0-2).<\/p>\n\n\n\n<figure class=\"wp-block-image size-large\"><img loading=\"lazy\" decoding=\"async\" width=\"1024\" height=\"683\" src=\"https:\/\/diariodominicano.com\/wp-content\/uploads\/2023\/09\/Cristian-Pimentel-el-cronista-deportivo-Jose-Antonio-Mena-junto-al-director-del-evento-Ambiorix-Vidal.-1024x683.jpg\" alt=\"\" class=\"wp-image-474946\" srcset=\"https:\/\/diariodominicano.com\/wp-content\/uploads\/2023\/09\/Cristian-Pimentel-el-cronista-deportivo-Jose-Antonio-Mena-junto-al-director-del-evento-Ambiorix-Vidal.-1024x683.jpg 1024w, https:\/\/diariodominicano.com\/wp-content\/uploads\/2023\/09\/Cristian-Pimentel-el-cronista-deportivo-Jose-Antonio-Mena-junto-al-director-del-evento-Ambiorix-Vidal.-300x200.jpg 300w, https:\/\/diariodominicano.com\/wp-content\/uploads\/2023\/09\/Cristian-Pimentel-el-cronista-deportivo-Jose-Antonio-Mena-junto-al-director-del-evento-Ambiorix-Vidal.-768x512.jpg 768w, https:\/\/diariodominicano.com\/wp-content\/uploads\/2023\/09\/Cristian-Pimentel-el-cronista-deportivo-Jose-Antonio-Mena-junto-al-director-del-evento-Ambiorix-Vidal.-1536x1024.jpg 1536w, https:\/\/diariodominicano.com\/wp-content\/uploads\/2023\/09\/Cristian-Pimentel-el-cronista-deportivo-Jose-Antonio-Mena-junto-al-director-del-evento-Ambiorix-Vidal.-2048x1365.jpg 2048w, https:\/\/diariodominicano.com\/wp-content\/uploads\/2023\/09\/Cristian-Pimentel-el-cronista-deportivo-Jose-Antonio-Mena-junto-al-director-del-evento-Ambiorix-Vidal.-816x544.jpg 816w\" sizes=\"auto, (max-width: 1024px) 100vw, 1024px\" \/><figcaption> Cristian Pimentel,\u00a0el cronista deportivo Jos\u00e9 Antonio Mena, junto al director del evento, Ambiorix Vidal. <\/figcaption><\/figure>\n\n\n\n<p>En la novena edici\u00f3n del concurrido evento, los Estudiantes del Calmelita (2-0) lideran el grupo Metropolitano, secundados por Reyes de la Capital (1-1), Metro de Villa Mella (1-1), Astros del Ol\u00edmpico (1-1) e Indios Orientales (0-2).<\/p>\n\n\n\n<figure class=\"wp-block-image size-large\"><img loading=\"lazy\" decoding=\"async\" width=\"1024\" height=\"575\" src=\"https:\/\/diariodominicano.com\/wp-content\/uploads\/2023\/09\/Acto-inauguracion-1024x575.jpg\" alt=\"\" class=\"wp-image-474948\" srcset=\"https:\/\/diariodominicano.com\/wp-content\/uploads\/2023\/09\/Acto-inauguracion-1024x575.jpg 1024w, https:\/\/diariodominicano.com\/wp-content\/uploads\/2023\/09\/Acto-inauguracion-300x168.jpg 300w, https:\/\/diariodominicano.com\/wp-content\/uploads\/2023\/09\/Acto-inauguracion-768x431.jpg 768w, https:\/\/diariodominicano.com\/wp-content\/uploads\/2023\/09\/Acto-inauguracion-1536x862.jpg 1536w, https:\/\/diariodominicano.com\/wp-content\/uploads\/2023\/09\/Acto-inauguracion-2048x1150.jpg 2048w, https:\/\/diariodominicano.com\/wp-content\/uploads\/2023\/09\/Acto-inauguracion-816x458.jpg 816w\" sizes=\"auto, (max-width: 1024px) 100vw, 1024px\" \/><figcaption>El acto de inauguraci\u00f3n<\/figcaption><\/figure>\n\n\n\n<p>Acto de inauguraci\u00f3n<\/p>\n\n\n\n<p>El acto inaugural inici\u00f3 con la presentaci\u00f3n del comunicador Juan Frank Kranwinkel, quien hizo el llamado a las autoridades presentes, entre ellos el presidente de la Asociaci\u00f3n de B\u00e9isbol de la Provincia Santo Domingo, Cristian Pimentel y el cronista deportivo Jos\u00e9 Antonio Mena.<\/p>\n\n\n\n<p>Luego se entonaron las notas del himno nacional.<\/p>\n\n\n\n<p>Mena hizo el lance de honor, Pimentel lo recibi\u00f3.<\/p>\n\n\n\n<p>Tanto el dirigente de b\u00e9isbol, como el cronista deportivo, elogiaron el Cl\u00e1sico de Peque\u00f1as Ligas, un evento de primer nivel que celebra este a\u00f1o su novena edici\u00f3n.<\/p>\n\n\n\n<p>Mientras que Ambiorix Vidal, director general del evento, hizo una cronolog\u00eda desde el inicio del torneo y hasta este 2023. Se mostr\u00f3 regocijado por la acogida del evento con los equipos participantes.<\/p>\n\n\n\n<p>Dio gracias a las marcas que patrocinan a\u00f1o tras a\u00f1o el torneo, entre ellos el Inefi y Gatorade.<\/p>\n\n\n\n<p>El jugador de los Metros de Villa Mella, Engel Garc\u00eda, tuvo a su cargo el juramento deportivo.<\/p>\n\n\n\n<p>Todos los partidos ser\u00e1n transmitidos por Youtube. Adem\u00e1s del Juego de Estrellas y la gran final, que va por el canal CDN Deportes.<\/p>\n\n\n\n<p>En el torneo se\u00a0juegan\u00a054\u00a0partidos, entre septiembre y\u00a0octubre, todos en los plays de softbol del Centro Ol\u00edmpico Juan Pablo Duarte.\u00a0<\/p>\n\n\n\n<p>Bienvenido Carmona P\u00e9rez<a target=\"_blank\" href=\"mailto:bienvenidocarmona@gmail.com\" rel=\"noreferrer noopener\">bienvenidocarmona@gmail.com<\/a><\/p>\n","protected":false},"excerpt":{"rendered":"<p>Los equipos participantes del torneo. Equipo 1 Equipo 2 SANTO DOMINGO.-&nbsp;El equipo de Halcones de Santiago asume el liderato del&nbsp;Cl\u00e1sico de Peque\u00f1as Ligas de B\u00e9isbol 2023, que tiene como embajador al director ejecutivo del Inefi, Alberto Rodr\u00edguez Mella. Los Halcones (2-0) comandan el grupo Nacional, seguidos de Bravos del Sur (2-0), Estrellas de San Isidro [&hellip;]<\/p>\n","protected":false},"author":28,"featured_media":474942,"comment_status":"closed","ping_status":"","sticky":false,"template":"","format":"standard","meta":{"footnotes":""},"categories":[36,17,32],"tags":[],"class_list":["post-474941","post","type-post","status-publish","format-standard","has-post-thumbnail","hentry","category-hombresmujeresycosas","category-deportes","category-turismo"],"_links":{"self":[{"href":"https:\/\/diariodominicano.com\/index.php?rest_route=\/wp\/v2\/posts\/474941","targetHints":{"allow":["GET"]}}],"collection":[{"href":"https:\/\/diariodominicano.com\/index.php?rest_route=\/wp\/v2\/posts"}],"about":[{"href":"https:\/\/diariodominicano.com\/index.php?rest_route=\/wp\/v2\/types\/post"}],"author":[{"embeddable":true,"href":"https:\/\/diariodominicano.com\/index.php?rest_route=\/wp\/v2\/users\/28"}],"replies":[{"embeddable":true,"href":"https:\/\/diariodominicano.com\/index.php?rest_route=%2Fwp%2Fv2%2Fcomments&post=474941"}],"version-history":[{"count":9,"href":"https:\/\/diariodominicano.com\/index.php?rest_route=\/wp\/v2\/posts\/474941\/revisions"}],"predecessor-version":[{"id":474957,"href":"https:\/\/diariodominicano.com\/index.php?rest_route=\/wp\/v2\/posts\/474941\/revisions\/474957"}],"wp:featuredmedia":[{"embeddable":true,"href":"https:\/\/diariodominicano.com\/index.php?rest_route=\/wp\/v2\/media\/474942"}],"wp:attachment":[{"href":"https:\/\/diariodominicano.com\/index.php?rest_route=%2Fwp%2Fv2%2Fmedia&parent=474941"}],"wp:term":[{"taxonomy":"category","embeddable":true,"href":"https:\/\/diariodominicano.com\/index.php?rest_route=%2Fwp%2Fv2%2Fcategories&post=474941"},{"taxonomy":"post_tag","embeddable":true,"href":"https:\/\/diariodominicano.com\/index.php?rest_route=%2Fwp%2Fv2%2Ftags&post=474941"}],"curies":[{"name":"wp","href":"https:\/\/api.w.org\/{rel}","templated":true}]}}