{"id":474916,"date":"2023-09-26T01:20:51","date_gmt":"2023-09-26T05:20:51","guid":{"rendered":"http:\/\/diariodominicano.com\/?p=474916"},"modified":"2023-09-26T01:29:23","modified_gmt":"2023-09-26T05:29:23","slug":"actividades-culturales-en-santiago-esta-semana","status":"publish","type":"post","link":"https:\/\/diariodominicano.com\/?p=474916","title":{"rendered":"Actividades culturales en Santiago \u00e9sta semana"},"content":{"rendered":"\n<p>Ballet Folkl\u00f3rico Nacional <\/p>\n\n\n\n<p>Por: CARLOS RICARDO FONDEUR MORONTA.<\/p>\n\n\n\n<p>En el Gran Teatro del Cibao Martes 26:<\/p>\n\n\n\n<p>Santiago De los Caballeros. El Gran Teatro del Cibao, Fundaci\u00f3n Josefina Mini\u00f1o, Inc. y el Colegio La Hora de Dios realizar\u00e1n \u00e9ste martes 26, a las dos de la tarde, la Charla Did\u00e1ctica \u201cSembrando Folclore\u201d, bajo la direcci\u00f3n y coordinaci\u00f3n general de la eminente bailarina y core\u00f3grafa Francia Josefina Mini\u00f1o, a quien se le considera una de las figuras emblem\u00e1ticas del arte dominicano<\/p>\n\n\n\n<figure class=\"wp-block-image\"><img decoding=\"async\" src=\"https:\/\/mail.google.com\/mail\/u\/1?ui=2&amp;ik=e6c115171d&amp;attid=0.3&amp;permmsgid=msg-f:1778036631499978611&amp;th=18acdae55a303773&amp;view=fimg&amp;fur=ip&amp;sz=s0-l75-ft&amp;attbid=ANGjdJ9qLyw7nF_-q5FNW9tMPZ1gbRwska4N12AtLCh9pFD8Ew6dJxr97GCbUA4cNuC6yOqAQ5kBhTR27L_CgGteLEReUixP_IG7GvqVPC4KB7Gw52hHo4Q7ha3OC30&amp;disp=emb&amp;realattid=ii_lmz8rx1c2\" alt=\"image.png\"\/><figcaption>Francia Josefina Mini\u00f1o<\/figcaption><\/figure>\n\n\n\n<figure class=\"wp-block-image\"><img decoding=\"async\" src=\"https:\/\/mail.google.com\/mail\/u\/1?ui=2&amp;ik=e6c115171d&amp;attid=0.2&amp;permmsgid=msg-f:1778036631499978611&amp;th=18acdae55a303773&amp;view=fimg&amp;fur=ip&amp;sz=s0-l75-ft&amp;attbid=ANGjdJ-xggKIzNMYzKa4YgtoaCwoMLF_UOFDZ1Vs-kq5RkIE07w6033dBpomud1rx0LO-qt0FhMp0hy1xrvEDSzuwCuLl9yqveY-iJmjg5fGMBHX8dfuIeZt4YLOTcI&amp;disp=emb&amp;realattid=ii_lmz8r3en1\" alt=\"image.png\"\/><figcaption>Gran Teatro del Cibao en<br>Santiago de los Caballeros.<\/figcaption><\/figure>\n\n\n\n<p>La charla cultural, forma parte del programa de actividades que auspicia el Ministerio de Cultura de la Rep\u00fablica Dominicana, la Gobernaci\u00f3n del Gran Teatro del Cibao, el Colegio La Hora de Dios e instituciones sin fines de lucro del pa\u00eds, donde se explicar\u00e1n detalles did\u00e1cticos acerca del folklore y la relaci\u00f3n entre ballet y danza folcl\u00f3rica.<\/p>\n\n\n\n<p>Al evento, han sido invitadas personalidades de la regi\u00f3n del Cibao, relacionadas con el teatro, bailes folcl\u00f3ricos (saber popular), cantos, alegor\u00edas y d\u00e9cimas escritas por conocidos poetas nacionales.<\/p>\n\n\n\n<p>El Gran Teatro del Cibao es una r\u00e9plica estructural y organizativa del Teatro Nacional de la Rep\u00fablica Dominicana y se ubica en el espacio entre el Hotel Mat\u00fam y el Monumento a los H\u00e9roes de la Restauraci\u00f3n, en el municipio Santiago de los Caballeros. Su n\u00famero telef\u00f3nico disponible para consultas es el&nbsp; (809)&nbsp;971-2003.<\/p>\n\n\n\n<figure class=\"wp-block-image size-full\"><img loading=\"lazy\" decoding=\"async\" width=\"562\" height=\"343\" src=\"https:\/\/diariodominicano.com\/wp-content\/uploads\/2023\/09\/image-3-1.png\" alt=\"\" class=\"wp-image-474922\" srcset=\"https:\/\/diariodominicano.com\/wp-content\/uploads\/2023\/09\/image-3-1.png 562w, https:\/\/diariodominicano.com\/wp-content\/uploads\/2023\/09\/image-3-1-300x183.png 300w\" sizes=\"auto, (max-width: 562px) 100vw, 562px\" \/><figcaption>Miembros de la Asociaci\u00f3n Dominicana de<br><br>Fot\u00f3grafos de la Naturaleza (ADFONA). \u00a0\u00a0<\/figcaption><\/figure>\n\n\n\n<p>En la Sociedad Cultural Alianza Cibae\u00f1a, viernes 29:<\/p>\n\n\n\n<p>La Sociedad Cultural Alianza Cibae\u00f1a, que posee una de las m\u00e1s antiguas bibliotecas del pa\u00eds, en coordinaci\u00f3n y colaboraci\u00f3n de la Asociaci\u00f3n Dominicana de Fot\u00f3grafos de la Naturaleza (ADFONA), realizar\u00e1 la apertura de la exposici\u00f3n fotogr\u00e1fica \u201cAves End\u00e9micas de la Rep\u00fablica Dominicana\u201d, que incluye una ponencia audiovisual conteniendo fotos realizadas por el grupo de fot\u00f3grafos profesionales acerca de \u201caves End\u00e9micas de La Espa\u00f1ola\u201d.<\/p>\n\n\n\n<p>La exposici\u00f3n y disertaci\u00f3n audio-visual, iniciar\u00e1 el viernes 29 de septiembre a las siete de la noche en el sal\u00f3n principal de la Alianza Cibae\u00f1a, ubicada en la calle Beller casi esquina San Luis, en el Centro Hist\u00f3rico de Santiago de los Caballeros y contar\u00e1 con un dispositivo de seguridad en sus alrededores, a los fines de garantizar la libre y segura asistencia de los interesados.<\/p>\n\n\n\n<p>El grupo de fot\u00f3grafos profesionales, se dedica a la recolecci\u00f3n de datos fotogr\u00e1ficos acerca de la flora y fauna de la Rep\u00fablica Dominicana. La actividad expositora se extender\u00e1 durante la semana. La actividad, coincide con la celebraci\u00f3n del D\u00eda Mundial de las Enfermedades del Coraz\u00f3n, de la cual la Rep\u00fablica Dominicana es signataria.<\/p>\n\n\n\n<p><strong>El autor es periodista, ensayista literario, cr\u00edtico de cine, articulista, residente en Santiago de los Caballeros, Rep\u00fablica Dominicana.<\/strong><\/p>\n","protected":false},"excerpt":{"rendered":"<p>Ballet Folkl\u00f3rico Nacional Por: CARLOS RICARDO FONDEUR MORONTA. En el Gran Teatro del Cibao Martes 26: Santiago De los Caballeros. El Gran Teatro del Cibao, Fundaci\u00f3n Josefina Mini\u00f1o, Inc. y el Colegio La Hora de Dios realizar\u00e1n \u00e9ste martes 26, a las dos de la tarde, la Charla Did\u00e1ctica \u201cSembrando Folclore\u201d, bajo la direcci\u00f3n y [&hellip;]<\/p>\n","protected":false},"author":28,"featured_media":474917,"comment_status":"closed","ping_status":"","sticky":true,"template":"","format":"standard","meta":{"footnotes":""},"categories":[21,36,25,27,32],"tags":[],"class_list":["post-474916","post","type-post","status-publish","format-standard","has-post-thumbnail","hentry","category-cultura","category-hombresmujeresycosas","category-gente","category-portada","category-turismo"],"_links":{"self":[{"href":"https:\/\/diariodominicano.com\/index.php?rest_route=\/wp\/v2\/posts\/474916","targetHints":{"allow":["GET"]}}],"collection":[{"href":"https:\/\/diariodominicano.com\/index.php?rest_route=\/wp\/v2\/posts"}],"about":[{"href":"https:\/\/diariodominicano.com\/index.php?rest_route=\/wp\/v2\/types\/post"}],"author":[{"embeddable":true,"href":"https:\/\/diariodominicano.com\/index.php?rest_route=\/wp\/v2\/users\/28"}],"replies":[{"embeddable":true,"href":"https:\/\/diariodominicano.com\/index.php?rest_route=%2Fwp%2Fv2%2Fcomments&post=474916"}],"version-history":[{"count":7,"href":"https:\/\/diariodominicano.com\/index.php?rest_route=\/wp\/v2\/posts\/474916\/revisions"}],"predecessor-version":[{"id":474925,"href":"https:\/\/diariodominicano.com\/index.php?rest_route=\/wp\/v2\/posts\/474916\/revisions\/474925"}],"wp:featuredmedia":[{"embeddable":true,"href":"https:\/\/diariodominicano.com\/index.php?rest_route=\/wp\/v2\/media\/474917"}],"wp:attachment":[{"href":"https:\/\/diariodominicano.com\/index.php?rest_route=%2Fwp%2Fv2%2Fmedia&parent=474916"}],"wp:term":[{"taxonomy":"category","embeddable":true,"href":"https:\/\/diariodominicano.com\/index.php?rest_route=%2Fwp%2Fv2%2Fcategories&post=474916"},{"taxonomy":"post_tag","embeddable":true,"href":"https:\/\/diariodominicano.com\/index.php?rest_route=%2Fwp%2Fv2%2Ftags&post=474916"}],"curies":[{"name":"wp","href":"https:\/\/api.w.org\/{rel}","templated":true}]}}