{"id":474899,"date":"2023-09-26T01:01:53","date_gmt":"2023-09-26T05:01:53","guid":{"rendered":"http:\/\/diariodominicano.com\/?p=474899"},"modified":"2023-09-26T01:15:00","modified_gmt":"2023-09-26T05:15:00","slug":"canciller-roberto-alvarez-destaca-expansion-de-la-diplomacia-dominicana-durante-apertura-semana-dominicana-2023","status":"publish","type":"post","link":"https:\/\/diariodominicano.com\/?p=474899","title":{"rendered":"Canciller Roberto \u00c1lvarez destaca expansi\u00f3n de la Diplomacia Dominicana durante apertura Semana Dominicana 2023"},"content":{"rendered":"\n<figure class=\"wp-block-image size-large\"><img loading=\"lazy\" decoding=\"async\" width=\"1024\" height=\"682\" src=\"https:\/\/diariodominicano.com\/wp-content\/uploads\/2023\/09\/unnamed-4-2-1024x682.jpg\" alt=\"\" class=\"wp-image-474908\" srcset=\"https:\/\/diariodominicano.com\/wp-content\/uploads\/2023\/09\/unnamed-4-2-1024x682.jpg 1024w, https:\/\/diariodominicano.com\/wp-content\/uploads\/2023\/09\/unnamed-4-2-300x200.jpg 300w, https:\/\/diariodominicano.com\/wp-content\/uploads\/2023\/09\/unnamed-4-2-768x512.jpg 768w, https:\/\/diariodominicano.com\/wp-content\/uploads\/2023\/09\/unnamed-4-2-1536x1023.jpg 1536w, https:\/\/diariodominicano.com\/wp-content\/uploads\/2023\/09\/unnamed-4-2-816x544.jpg 816w, https:\/\/diariodominicano.com\/wp-content\/uploads\/2023\/09\/unnamed-4-2.jpg 1600w\" sizes=\"auto, (max-width: 1024px) 100vw, 1024px\" \/><\/figure>\n\n\n\n<figure class=\"wp-block-image size-large\"><img loading=\"lazy\" decoding=\"async\" width=\"1024\" height=\"75\" src=\"https:\/\/diariodominicano.com\/wp-content\/uploads\/2023\/09\/AMCHAMDR-1024x75.png\" alt=\"\" class=\"wp-image-474914\" srcset=\"https:\/\/diariodominicano.com\/wp-content\/uploads\/2023\/09\/AMCHAMDR-1024x75.png 1024w, https:\/\/diariodominicano.com\/wp-content\/uploads\/2023\/09\/AMCHAMDR-300x22.png 300w, https:\/\/diariodominicano.com\/wp-content\/uploads\/2023\/09\/AMCHAMDR-768x56.png 768w, https:\/\/diariodominicano.com\/wp-content\/uploads\/2023\/09\/AMCHAMDR-816x60.png 816w, https:\/\/diariodominicano.com\/wp-content\/uploads\/2023\/09\/AMCHAMDR.png 1200w\" sizes=\"auto, (max-width: 1024px) 100vw, 1024px\" \/><\/figure>\n\n\n\n<figure class=\"wp-block-table\"><table><tbody><tr><td><\/td><\/tr><\/tbody><\/table><\/figure>\n\n\n\n<figure class=\"wp-block-table\"><table><tbody><tr><td>WASHINGTON D.C.- Con el izamiento de la bandera dominicana en la residencia de la embajadora de la Rep\u00fablica Dominicana en Estados Unidos, Sonia Guzm\u00e1n, inici\u00f3 la trig\u00e9simo primera edici\u00f3n de Semana Dominicana en EE. UU, es, un evento que ha servido por m\u00e1s de tres d\u00e9cadas para estrechar lazos pol\u00edticos, comerciales, sociales y culturales entre ambos pa\u00edses.<br><br><br>Esta entrega, celebrada en el marco del centenario de la C\u00e1mara Americana de Comercio de la Rep\u00fablica Dominicana, se concentrar\u00e1 en promover a la Rep\u00fablica Dominicana como destino de Nearshore y Hub Log\u00edstico Regional, mostrando los avances en el pa\u00eds en materia de facilitaci\u00f3n de comercio; Estado de Derecho; las oportunidades de Alianza P\u00fablico Privada existentes en diferentes sectores de la econom\u00eda nacional y m\u00e1s t\u00f3picos, seg\u00fan dijo Edwin De los Santos, durante su discurso inaugural.<br><br>En este sentido, De los Santos se\u00f1al\u00f3 que la importante agenda que desarrollar\u00e1 la delegaci\u00f3n de SEMDOM 2023 en Washington D.C. y Nueva York acercar\u00e1 al pa\u00eds a lograr importantes hitos que podr\u00edan influir en el ecosistema econ\u00f3mico de la Rep\u00fablica Dominicana, promoviendo las inversiones e intercambios comerciales entre ambos pa\u00edses.<br><br>\u201cEste a\u00f1o cumpliremos con una importante agenda en donde abordaremos temas prioritarios para nosotros y el pa\u00eds como: la d\u00e9cima edici\u00f3n de la Cumbre de las Am\u00e9ricas, que se celebrar\u00e1 en el RD en el 2025; el relacionamiento con la di\u00e1spora dominicana; los avances en materia de facilitaci\u00f3n de comercio y burocracia cero; energ\u00edas renovables; la implementaci\u00f3n de Global Entry en RD, con la cual AMCHAMDR est\u00e1 en total disposici\u00f3n de colaborar; y por supuesto, el desarrollo y la promoci\u00f3n del turismo dominicano\u201d, dijo De los Santos.<br><br>En sus palabras de apertura, el canciller Roberto \u00c1lvarez explic\u00f3 c\u00f3mo el Gobierno dominicano fortalece las relaciones internacionales del pa\u00eds a trav\u00e9s de la implementaci\u00f3n de la nueva pol\u00edtica exterior, con la cual ha logrado la expansi\u00f3n del n\u00famero de pa\u00edses con quienes Rep\u00fablica Dominicana tiene relaciones diplom\u00e1ticas, as\u00ed como la apertura de embajadas en lugares estrat\u00e9gicos, entre ellos Guyana, y pr\u00f3ximamente Arabia Saudita. Tambi\u00e9n destac\u00f3 el estrechamiento de lazos con la Uni\u00f3n Europea, Estados Unidos y con los pa\u00edses del Caribe como Jamaica, Bahamas, Surinam y Antigua&nbsp;y&nbsp;Barbuda.<br><br>De su lado, la embajadora dominicana en Washington D.C., Sonia Guzm\u00e1n agradeci\u00f3 a toda la delegaci\u00f3n presente de Semana Dominicana en su trig\u00e9simo primera edici\u00f3n, augurando una exitosa misi\u00f3n, en la que se puedan estrechar a\u00fan m\u00e1s las relaciones entre ambas naciones.<br><br>\u201cEs un honor para la Embajada recibirlos, sean todos bienvenidos a esta Semana Dominicana, celebrada dentro del centenario de AMCHAMDR, espero sea fruct\u00edfera para todos y para que podamos continuar estrechando los lazos entre nuestro gran amigo y socio, los Estados Unidos de Am\u00e9rica\u201d, dijo la diplom\u00e1tica dominicana.<br><br>Posterior a esto, el grupo visit\u00f3 a Jennifer Bachus, subsecretaria adjunta del Departamento de Estado de los Estados Unidos, en donde conversar\u00e1n sobre transformaci\u00f3n digital y ciberseguridad. Luego, una delegaci\u00f3n se reuni\u00f3 con Eduardo Garc\u00eda, asistente especial de la misma entidad estadounidense para hablar sobre el Americas Partnership for Economic Prosperity (APEP). Continuando con las visitas en el Departamento de Estado, los participantes de SEMDOM conversaron con el subsecretario adjunto, Juan Gonz\u00e1lez y Katherine Beamer, directora de la Oficina para Asuntos del Caribe, con quienes abordaron t\u00f3picos relacionados al Nearshore.<br><br>Posterior a esto, el Comit\u00e9 Ejecutivo de AMCHAMDR realiz\u00f3 una reuni\u00f3n con directivos del programa CHIPS del Departamento de Estado, para conversar sobre los esfuerzos recientes de Estados Unidos en el \u00e1mbito de los semiconductores y c\u00f3mo la Rep\u00fablica Dominicana podr\u00eda desempe\u00f1ar un papel vital en esta iniciativa.<br><br>El d\u00eda culminar\u00e1 con una cena, en la que est\u00e1 invitado John Murphy, vicepresidente senior de Pol\u00edticas Internacionales de la U.S. Chamber, en donde los asistentes conocer\u00e1n desde la perspectiva de Murphy sobre las tendencias geopol\u00edticas y geoecon\u00f3micas y sus implicaciones para las empresas estadounidenses y la pol\u00edtica comercial de Estados Unidos.<br><\/td><\/tr><\/tbody><\/table><\/figure>\n\n\n\n<figure class=\"wp-block-image size-large is-resized\"><img loading=\"lazy\" decoding=\"async\" src=\"https:\/\/diariodominicano.com\/wp-content\/uploads\/2023\/09\/unnamed-2-1-1024x682.jpg\" alt=\"\" class=\"wp-image-474904\" width=\"604\" height=\"402\" srcset=\"https:\/\/diariodominicano.com\/wp-content\/uploads\/2023\/09\/unnamed-2-1-1024x682.jpg 1024w, https:\/\/diariodominicano.com\/wp-content\/uploads\/2023\/09\/unnamed-2-1-300x200.jpg 300w, https:\/\/diariodominicano.com\/wp-content\/uploads\/2023\/09\/unnamed-2-1-768x512.jpg 768w, https:\/\/diariodominicano.com\/wp-content\/uploads\/2023\/09\/unnamed-2-1-1536x1023.jpg 1536w, https:\/\/diariodominicano.com\/wp-content\/uploads\/2023\/09\/unnamed-2-1-816x544.jpg 816w, https:\/\/diariodominicano.com\/wp-content\/uploads\/2023\/09\/unnamed-2-1.jpg 1600w\" sizes=\"auto, (max-width: 604px) 100vw, 604px\" \/><figcaption>La Embajadora Sonia Guzm\u00e1n<\/figcaption><\/figure>\n\n\n\n<figure class=\"wp-block-image size-large\"><img loading=\"lazy\" decoding=\"async\" width=\"1024\" height=\"682\" src=\"https:\/\/diariodominicano.com\/wp-content\/uploads\/2023\/09\/unnamed-3-1-1024x682.jpg\" alt=\"\" class=\"wp-image-474902\" srcset=\"https:\/\/diariodominicano.com\/wp-content\/uploads\/2023\/09\/unnamed-3-1-1024x682.jpg 1024w, https:\/\/diariodominicano.com\/wp-content\/uploads\/2023\/09\/unnamed-3-1-300x200.jpg 300w, https:\/\/diariodominicano.com\/wp-content\/uploads\/2023\/09\/unnamed-3-1-768x512.jpg 768w, https:\/\/diariodominicano.com\/wp-content\/uploads\/2023\/09\/unnamed-3-1-1536x1023.jpg 1536w, https:\/\/diariodominicano.com\/wp-content\/uploads\/2023\/09\/unnamed-3-1-816x544.jpg 816w, https:\/\/diariodominicano.com\/wp-content\/uploads\/2023\/09\/unnamed-3-1.jpg 1600w\" sizes=\"auto, (max-width: 1024px) 100vw, 1024px\" \/><\/figure>\n\n\n\n<figure class=\"wp-block-image size-large\"><img loading=\"lazy\" decoding=\"async\" width=\"1024\" height=\"682\" src=\"https:\/\/diariodominicano.com\/wp-content\/uploads\/2023\/09\/unnamed-5-1-1024x682.jpg\" alt=\"\" class=\"wp-image-474909\" srcset=\"https:\/\/diariodominicano.com\/wp-content\/uploads\/2023\/09\/unnamed-5-1-1024x682.jpg 1024w, https:\/\/diariodominicano.com\/wp-content\/uploads\/2023\/09\/unnamed-5-1-300x200.jpg 300w, https:\/\/diariodominicano.com\/wp-content\/uploads\/2023\/09\/unnamed-5-1-768x512.jpg 768w, https:\/\/diariodominicano.com\/wp-content\/uploads\/2023\/09\/unnamed-5-1-1536x1023.jpg 1536w, https:\/\/diariodominicano.com\/wp-content\/uploads\/2023\/09\/unnamed-5-1-816x544.jpg 816w, https:\/\/diariodominicano.com\/wp-content\/uploads\/2023\/09\/unnamed-5-1.jpg 1600w\" sizes=\"auto, (max-width: 1024px) 100vw, 1024px\" \/><\/figure>\n\n\n\n<p>Comunicaciones AMCHAMDR<a target=\"_blank\" href=\"mailto:comunicaciones@amcham.org.do\" rel=\"noreferrer noopener\">comunicaciones@amcham.org.do<\/a><\/p>\n","protected":false},"excerpt":{"rendered":"<p>WASHINGTON D.C.- Con el izamiento de la bandera dominicana en la residencia de la embajadora de la Rep\u00fablica Dominicana en Estados Unidos, Sonia Guzm\u00e1n, inici\u00f3 la trig\u00e9simo primera edici\u00f3n de Semana Dominicana en EE. UU, es, un evento que ha servido por m\u00e1s de tres d\u00e9cadas para estrechar lazos pol\u00edticos, comerciales, sociales y culturales entre [&hellip;]<\/p>\n","protected":false},"author":28,"featured_media":474900,"comment_status":"closed","ping_status":"","sticky":true,"template":"","format":"standard","meta":{"footnotes":""},"categories":[36,20,27,32],"tags":[],"class_list":["post-474899","post","type-post","status-publish","format-standard","has-post-thumbnail","hentry","category-hombresmujeresycosas","category-dominicana-hoy","category-portada","category-turismo"],"_links":{"self":[{"href":"https:\/\/diariodominicano.com\/index.php?rest_route=\/wp\/v2\/posts\/474899","targetHints":{"allow":["GET"]}}],"collection":[{"href":"https:\/\/diariodominicano.com\/index.php?rest_route=\/wp\/v2\/posts"}],"about":[{"href":"https:\/\/diariodominicano.com\/index.php?rest_route=\/wp\/v2\/types\/post"}],"author":[{"embeddable":true,"href":"https:\/\/diariodominicano.com\/index.php?rest_route=\/wp\/v2\/users\/28"}],"replies":[{"embeddable":true,"href":"https:\/\/diariodominicano.com\/index.php?rest_route=%2Fwp%2Fv2%2Fcomments&post=474899"}],"version-history":[{"count":8,"href":"https:\/\/diariodominicano.com\/index.php?rest_route=\/wp\/v2\/posts\/474899\/revisions"}],"predecessor-version":[{"id":474915,"href":"https:\/\/diariodominicano.com\/index.php?rest_route=\/wp\/v2\/posts\/474899\/revisions\/474915"}],"wp:featuredmedia":[{"embeddable":true,"href":"https:\/\/diariodominicano.com\/index.php?rest_route=\/wp\/v2\/media\/474900"}],"wp:attachment":[{"href":"https:\/\/diariodominicano.com\/index.php?rest_route=%2Fwp%2Fv2%2Fmedia&parent=474899"}],"wp:term":[{"taxonomy":"category","embeddable":true,"href":"https:\/\/diariodominicano.com\/index.php?rest_route=%2Fwp%2Fv2%2Fcategories&post=474899"},{"taxonomy":"post_tag","embeddable":true,"href":"https:\/\/diariodominicano.com\/index.php?rest_route=%2Fwp%2Fv2%2Ftags&post=474899"}],"curies":[{"name":"wp","href":"https:\/\/api.w.org\/{rel}","templated":true}]}}